
{"id":518,"date":"2008-12-18T00:14:35","date_gmt":"2008-12-17T23:14:35","guid":{"rendered":"http:\/\/passent.blog.polityka.pl\/?p=518"},"modified":"2008-12-18T00:14:35","modified_gmt":"2008-12-17T23:14:35","slug":"sprawy-personalne","status":"publish","type":"post","link":"https:\/\/blog.polityka.pl\/passent\/2008\/12\/18\/sprawy-personalne\/","title":{"rendered":"Sprawy personalne"},"content":{"rendered":"<p>W czasach mojej m\u0142odo\u015bci, kiedy jeszcze odbywa\u0142o si\u0119 wiele zebra\u0144, najwi\u0119kszym zainteresowaniem cieszy\u0142 si\u0119 przedostatni punkt porz\u0105dku dziennego \u2013 sprawy personalne. (Ostatnie by\u0142y wolne wnioski). Teraz zebra\u0144 jest mniej, ale zainteresowanie to samo, o czym \u015bwiadczy np. zainteresowanie medi\u00f3w rywalizacj\u0105 Olejniczak \u2013 Napieralski w SLD. Korzystam z tego zainteresowania, \u017ceby poruszy\u0107 kilka spraw \u201epersonalnych\u201d, za kt\u00f3rymi kryj\u0105 si\u0119 sprawy powa\u017cniejsze.<\/p>\n<p><strong>BOGDAN RYMANOWSKI<\/strong> (TVN 24) zosta\u0142 Dziennikarzem Roku w plebiscycie miesi\u0119cznika \u201ePress\u201d. Oznacza to kolejny sukces dziennikarstwa telewizyjnego, gor\u0105cego, kt\u00f3re polega na szybkim, bezkompromisowym i bezceremonialnym przepytywaniu polityk\u00f3w zaproszonych do studia b\u0105d\u017a moderowaniu ich dyskusji. Ostre pytanie \u2013 kr\u00f3tka\u00a0 odpowied\u017a, to esencja tego gatunku. Nazywa to si\u0119 debat\u0105 albo dyskursem, ale nie jest to m\u00f3j ulubiony gatunek dziennikarstwa. To dziennikarstwo oparte na zasadzie \u201eim gor\u0119cej \u2013 tym lepiej\u201d. Ja bym wola\u0142 rozmowy\u00a0 typu \u201ecool\u201d, ale to nie jest chyba w telewizji mo\u017cliwe.\u00a0 Fakt, \u017ce Dziennikarz Roku wybierany jest w plebiscycie redakcji z ca\u0142ej Polski potwierdza tylko, i\u017c takie dziennikarstwo cieszy si\u0119 najwy\u017cszym uznaniem w bran\u017cy. R\u00f3wnie\u017c tytu\u0142y program\u00f3w TV, kt\u00f3re wesz\u0142y do fina\u0142u nagrody za reporta\u017c telewizyjny, m\u00f3wi\u0105 wiele za siebie: \u201eObcinanie palc\u00f3w\u201d, \u201eSeksafera w ratuszu\u201d, \u201ePolicyjne tortury\u201d, \u201ePomoc w \u015bmierci\u201d, \u201eTajemnicze porwanie\u201d i \u201eMatka\u201d (o kobiecie, kt\u00f3ra urodzi\u0142a si\u0119 bez r\u0105k i potrafi cieszy\u0107 si\u0119 macierzy\u0144stwem\u201d).<\/p>\n<p><strong>BRONIS\u0141AW KOMOROWSKI<\/strong> zosta\u0142 przy\u0142apany przez gor\u0105ce medium TVN, jak jecha\u0142 w swojej limuzynie, prowadzonej przez kierowc\u0119, z szybko\u015bci\u0105 140 km na godzin\u0119 na ulicach miasta. W programie \u201eTeraz My\u201d Marsza\u0142ek usi\u0142owa\u0142 spraw\u0119 zbagatelizowa\u0107, tak\u017ce Grzegorz Schetyna, wymieniany cz\u0119sto jako nast\u0119pca Donalda Tuska na stanowisku premiera, usi\u0142owa\u0142 broni\u0107 partyjnego kolegi \u201ena weso\u0142o\u201d. Uwa\u017cam to za\u00a0 niedopuszczalne. Przekroczenie dozwolonej szybko\u015bci by\u0142o ogromne, ilo\u015b\u0107 wypadk\u00f3w jest zastraszaj\u0105ca, taka te\u017c jest arogancja w\u0142adzy. Ci ludzie s\u0105 po prostu rozpuszczeni \u2013 od marsza\u0142ka po jego kierowc\u0119, kt\u00f3ry jest prawdopodobnie funkcjonariuszem BOR. Zapewne gdyby przy\u0142apa\u0142a ich policja, sko\u0144czy\u0142oby si\u0119 na pokazaniu \u201eerki\u201d. Na tym tle zmala\u0142a te\u017c przewina Jacka Kurskiego, kt\u00f3ry przynajmniej sam si\u0119 ukara\u0142. Przy ca\u0142ym szacunku dla marsza\u0142ka \u2013 powinien zrozumie\u0107 sw\u00f3j b\u0142\u0105d i wyrazi\u0107 skruch\u0119, a kierowca te\u017c nie jest bez winy. Podobnie jak dziennikarze TVN, kt\u00f3rzy gonili limuzyn\u0119 marsza\u0142ka, jad\u0105c ponad 100 km na godz.<\/p>\n<p><strong>ZBIGNIEW ZIOBRO<\/strong> przegra\u0142 proces z dr. G., zosta\u0142 skazany na 30 tys. plus przeproszenie w\u00a0 czasie najwy\u017cszej ogl\u0105dalno\u015bci w g\u0142\u00f3wnych telewizjach. W sumie jego koszty maj\u0105 wynie\u015b\u0107 kilkaset tys. z\u0142otych, wstawi\u0142 si\u0119 za nim nawet Stefan Niesio\u0142owski. Ja nie mam dla Ziobry lito\u015bci i popieram wyrok s\u0105du. Od dawna m\u00f3wi\u0142o si\u0119, \u017ce fal\u0119 bezpodstawnych oskar\u017ce\u0144 najlepiej powstrzyma\u0107 tak, jak w USA, gdzie kary za oszczerstwo czy znies\u0142awienie s\u0105 bardzo wysokie. Mnie si\u0119 to podoba. Nie mo\u017cna ubolewa\u0107 nad brutalno\u015bci\u0105 \u201edebaty\u201d publicznej i jednocze\u015bnie pob\u0142a\u017ca\u0107 oszczercom. Popieram wnoszenie skarg do s\u0105d\u00f3w i popieram surowe kary pieni\u0119\u017cne. Je\u015bli ju\u017c bi\u0107 \u2013 to po portfelu.\u00a0 Podoba\u0142 mi si\u0119 tak\u017ce \u017cart pos\u0142a Palikota, kt\u00f3ry powiedzia\u0142, \u017ce kupi mieszkanie od Ziobry i urz\u0105dzi w nim muzeum IV RP. Nie wszystkie wypowiedzi Palikota mi si\u0119 podoba\u0142y (pisa\u0142em o tym na tym blogu , za co oberwa\u0142em od wielu blogowicz\u00f3w), ale ta by\u0142a dowcipna i absolutnie grzeczna. Muzeum IV RP chyba nie powstanie, ale b\u0119dziemy mieli muzeum komunizmu, muzeum Kres\u00f3w, muzeum historii Polski, muzeum historii \u017byd\u00f3w, Muzeum Solidarno\u015bci, muzeum stosunk\u00f3w polsko &#8211; niemieckich, muzeum II Wojny\u00a0 \u015awiatowej i wiele innych (prosz\u0119 o uzupe\u0142nienie listy). Potrzeba nam wielu Ziobr\u00f3w i wielu Palikot\u00f3w, \u017ceby te wszystkie muzea sfinansowa\u0107.<\/p>\n<p>***<\/p>\n<p><strong>PS<\/strong>.<\/p>\n<p><strong>Feliks Stychowski<\/strong> myli si\u0119 chyba, pisz\u0105c, \u017ce na czele rosyjskiej Solidarno\u015bci maj\u0105 stan\u0105\u0107 \u201ema\u0142o znani dzia\u0142acze, niejaki Niemcow i Kasparow, znany li tylko z zaskakuj\u0105cych gambit\u00f3w\u201d. Niemcow jest politykiem znanym, tak\u017ce Kasparow od lat nie ukrywa swoich pogl\u0105d\u00f3w, jest dzia\u0142aczem opozycji, pisze tak\u017ce swoje komentarze (felietony) w wielkiej gazecie \u201eWall Street Journal\u201d.<\/p>\n<p><strong>Szachista<\/strong> \u2013 bardzo dzi\u0119kuj\u0119 za link do artyku\u0142u prof. Jana Hartmana z UJ o pa\u0144stwie wyznaniowym w Polsce. Ciekawa i pouczaj\u0105ca lektura. (<strong>Jasny Gwint<\/strong> te\u017c przeczyta\u0142 i nie \u017ca\u0142uje.)<\/p>\n<p><strong>Hlmi<\/strong> krytykuje s\u0142usznie moj\u0105 niefortunn\u0105 uwag\u0119 nt. pos\u0142a \u017belichowskiego, \u017ce \u201ewidz\u0119 go w kana\u0142ach\u201d. Przepraszam i pozdrawiam.<\/p>\n","protected":false},"excerpt":{"rendered":"<p>W czasach mojej m\u0142odo\u015bci, kiedy jeszcze odbywa\u0142o si\u0119 wiele zebra\u0144, najwi\u0119kszym zainteresowaniem cieszy\u0142 si\u0119 przedostatni punkt porz\u0105dku dziennego \u2013 sprawy personalne. (Ostatnie by\u0142y wolne wnioski). Teraz zebra\u0144 jest mniej, ale zainteresowanie to samo, o czym \u015bwiadczy np. zainteresowanie medi\u00f3w rywalizacj\u0105 Olejniczak \u2013 Napieralski w SLD. Korzystam z tego zainteresowania, \u017ceby poruszy\u0107 kilka spraw \u201epersonalnych\u201d, za [&hellip;]<\/p>\n","protected":false},"author":4,"featured_media":0,"comment_status":"open","ping_status":"open","sticky":false,"template":"","format":"standard","meta":{"footnotes":""},"categories":[1],"tags":[],"_links":{"self":[{"href":"https:\/\/blog.polityka.pl\/passent\/wp-json\/wp\/v2\/posts\/518"}],"collection":[{"href":"https:\/\/blog.polityka.pl\/passent\/wp-json\/wp\/v2\/posts"}],"about":[{"href":"https:\/\/blog.polityka.pl\/passent\/wp-json\/wp\/v2\/types\/post"}],"author":[{"embeddable":true,"href":"https:\/\/blog.polityka.pl\/passent\/wp-json\/wp\/v2\/users\/4"}],"replies":[{"embeddable":true,"href":"https:\/\/blog.polityka.pl\/passent\/wp-json\/wp\/v2\/comments?post=518"}],"version-history":[{"count":0,"href":"https:\/\/blog.polityka.pl\/passent\/wp-json\/wp\/v2\/posts\/518\/revisions"}],"wp:attachment":[{"href":"https:\/\/blog.polityka.pl\/passent\/wp-json\/wp\/v2\/media?parent=518"}],"wp:term":[{"taxonomy":"category","embeddable":true,"href":"https:\/\/blog.polityka.pl\/passent\/wp-json\/wp\/v2\/categories?post=518"},{"taxonomy":"post_tag","embeddable":true,"href":"https:\/\/blog.polityka.pl\/passent\/wp-json\/wp\/v2\/tags?post=518"}],"curies":[{"name":"wp","href":"https:\/\/api.w.org\/{rel}","templated":true}]}}