
{"id":5180,"date":"2019-02-17T20:44:17","date_gmt":"2019-02-17T19:44:17","guid":{"rendered":"https:\/\/passent.blog.polityka.pl\/?p=5180"},"modified":"2019-02-17T21:38:12","modified_gmt":"2019-02-17T20:38:12","slug":"morawiecki-stchorzyl","status":"publish","type":"post","link":"https:\/\/blog.polityka.pl\/passent\/2019\/02\/17\/morawiecki-stchorzyl\/","title":{"rendered":"Morawiecki stch\u00f3rzy\u0142"},"content":{"rendered":"<p>Moim skromnym zdaniem premier Morawiecki odwo\u0142a\u0142 sw\u00f3j udzia\u0142 w szczycie V4 (grupa wyszehradzka) w Jerozolimie bardziej ze wzgl\u0119du na zbli\u017caj\u0105ce si\u0119 wybory ni\u017c ze wzgl\u0119du na to, \u017ce premier Netanjahu obrazi\u0142 nar\u00f3d polski.<br \/>\n<!--more--><br \/>\nMniejsza o to, czy premier Izraela, a potem ambasador Izraela, kancelaria premiera Izraela, \u201eJerusalem Post\u201d powiedzieli, \u017ce \u201ePolacy pomagali Niemcom\u201d, \u201eniekt\u00f3rzy Polacy pomagali\u201d, \u201enar\u00f3d polski pomaga\u0142\u201d itp. Wiadomo, o co chodzi. Liczy si\u0119 to, jak by\u0142o naprawd\u0119, a jak by\u0142o \u2013 \u015bwietnie <a href=\"https:\/\/hartman.blog.polityka.pl\/2019\/02\/15\/czy-polacy-pomagali-niemcom-w-zagladzie-zydow\/\" rel=\"noopener\" target=\"_blank\">opisa\u0142 prof. Hartman na swoim blogu<\/a>.<\/p>\n<p>Kto chce dowiedzie\u0107 si\u0119 wi\u0119cej, mo\u017ce sobie poczyta\u0107 znakomite prace Barbary Engelking, Jana Grabowskiego i wielu innych. Badania nad histori\u0105 stosunk\u00f3w polsko-\u017cydowskich rozwijaj\u0105 si\u0119 w Polsce imponuj\u0105co. \u017beby minister Gli\u0144ski stawa\u0142 na g\u0142owie i wymieni\u0142 prof. Stol\u0119, dyrektora Muzeum Polin, i wszystkich innych dyrektor\u00f3w, \u017ceby wszystkie podr\u0119czniki historii podawa\u0142y tylko jedn\u0105, oficjaln\u0105, lukrowan\u0105 wersj\u0119 historii, ja wiem swoje: zosta\u0142em przez Polak\u00f3w ocalony, a moi Rodzice zostali przez Polak\u00f3w zdradzeni. Koniec, kropka.<\/p>\n<p>Dop\u00f3ki nie uznamy prawdy, tak jak w sprawie \u017co\u0142nierzy wykl\u0119tych, dop\u00f3ki minister edukacji (!) Zalewska b\u0119dzie kr\u0119ci\u0107 w sprawie, kto kogo zamordowa\u0142 w Kielcach, dop\u00f3ty ten bezsensowny sp\u00f3r nauki z propagand\u0105 b\u0119dzie trwa\u0142. Trzeba spojrze\u0107 prawdzie w oczy i tak jak inne narody rozliczy\u0107 si\u0119 z przesz\u0142o\u015bci\u0105, zamkn\u0105\u0107 ten problem. Przyzna\u0107, \u017ce nie wszyscy byli \u015bwi\u0119ci. Nasz, polski rz\u0105d powinien wspiera\u0107 niezale\u017cne badania, nawet je\u017celi nie s\u0105 one po jego my\u015bli. Nie przejmowa\u0107 si\u0119 tym, co napisze jaka\u015b gazeta czy powie jaki\u015b polityk, zaprzesta\u0107 polowania na krzywdz\u0105ce oskar\u017cenia, a ca\u0142\u0105 swoj\u0105 energi\u0119 skierowa\u0107 na ujawnianie i szerzenie prawdy historycznej.<\/p>\n<p>Niedawno ukaza\u0142a si\u0119 bardzo interesuj\u0105ca ksi\u0105\u017cka Katarzyny Person, historyczki z \u017bydowskiego Instytutu Historycznego, pt. \u201ePolicjanci\u201d, o policji \u017cydowskiej (\u017bydowska S\u0142u\u017cba Porz\u0105dkowa) w getcie warszawskim. Jest to ksi\u0105\u017cka bardzo bolesna, zw\u0142aszcza dla \u017byd\u00f3w, ale to jest jedyna droga, \u017ceby pogodzi\u0107 si\u0119 z przesz\u0142o\u015bci\u0105. T\u0105 drog\u0105 nale\u017cy pod\u0105\u017ca\u0107.<\/p>\n<p>Na tym tle rezygnacja premiera Morawieckiego z wyjazdu na szczyt V4 w Jerozolimie jest \u017ca\u0142osna. Morawiecki stch\u00f3rzy\u0142. \u015awiadczy o tym, \u017ce polski premier ma kompleksy, obra\u017ca si\u0119 w imieniu nas wszystkich. Zamiast tego nale\u017cy zapozna\u0107 si\u0119 samemu z histori\u0105 Polski, pokaza\u0107 Netanjahu, jak rozwijaj\u0105 si\u0119 u nas badania i jakie s\u0105 ustalenia powa\u017cnych historyk\u00f3w.<\/p>\n<p>Tymczasem premier Morawiecki kierowa\u0142 si\u0119 nadchodz\u0105cymi wyborami. Za chwil\u0119 wybory europejskie i parlamentarne w Polsce. PMM nie chcia\u0142 narazi\u0107 si\u0119 swojemu elektoratowi. Wyborcy PiS s\u0105 jednorodni etnicznie, jednorodni religijnie (to katolickie pa\u0144stwo narodu polskiego), a ich partia nie chce by\u0107 przelicytowana pod wzgl\u0119dem patriotyzmu. Dla Morawieckiego wa\u017cniejsze s\u0105 g\u0142osy prawicy ni\u017c dochodzenie prawdy.<\/p>\n","protected":false},"excerpt":{"rendered":"<p>Dla Morawieckiego wa\u017cniejsze s\u0105 g\u0142osy prawicy ni\u017c dochodzenie prawdy.<\/p>\n","protected":false},"author":4,"featured_media":5184,"comment_status":"open","ping_status":"closed","sticky":false,"template":"","format":"standard","meta":{"footnotes":""},"categories":[1],"tags":[],"_links":{"self":[{"href":"https:\/\/blog.polityka.pl\/passent\/wp-json\/wp\/v2\/posts\/5180"}],"collection":[{"href":"https:\/\/blog.polityka.pl\/passent\/wp-json\/wp\/v2\/posts"}],"about":[{"href":"https:\/\/blog.polityka.pl\/passent\/wp-json\/wp\/v2\/types\/post"}],"author":[{"embeddable":true,"href":"https:\/\/blog.polityka.pl\/passent\/wp-json\/wp\/v2\/users\/4"}],"replies":[{"embeddable":true,"href":"https:\/\/blog.polityka.pl\/passent\/wp-json\/wp\/v2\/comments?post=5180"}],"version-history":[{"count":4,"href":"https:\/\/blog.polityka.pl\/passent\/wp-json\/wp\/v2\/posts\/5180\/revisions"}],"predecessor-version":[{"id":5185,"href":"https:\/\/blog.polityka.pl\/passent\/wp-json\/wp\/v2\/posts\/5180\/revisions\/5185"}],"wp:featuredmedia":[{"embeddable":true,"href":"https:\/\/blog.polityka.pl\/passent\/wp-json\/wp\/v2\/media\/5184"}],"wp:attachment":[{"href":"https:\/\/blog.polityka.pl\/passent\/wp-json\/wp\/v2\/media?parent=5180"}],"wp:term":[{"taxonomy":"category","embeddable":true,"href":"https:\/\/blog.polityka.pl\/passent\/wp-json\/wp\/v2\/categories?post=5180"},{"taxonomy":"post_tag","embeddable":true,"href":"https:\/\/blog.polityka.pl\/passent\/wp-json\/wp\/v2\/tags?post=5180"}],"curies":[{"name":"wp","href":"https:\/\/api.w.org\/{rel}","templated":true}]}}