
{"id":5186,"date":"2019-02-19T23:34:36","date_gmt":"2019-02-19T22:34:36","guid":{"rendered":"https:\/\/passent.blog.polityka.pl\/?p=5186"},"modified":"2019-02-20T11:25:21","modified_gmt":"2019-02-20T10:25:21","slug":"dwie-prawdy","status":"publish","type":"post","link":"https:\/\/blog.polityka.pl\/passent\/2019\/02\/19\/dwie-prawdy\/","title":{"rendered":"Dwie prawdy?"},"content":{"rendered":"<p>Z jednej strony jest \u201eprawda\u201d wobec Polski i Polak\u00f3w krzywdz\u0105ca, wroga, p\u0142yn\u0105ca z ignorancji, stereotyp\u00f3w lub po prostu ze zlej z\u0142ej woli. To jest \u201eprawda\u201d Andrei Mitchell, znanej dziennikarki z NBC, wedle kt\u00f3rej powstanie w getcie warszawskim wymierzone by\u0142o przeciwko re\u017cimom &#8211; polskiemu i nazistowskiemu.<br \/>\n<!--more--><br \/>\nSk\u0142onny jestem przypisa\u0107 te s\u0142owa (za kt\u00f3re autorka przeprosi\u0142a) po prostu ignorancji i arogancji, lenistwu umys\u0142owemu wobec rozpowszechnionej w USA kalki. Kalki, kt\u00f3ra zreszt\u0105 nie bierze si\u0119 znik\u0105d, stoj\u0105 za ni\u0105 imigranci, kt\u00f3rzy ocaleli z piek\u0142a niemieckiej okupacji na polskiej ziemi.<\/p>\n<p>Dalej idzie wersja premiera Netanjahu, kt\u00f3ry w muzeum Polin powiedzia\u0142, \u017ce Polacy kolaborowali z Niemcami w Zag\u0142adzie \u017byd\u00f3w. To ju\u017c nie wynika z niewiedzy, wszak w czerwcu ubieg\u0142ego roku ten sam Netanjahu podpisa\u0142 z premierem Morawieckim wsp\u00f3ln\u0105 deklaracj\u0119, kt\u00f3ra co prawda jest daleka od doskona\u0142o\u015bci (stawia na jednej p\u0142aszczy\u017anie antypolonizm i antysemityzm), ale powinna stanowi\u0107 dla premiera Izraela lekcj\u0119 historii i polskiej wra\u017cliwo\u015bci.<\/p>\n<p>Takich uog\u00f3lnie\u0144 jak m\u00f3wienie per \u201ePolacy\u201d polityk powinien si\u0119 wystrzega\u0107, nawet w czasie kampanii wyborczej. Wiadomo, \u017ce Polacy nie b\u0119d\u0105 mieli nic przeciwko m\u00f3wieniu, \u017ce wiele by\u0142o po polskiej stronie Dobra, ale \u017ce nie brak\u0142o i Z\u0142a. Szef rz\u0105du izraelskiego, b\u0119d\u0105c w dodatku na ziemi polskiej, w Polin, powinien uszanowa\u0107 wra\u017cliwo\u015b\u0107 gospodarzy, nie m\u00f3wi\u0105c ju\u017c o prawdzie historycznej.<\/p>\n<p>Wreszcie jest absolutnie niedopuszczalna \u201eprawda\u201d ministra Katza o Polakach, \u017ce wyssali antysemityzm z mlekiem matki. Co prawda polski internet pe\u0142en jest antysemickich wpis\u00f3w, ale nie uprawnia to do os\u0105dzania ca\u0142ego narodu i kraju, w kt\u00f3rym Polacy i \u017bydzi wsp\u00f3\u0142\u017cyj\u0105 w harmonii, a kultura \u017cydowska od\u017cywa i kwitnie.<\/p>\n<p>Z drugiej strony jest polityka historyczna w Polsce, zwana pedagogik\u0105 dumy, kt\u00f3ra opiera si\u0119 na zasadzie \u201eco z\u0142ego, to nie my\u201d, pomniejsza ciemne strony i uwypukla jasne, gotowa jest uzna\u0107, \u017ce owszem, tu i \u00f3wdzie mia\u0142y miejsce akty bestialstwa, ale ogromna wi\u0119kszo\u015b\u0107 Polak\u00f3w \u2013 mimo zagro\u017cenia kar\u0105 \u015bmierci \u2013 wyci\u0105ga\u0142a do \u017byd\u00f3w pomocn\u0105 r\u0119k\u0119 i pod tym wzgl\u0119dem nie ma sobie r\u00f3wnych na \u015bwiecie. Nawet minister edukacji, zgodnie z t\u0105 polityk\u0105, nie jest pewna, kto kogo mordowa\u0142 w czasie pogromu kieleckiego. Stereotyp \u017cydokomuny ma jeszcze swoich wyznawc\u00f3w, a prof. Dariusz Stola, dyrektor muzeum Polin, jest na wylocie.<\/p>\n<p>\u017badna z tych prawd nie jest prawdziwa, \u017cadne uog\u00f3lnienie prawdziwe nie jest i nie b\u0119dzie. Prawda nie le\u017cy te\u017c po\u015brodku. Konieczne jest uszanowanie wra\u017cliwo\u015bci drugiej strony, pokora, wzajemne zrozumienie i ostro\u017cno\u015b\u0107 w ferowaniu wyrok\u00f3w.<\/p>\n","protected":false},"excerpt":{"rendered":"<p>\u017badna z tych prawd nie jest prawdziwa.<\/p>\n","protected":false},"author":4,"featured_media":5193,"comment_status":"open","ping_status":"closed","sticky":false,"template":"","format":"standard","meta":{"footnotes":""},"categories":[1],"tags":[],"_links":{"self":[{"href":"https:\/\/blog.polityka.pl\/passent\/wp-json\/wp\/v2\/posts\/5186"}],"collection":[{"href":"https:\/\/blog.polityka.pl\/passent\/wp-json\/wp\/v2\/posts"}],"about":[{"href":"https:\/\/blog.polityka.pl\/passent\/wp-json\/wp\/v2\/types\/post"}],"author":[{"embeddable":true,"href":"https:\/\/blog.polityka.pl\/passent\/wp-json\/wp\/v2\/users\/4"}],"replies":[{"embeddable":true,"href":"https:\/\/blog.polityka.pl\/passent\/wp-json\/wp\/v2\/comments?post=5186"}],"version-history":[{"count":5,"href":"https:\/\/blog.polityka.pl\/passent\/wp-json\/wp\/v2\/posts\/5186\/revisions"}],"predecessor-version":[{"id":5191,"href":"https:\/\/blog.polityka.pl\/passent\/wp-json\/wp\/v2\/posts\/5186\/revisions\/5191"}],"wp:featuredmedia":[{"embeddable":true,"href":"https:\/\/blog.polityka.pl\/passent\/wp-json\/wp\/v2\/media\/5193"}],"wp:attachment":[{"href":"https:\/\/blog.polityka.pl\/passent\/wp-json\/wp\/v2\/media?parent=5186"}],"wp:term":[{"taxonomy":"category","embeddable":true,"href":"https:\/\/blog.polityka.pl\/passent\/wp-json\/wp\/v2\/categories?post=5186"},{"taxonomy":"post_tag","embeddable":true,"href":"https:\/\/blog.polityka.pl\/passent\/wp-json\/wp\/v2\/tags?post=5186"}],"curies":[{"name":"wp","href":"https:\/\/api.w.org\/{rel}","templated":true}]}}