
{"id":519,"date":"2008-12-22T00:01:25","date_gmt":"2008-12-21T23:01:25","guid":{"rendered":"http:\/\/passent.blog.polityka.pl\/?p=519"},"modified":"2008-12-22T00:01:25","modified_gmt":"2008-12-21T23:01:25","slug":"klopoty-pana-boga","status":"publish","type":"post","link":"https:\/\/blog.polityka.pl\/passent\/2008\/12\/22\/klopoty-pana-boga\/","title":{"rendered":"K\u0142opoty Pana Boga"},"content":{"rendered":"<p>\u015awi\u0119ta Bo\u017cego Narodzenia nie by\u0142y beztroskie dla Pana Boga. Z najbardziej kiedy\u015b katolickich pa\u0144stw Europy \u2013 z Polski i z Hiszpanii \u2013 p\u0142yn\u0105 do nieba niepokoj\u0105ce sygna\u0142y. W ankiecie \u201eEuropy\u201d (dodatek do \u201eDziennika\u201d) prof. Marcin Kr\u00f3l, historyk idei, \u017caden ateista ani komunista \u2013 wr\u0119cz przeciwnie &#8211; pisze o \u201enies\u0142ychanym upadku cn\u00f3t opartych na religii czy wierze w \u017cyciu publicznym\u201d, \u201et\u0119 pod\u0142o\u015b\u0107 wida\u0107 tak\u017ce w episkopacie (\u2026) wiem, jak biskupi zachowuj\u0105 si\u0119 na co dzie\u0144. Nisko\u015b\u0107 tych zachowa\u0144 jest zdumiewaj\u0105ca. Dokona\u0142o si\u0119 co\u015b fundamentalnego \u2013 Ko\u015bci\u00f3\u0142 w Polsce straci\u0142 cnot\u0119. (\u2026) Nie ma \u017cadnych racjonalnych powod\u00f3w, by szanowa\u0107 episkopat\u201d. Kr\u00f3l pisze o \u201edegeneracji Ko\u015bcio\u0142a\u201d, \u201edramatycznym\u201d spadku frekwencji podczas nabo\u017ce\u0144stw. Ko\u015bci\u00f3\u0142 zajmuje si\u0119 ci\u0105gle \u201ewalk\u0105 z permisywizmem seksualnym we wszystkich mo\u017cliwych postaciach i walk\u0105 z alkoholem, co zreszt\u0105 jest nieszczera, bo znaczna cz\u0119\u015b\u0107 ksi\u0119\u017cy cz\u0119sto po niego si\u0119ga\u201d. W ostatnim zdaniu Kr\u00f3l pisze, \u017ce \u201esekularyzacj\u0119 Ko\u015bci\u00f3\u0142 zafundowa\u0142 sobie sam\u201d.<\/p>\n<p>W tej\u017ce ankiecie prof. Bronis\u0142aw \u0141agowski, \u201elewicowy konserwatysta\u201d(je\u015bli tak mo\u017cna napisa\u0107), cz\u0119sto i z aprobat\u0105 na tym blogu cytowany, stwierdza, \u017ce polityczny katolicyzm, kt\u00f3ry funkcjonuje obecnie w Polsce, wydaje mu si\u0119 \u201eg\u0142upi i szkodliwy\u201d. Ko\u015bci\u00f3\u0142 jest zach\u0142anny, \u201eSta\u0142 si\u0119 pot\u0119g\u0105, kt\u00f3ra nie zadowala si\u0119 niczym i korzysta z koniunktury politycznej, aby odzyskiwa\u0107 dobra materialne. Czyni to bez \u017cadnych hamulc\u00f3w, dokonuj\u0105c ra\u017c\u0105cych nadu\u017cy\u0107\u201d. Moralno\u015b\u0107 od religii zosta\u0142a w Polsce rozdzielona. \u201eHierarchowie oraz politycy i dziennikarze, demonstruj\u0105c religijno\u015b\u0107 i zaanga\u017cowanie w sprawy Ko\u015bcio\u0142a, pozwalaj\u0105 sobie na niebywa\u0142y cynizm (\u2026) Wszystkie telewizje, zar\u00f3wno prywatne jak i pa\u0144stwowe, s\u0105 tubami propagandowymi Ko\u015bcio\u0142a (\u2026) organizuje si\u0119 co\u015b w rodzaju zbiorowego ob\u0142\u0119du moralno &#8211; religijnego. Z Ko\u015bcio\u0142em liczy si\u0119 Sejm, w\u0142adza wojew\u00f3dzka i \u2013 co zdumiewaj\u0105ce &#8211; tak\u017ce uniwersytet: nie ma ju\u017c uroczysto\u015bci akademickich, kt\u00f3re nie zaczyna\u0142yby si\u0119 od mszy.\u201d<\/p>\n<p>Takim j\u0119zykiem o Ko\u015bciele nie m\u00f3wi\u0142o si\u0119 ju\u017c od dawna. Kryzys tej instytucji, a tak\u017ce i wiary, jest znacznie bardziej rozleg\u0142y ni\u017c to si\u0119 wydaje. Na drugim ko\u0144cu Europy, w Hiszpanii, dzieje si\u0119 to samo. Wybitny socjolog i politolog Victor Perez-Diaz (kilka jego ksi\u0105\u017cek ukaza\u0142o si\u0119 w Polsce), odleg\u0142y od lewicy, sk\u0105din\u0105d krytyk obecnego rz\u0105du Zapatero, w eseju \u201eReligijno\u015b\u0107 hiszpa\u0144ska na rozstajach\u201d pisze, \u017ce od kiedy w latach 70. rozpocz\u0119\u0142a si\u0119 transformacja demokratyczna, \u201etysi\u0105ce ksi\u0119\u017cy i zakonnik\u00f3w zerwa\u0142o \u015bluby\u201d, liczba zakonnik\u00f3w spad\u0142a do poziomu lat 1930., a liczba ksi\u0119\u017cy pozostaje bez zmian, chocia\u017c ludno\u015b\u0107 Hiszpanii prawie si\u0119 podwoi\u0142a. Ko\u015bci\u00f3\u0142 nie umie odnale\u017a\u0107 si\u0119 w nowych warunkach. By\u0142 przyzwyczajony do uk\u0142adania si\u0119 z w\u0142adz\u0105 \u2013 dyktatorsk\u0105, a potem liberaln\u0105 \u2013 tymczasem teraz trzeba uk\u0142ada\u0107 si\u0119 ze spo\u0142ecze\u0144stwem obywatelskim, a tu brak wsp\u00f3lnego j\u0119zyka. Skutek: wzrost liczby rozwod\u00f3w ( w ub. roku 200 tys. zawartych ma\u0142\u017ce\u0144stw i 125 tys. rozwod\u00f3w), 28 proc. dzieci urodzi\u0142o si\u0119 poza ma\u0142\u017ce\u0144stwem, spada zainteresowanie lekcjami religioznawstwa (wybiera je po\u0142owa uczni\u00f3w szk\u00f3\u0142 \u015brednich), tylko 1\/3 podatnik\u00f3w godzi si\u0119 przeznacza\u0107 odsetek podatku na Ko\u015bci\u00f3\u0142. Spadek liczby zawieranych ma\u0142\u017ce\u0144stw prowadzi do spadku odsetka dzieci chrzczonych.<\/p>\n<p>A jakie s\u0105 w tej sytuacji priorytety Ko\u015bcio\u0142a? Wed\u0142ug Pereza-Diaza s\u0105 trzy: Pieni\u0105dze, edukacja i kontrola moralno\u015bci publicznej. Podobnie jak w Polsce, ro\u015bnie przepa\u015b\u0107 pomi\u0119dzy deklarowan\u0105 wiar\u0105, a uprawiana moralno\u015bci\u0105. Podczas kiedy (socjalistyczny) rz\u0105d i Ko\u015bci\u00f3\u0142 wojuj\u0105, \u201espo\u0142ecze\u0144stwo odp\u0142ywa\u201d. (Ca\u0142y esej Perez-Diaza ukaza\u0142 si\u0119 nak\u0142adem Fundacji Bertelsmanna.)<\/p>\n<p>Co na to Watykan? Przed \u015bwi\u0119tami \u201eWatykan ostro upomnia\u0142 Madryt\u201d \u2013 czytamy w \u201eRz.\u201d Abp Angelo Amato, prefekt Kongregacji Spraw Kanonizacyjnych i bliski wsp\u00f3\u0142pracownik Benedykta XVI, w ostrych s\u0142owach skrytykowa\u0142 Hiszpani\u0119 za kult pa\u0144stwa, jego wynoszenie ponad Ko\u015bci\u00f3\u0142, m\u00f3wi\u0142 o \u201epoga\u0144skim kulcie pa\u0144stwa, kt\u00f3re indoktrynuje m\u0142odzie\u017c\u201d a w szko\u0142ach, na lekcjach wychowania obywatelskiego dochodzi do \u201eantychrze\u015bcija\u0144skich prze\u015bladowa\u0144.\u201d A s\u0142awny watykanolog w\u0142oski, Marco Politi, podsumowuje dotychczasowy pontyfikat B. XVI jako zast\u00f3j i \u201enie, nie, nie\u201d.<\/p>\n<p>Wysz\u0142o na to, \u017ce najbardziej zgubny dla Ko\u015bcio\u0142a okaza\u0142 si\u0119 sukces w walce z bezbo\u017cnym komunizmem.\u00a0 Od kiedy zabrak\u0142o diab\u0142a, Pan B\u00f3g nie mo\u017ce si\u0119 odnale\u017a\u0107.<\/p>\n<p>***<\/p>\n<p>Radosnych, beztroskich \u015bwi\u0105t \u017cyczy gospodarz bloga.<\/p>\n","protected":false},"excerpt":{"rendered":"<p>\u015awi\u0119ta Bo\u017cego Narodzenia nie by\u0142y beztroskie dla Pana Boga. Z najbardziej kiedy\u015b katolickich pa\u0144stw Europy \u2013 z Polski i z Hiszpanii \u2013 p\u0142yn\u0105 do nieba niepokoj\u0105ce sygna\u0142y. W ankiecie \u201eEuropy\u201d (dodatek do \u201eDziennika\u201d) prof. Marcin Kr\u00f3l, historyk idei, \u017caden ateista ani komunista \u2013 wr\u0119cz przeciwnie &#8211; pisze o \u201enies\u0142ychanym upadku cn\u00f3t opartych na religii czy [&hellip;]<\/p>\n","protected":false},"author":4,"featured_media":0,"comment_status":"open","ping_status":"open","sticky":false,"template":"","format":"standard","meta":{"footnotes":""},"categories":[1],"tags":[],"_links":{"self":[{"href":"https:\/\/blog.polityka.pl\/passent\/wp-json\/wp\/v2\/posts\/519"}],"collection":[{"href":"https:\/\/blog.polityka.pl\/passent\/wp-json\/wp\/v2\/posts"}],"about":[{"href":"https:\/\/blog.polityka.pl\/passent\/wp-json\/wp\/v2\/types\/post"}],"author":[{"embeddable":true,"href":"https:\/\/blog.polityka.pl\/passent\/wp-json\/wp\/v2\/users\/4"}],"replies":[{"embeddable":true,"href":"https:\/\/blog.polityka.pl\/passent\/wp-json\/wp\/v2\/comments?post=519"}],"version-history":[{"count":0,"href":"https:\/\/blog.polityka.pl\/passent\/wp-json\/wp\/v2\/posts\/519\/revisions"}],"wp:attachment":[{"href":"https:\/\/blog.polityka.pl\/passent\/wp-json\/wp\/v2\/media?parent=519"}],"wp:term":[{"taxonomy":"category","embeddable":true,"href":"https:\/\/blog.polityka.pl\/passent\/wp-json\/wp\/v2\/categories?post=519"},{"taxonomy":"post_tag","embeddable":true,"href":"https:\/\/blog.polityka.pl\/passent\/wp-json\/wp\/v2\/tags?post=519"}],"curies":[{"name":"wp","href":"https:\/\/api.w.org\/{rel}","templated":true}]}}