
{"id":520,"date":"2008-12-28T17:31:39","date_gmt":"2008-12-28T16:31:39","guid":{"rendered":"http:\/\/passent.blog.polityka.pl\/?p=520"},"modified":"2008-12-28T17:31:39","modified_gmt":"2008-12-28T16:31:39","slug":"michnik-%e2%80%93-najgorszy-w-rzeczpospolitej-i-w-europie","status":"publish","type":"post","link":"https:\/\/blog.polityka.pl\/passent\/2008\/12\/28\/michnik-%e2%80%93-najgorszy-w-rzeczpospolitej-i-w-europie\/","title":{"rendered":"Michnik \u2013 najgorszy w Rzeczpospolitej i w Europie"},"content":{"rendered":"<p><strong>Michnik \u2013 ten si\u0119 potrafi urz\u0105dzi\u0107! Niby przegrany, zdemaskowany, passe, a wy\u0142azi zza ka\u017cdej choinki i w\u0142azi do ka\u017cdej szopki, mo\u015bci sobie pos\u0142anie w ka\u017cdej stajence. Ostatni weekend roku 2008 te\u017c nale\u017ca\u0142 do niego, mimo \u017ca\u0142osnych wysi\u0142k\u00f3w \u015aw. Miko\u0142aja i Woody Allena<\/strong>.<\/p>\n<p>We\u017amy, dla przyk\u0142adu, dodatek \u201eEuropa\u201d, do gazety \u201eDziennik\u201d. Celowo omijamy wst\u0119pniak \u201eo politycznej detronizacji medi\u00f3w, ideologii i Ko\u015bcio\u0142a\u201d, gdy\u017c media i dialog z Ko\u015bcio\u0142em &#8211; to pachnie Michnikiem na odleg\u0142o\u015b\u0107 (\u201eKo\u015bci\u00f3\u0142. Lewica. Dialog\u201d). Na wszelki wypadek pogr\u0105\u017camy si\u0119 w rozmowie ze znawc\u0105 Becketta &#8211; Antonim Liber\u0105. Panowie sobie gadu \u2013 gadu, pr\u0119dko schodz\u0105 na Michnika. &#8211; Ambicje Adama Michnika &#8211; czytamy \u2013 \u201enie mog\u0142y ograniczy\u0107 si\u0119 do dziennikarstwa, bo on jest z natury politycznym demiurgiem\u201d, zauwa\u017ca redaktor Michalski. \u201eTak\u201d \u2013 odpowiada pisarz. \u2013 Zdumiewa \u2013 dodaje, \u017ce tak niewielka grupa ludzi CZY WR\u0118CZ JEDNA OSOBA potrafi\u0142a narzuci\u0107 spo\u0142ecze\u0144stwu swoje standardy.\u201d (Podkr. Pass.)<\/p>\n<p>Dziennikarz usi\u0142uje pocieszy\u0107 pisarza: \u201e\u2026pomys\u0142 Michnika jest \u017cywy, ale jego polityczna sprawa upad\u0142a\u201d \u2013 m\u00f3wi. Pisarz jednak Michnikowi nie odpuszcza. Przypomina, \u017ce kiedy by\u0142 redaktorem \u201ePulsu\u201d, Michnik mia\u0142 inne zdanie na temat ksi\u0105\u017cki Jaruzelskiego, kt\u00f3r\u0105 \u201epromowa\u0142\u201d. Nawet Tomasz Lis, z regu\u0142y surowy i twardy, \u201eprzed Michnikiem jednak si\u0119 p\u0142aszczy\u0142 jak zastraszony ucze\u0144; nawet siedzia\u0142 jako\u015b inaczej\u201d. (Ja mia\u0142em wra\u017cenie przeciwne \u2013 \u017ce Lis czepia\u0142 si\u0119 Michnika, wyci\u0105ga\u0142 Maleszk\u0119, Rywina, Jaruzelskiego etc., marnuj\u0105c okazj\u0119 do powa\u017cnej rozmowy, pierwszej w TVP od pi\u0119ciu lat.) Powie\u015b\u0107 Antoniego Libery \u201eMadame\u201d bardzo mi si\u0119 podoba\u0142a, rozmowa w \u201eEuropie\u201d mniej, poniewa\u017c znawca Becketta okaza\u0142 si\u0119 kolejnym Michnikojadem.<\/p>\n<p>Nie on jeden. Na nast\u0119pnej kartce \u201eEuropy\u201d trwa festiwal Michnika. Rafa\u0142 Matyja, politolog, historyk, w eseju nt. polskiej transformacji, pisze o szkodliwo\u015bci Michnika i sp\u00f3\u0142ki. \u201ePrecyzyjny opis przesilenia, jakie mia\u0142o miejsce w latem 1989, autorstwa Antoniego Dudka, wskazuje na istnienie kilku alternatywnych kana\u0142\u00f3w kontaktu\u201d pomi\u0119dzy Kiszczakiem, Reykowskim i Kwa\u015bniewskim a \u201eAdamem Michnikiem, Jackiem Kuroniem i Bronis\u0142awem Geremkiem\u201d. Pozycja tych ostatnich \u201ewydawa\u0142a si\u0119 znakomita\u201d, zabiegali o siln\u0105 pozycj\u0119 w \u201eS\u201d, opanowali OKP i \u201eWyborcz\u0105\u201d.<\/p>\n<p>Maj\u0105c do\u015b\u0107 czytania o Michniku, odk\u0142adamy \u201eEurop\u0119\u201d i si\u0119gamy do dodatku \u201eKultura\u201d w tym\u017ce \u201eDzienniku\u201d. Do lektury wybieramy \u201eAlfabet Cezarego Michalskiego\u201d gdy\u017c jego has\u0142a wydaja nam si\u0119 bezpieczne (J\u00f3zef Czapski, Ludwik Dorn, Jakub Karpi\u0144ski). Niestety, wsz\u0119dobylski Michnik wcisn\u0105\u0142 si\u0119 i tutaj. Okazuje si\u0119, \u017ce Karpi\u0144ski zna\u0142 Michnika od kiedy by\u0142 licealist\u0105: \u201eNigdy nie widzia\u0142em, aby chocia\u017c na jedn\u0105 chwil\u0119 przesta\u0142 my\u015ble\u0107 o w\u0142asnej autopromocji\u201d.<\/p>\n<p>\u017beby ju\u017c na pewno uciec od Michnika, si\u0119gamy do konkurencyjnej \u201eRzeczpospolitej\u201d, kt\u00f3ra rywalizuje z \u201eDziennikiem\u201d o rz\u0105d dusz na prawicy. Niestety, tam r\u00f3wnie\u017c ta bestia si\u0119 pojawia. Poeta i redaktor Wencel si\u0119ga do dziej\u00f3w nienawi\u015bci w Polsce. Nienawi\u015b\u0107 to jeden z konik\u00f3w Michnika, trudno wi\u0119c, \u017ceby go nie by\u0142o. Poeta Wencel dochodzi do wniosku, \u017ce dop\u00f3ki nie by\u0142o lustracji \u2013 nie by\u0142o te\u017c nienawi\u015bci. Lustracja i nienawi\u015b\u0107 do niej to bli\u017ani\u0119ta bracia. \u201eDopiero ujawnienie przez ministra Antoniego Macierewicza os\u00f3b zarejestrowanych jako tajni wsp\u00f3\u0142pracownicy SB otworzy\u0142o puszk\u0119 Pandory.\u201d Z puszki wyskoczy\u0142a nienawi\u015b\u0107: \u201e5 czerwca 1992 r., nazajutrz po obaleniu rz\u0105du Jana Olszewskiego, w \u201eGazecie Wyborczej\u201d Adam Michnik nazwa\u0142 t\u0119 form\u0119 lustracji \u2018drog\u0105 do przekszta\u0142cenia \u017cycia Polak\u00f3w w piek\u0142o.\u201d Obok wydrukowano wiersz Wis\u0142awy Szymborskiej \u201eNienawi\u015b\u0107\u201d. \u201eTak si\u0119 zacz\u0119\u0142a wielka kariera s\u0142owa \u2018nienawi\u015b\u0107\u2019 w polskiej debacie publicznej. W tym samym miesi\u0105cu \u201eJacek Kuro\u0144 u\u017cy\u0142 w odniesieniu do Olszewskiego i Macierewicza okre\u015blenia \u2018chorzy z nienawi\u015bci\u2019, kt\u00f3re okaza\u0142o si\u0119 poj\u0119ciem nadzwyczaj trwa\u0142ym\u201d \u2013 pisze Wencel.<\/p>\n<p>Mamy wi\u0119c podan\u0105 dok\u0142adn\u0105 dat\u0119, kiedy zacz\u0119\u0142a si\u0119 kariera s\u0142owa \u201enienawi\u015b\u0107\u201d w Polsce, kariera kt\u00f3ra trwa, gdy\u017c nie brak ludzi, kt\u00f3rzy nienawidz\u0105 III RP, a przede wszystkim nienawidz\u0105 Michnika, kt\u00f3ry wsz\u0119dzie si\u0119 wepchnie. Ja rozumiem, \u017ce Michnik ma wiele grzech\u00f3w na sumieniu, jego \u201eGazeta\u201d to salon, koteria etc., nie recenzuje moich genialnych ksi\u0105\u017cek \u2013 wszystko to akurat prawda, ale ile mo\u017cna? On jedyny potrafi wzbudzi\u0107 nienawi\u015b\u0107 nawet w okresie Bo\u017cego Narodzenia i w przeddzie\u0144 Nowego Roku, kiedy wszyscy chrze\u015bcijanie mi\u0142uj\u0105 swoich bli\u017anich. Co w tym cz\u0142owieku jest tak wstr\u0119tnego, \u017ce nawet po stokro\u0107 zdemaskowany, opisany i przenicowany, zburzy ka\u017cd\u0105 szopk\u0119? \u017be wychodz\u0105 specjalne gazety, powstaj\u0105 listy otwarte i partie polityczne po\u015bwi\u0119cone temu nikczemnikowi? \u017be wci\u015bnie si\u0119 do ka\u017cdej stajenki?<\/p>\n<p>Michnik to najwi\u0119ksze z\u0142o w naszej szopce, w Rzeczpospolitej i w Europie. \u017ba\u0142uj\u0119, \u017ce jestem ju\u017c stary i Michnik mnie prze\u017cyje. Bo kiedy jego zabraknie, Rzeczpospolita odetchnie. Niestety, ju\u017c beze mnie.<\/p>\n<p>***<\/p>\n<p><strong>PS<\/strong>. Dzi\u0119kuj\u0119 wszystkim blogowiczom za \u017cyczenia dla naszego bloga i blogowicz\u00f3w (a tak\u017ce za ich komentarze), za \u017cyczenia dla \u201ePolityki\u201d i dla mnie. Wszystkim \u017cycz\u0119, \u017ceby w naszych mediach Nowy Rok nie by\u0142 Rokiem Psa, Rokiem Smoka ani Rokiem Michnika. Ja sam dosta\u0142em od Miko\u0142aja bilet na koncert Woody Allena (widocznie by\u0142em grzeczny). Troch\u0119 boj\u0119 si\u0119 p\u00f3j\u015b\u0107, bo mam do\u015b\u0107 Michnika, a on tam na pewno gra.<\/p>\n<p>Pani <strong>Teresa Stachurska<\/strong> \u2013 nie mog\u0119 si\u0119 wypowiedzie\u0107 nt. ksi\u0105\u017cki Naomi Klein, poniewa\u017c jej nie czyta\u0142em. Przeczyta\u0142em ostatnio b. grube ksi\u0105\u017cki historyk\u00f3w brytyjskich o Rosji: \u201eStalin. Dw\u00f3r czerwonego cara\u201d (760 stron), \u201eTaniec Nataszy\u201d (500), \u201eSzepty\u201d (600), a teraz czytam \u201ePotiomkin. Ksi\u0105\u017c\u0119 ksi\u0105\u017c\u0105t\u201d (700), mam ju\u017c za sob\u0105 400 stron, Katarzyna Wielka i Cesarz J\u00f3zef II wracaj\u0105 ju\u017c z wizyty u Potiomkina na Po\u0142udniu Rosji. Wszystkie te ksi\u0105\u017cki gor\u0105co polecam. \u015awietna lektura na 2009 rok.<\/p>\n","protected":false},"excerpt":{"rendered":"<p>Michnik \u2013 ten si\u0119 potrafi urz\u0105dzi\u0107! Niby przegrany, zdemaskowany, passe, a wy\u0142azi zza ka\u017cdej choinki i w\u0142azi do ka\u017cdej szopki, mo\u015bci sobie pos\u0142anie w ka\u017cdej stajence. Ostatni weekend roku 2008 te\u017c nale\u017ca\u0142 do niego, mimo \u017ca\u0142osnych wysi\u0142k\u00f3w \u015aw. Miko\u0142aja i Woody Allena. We\u017amy, dla przyk\u0142adu, dodatek \u201eEuropa\u201d, do gazety \u201eDziennik\u201d. Celowo omijamy wst\u0119pniak \u201eo politycznej [&hellip;]<\/p>\n","protected":false},"author":4,"featured_media":0,"comment_status":"open","ping_status":"open","sticky":false,"template":"","format":"standard","meta":{"footnotes":""},"categories":[1],"tags":[],"_links":{"self":[{"href":"https:\/\/blog.polityka.pl\/passent\/wp-json\/wp\/v2\/posts\/520"}],"collection":[{"href":"https:\/\/blog.polityka.pl\/passent\/wp-json\/wp\/v2\/posts"}],"about":[{"href":"https:\/\/blog.polityka.pl\/passent\/wp-json\/wp\/v2\/types\/post"}],"author":[{"embeddable":true,"href":"https:\/\/blog.polityka.pl\/passent\/wp-json\/wp\/v2\/users\/4"}],"replies":[{"embeddable":true,"href":"https:\/\/blog.polityka.pl\/passent\/wp-json\/wp\/v2\/comments?post=520"}],"version-history":[{"count":0,"href":"https:\/\/blog.polityka.pl\/passent\/wp-json\/wp\/v2\/posts\/520\/revisions"}],"wp:attachment":[{"href":"https:\/\/blog.polityka.pl\/passent\/wp-json\/wp\/v2\/media?parent=520"}],"wp:term":[{"taxonomy":"category","embeddable":true,"href":"https:\/\/blog.polityka.pl\/passent\/wp-json\/wp\/v2\/categories?post=520"},{"taxonomy":"post_tag","embeddable":true,"href":"https:\/\/blog.polityka.pl\/passent\/wp-json\/wp\/v2\/tags?post=520"}],"curies":[{"name":"wp","href":"https:\/\/api.w.org\/{rel}","templated":true}]}}