
{"id":5202,"date":"2019-02-24T23:22:13","date_gmt":"2019-02-24T22:22:13","guid":{"rendered":"https:\/\/passent.blog.polityka.pl\/?p=5202"},"modified":"2019-02-25T04:40:16","modified_gmt":"2019-02-25T03:40:16","slug":"mow-pan-do-reki","status":"publish","type":"post","link":"https:\/\/blog.polityka.pl\/passent\/2019\/02\/24\/mow-pan-do-reki\/","title":{"rendered":"M\u00f3w pan do r\u0119ki"},"content":{"rendered":"<p>Istnieje w narodzie powiedzenie, zwrot: \u201eM\u00f3w pan do r\u0119ki\u201d, czyli nie zawracaj g\u0142owy, nie \u017cadne brutto, nie bajeruj, nie opowiadaj, jaki ten m\u00f3j samoch\u00f3d jest poobijany, jakie ma zdarte opony, ile przejechanych kilometr\u00f3w ma na liczniku, tylko m\u00f3w pan konkretnie \u2013 ile pan za niego daje? Tak rozumiem program wyborczy Zjednoczonej Prawicy, czyli PiS, czyli prezesa, czyli Kaczy\u0144skiego. Ile pan daje za m\u00f3j g\u0142os, ale konkretnie, ile \u201ena r\u0119k\u0119\u201d? A PiS daje konkretn\u0105 odpowied\u017a: 500 z\u0142 na pierwsze dziecko plus 1100 z\u0142 na trzynast\u0105 emerytur\u0119 w tym roku (dalej mo\u017ce by\u0107 r\u00f3\u017cnie), plus zwolnienie od podatku do 26 lat \u017cycia i B\u00f3g wie, co jeszcze.<br \/>\n<!--more--><br \/>\nJako pokusa dla wyborc\u00f3w jest to propozycja nie do odrzucenia. Jak m\u00f3wi ta podlizucha \u2013 prezes Kaczy\u0144ski da\u0142 nam wszystkim prezent, podzi\u0119kujmy mu. (Ona ma za co dzi\u0119kowa\u0107). Koalicja Europejska ju\u017c od dnia swojego urodzenia stoi pod \u015bcian\u0105. PiS na r\u0119k\u0119 nie przelicytuje, a co lepszego mo\u017cna wymy\u015ble\u0107? Wi\u0119kszo\u015bci wyborc\u00f3w nie interesuj\u0105 obiecanki w rodzaju: \u201eliczba miejsc w \u017c\u0142obkach wzro\u015bnie o 20 proc., skr\u00f3cimy kolejki w s\u0142u\u017cbie zdrowia i zbudujemy 500 km autostrad\u201d.<\/p>\n<p>\u017badne trele morele, \u017caden syreni \u015bpiew nie jest dla wyborcy milszy ni\u017c dyskretny szelest banknot\u00f3w. Got\u00f3wka ponad wszystkim. Pieni\u0105dz dla wszystkich i dla ka\u017cdego: dla m\u0142odych, kt\u00f3rzy zaczynaj\u0105 prac\u0119, dla tych, kt\u00f3rzy nie mog\u0105 si\u0119 zdecydowa\u0107 na dziecko, tak\u017ce dla emeryt\u00f3w, dla rencist\u00f3w. Nawet tylko raz, w jednym roku \u2013 to wi\u0119cej ni\u017c dotychczas. 1100 z\u0142 to mo\u017ce by\u0107 lod\u00f3wka? Palka? Nie na szko\u0142y, nie na armaty, tylko prosto do portfela. I niech ka\u017cdy decyduje sam, na co wyda swoje pieni\u0105\u017cki. Na tym polega wolno\u015b\u0107 wyboru, wolno\u015b\u0107 w og\u00f3le, bo cz\u0142owiek biedny nie ma wyboru, a jak nie ma wyboru, to nie jest wolny.<\/p>\n<p>Unia Europejska krzywo na nas patrzy? Ma\u0142o kogo to obchodzi, nikt nie wierzy, \u017ce nas wyrzuc\u0105, nawet PiS nas stamt\u0105d nie wyprowadzi.<\/p>\n<p>Sp\u00f3\u0142ka Srebrna? Kto ich tam wie, na kradzie\u017cy nikt nikogo nie przy\u0142apa\u0142, zreszt\u0105 oni tam wszyscy maj\u0105 r\u0119ce zwr\u00f3cone do siebie, do wewn\u0105trz. Od dawna wiadomo, \u017ce politycy kradn\u0105, a PiS przynajmniej dzieli si\u0119 z narodem. Obiecali 500+ i p\u0142ac\u0105, obiecali 300 z\u0142 na pocz\u0105tek roku szkolnego i wyp\u0142acili. Im mo\u017cna wierzy\u0107. Inni te\u017c obiecuj\u0105, nawet wi\u0119cej, ale ten rz\u0105d udowodni\u0142, \u017ce dotrzymuje obietnic, to po co go zmienia\u0107?<\/p>\n<p>Ta\u015bmy Kaczy\u0144skiego \u2013 nic strasznego si\u0119 nie sta\u0142o, ten Austriak jest szemrany, chcia\u0142 naci\u0105gn\u0105\u0107 prezesa, ale Kaczor nie p\u0119ka i proponuje, \u017ceby poszli do s\u0105du. Wida\u0107 ma czyste sumiennie. Komitet Nadzoru Finansowego, astronomiczne zarobki w NBP, aresztowanie kolejnych prezes\u00f3w sp\u00f3\u0142ek? Tak trzyma\u0107! Trzeba t\u0119 stajni\u0119 Augiasza posprz\u0105ta\u0107.<\/p>\n<p>A co proponuj\u0105 ci drudzy, z Koalicji Obywatelskiej czy Europejskiej? Na razie nic konkretnego, czyli na r\u0119k\u0119. Podczas kiedy oni \u017carli si\u0119 mi\u0119dzy sob\u0105, PiS nie traci\u0142 czasu, i teraz dzie\u0144 i noc b\u0119d\u0105 powtarza\u0107: 500+ tysi\u0105c sto plus podatek plus to i jeszcze tamto. No i pami\u0119tajmy: to s\u0105 Polacy. Nie jacy\u015b tam \u201eEuropejczycy\u201d, tylko koalicja polska przeciw koalicji niepolskiej, t\u0119czowej, gejowskiej.<\/p>\n<p>Jak Platforma i postkomuna chc\u0105 sobie zawraca\u0107 g\u0142ow\u0119 Europ\u0105, Izraelem, \u017bydami \u2013 to ich sprawa, dla nas licz\u0105 si\u0119 fakty, czyli ile konkretnie dostaniemy, tu i teraz, na r\u0119k\u0119. Europa jest daleko \u2013 kasa jest blisko. Trybuna\u0142 Konstytucyjny? S\u0105d Najwy\u017cszy? To jakie\u015b byty abstrakcyjne, dalekie, a przystanek autobusowy ma by\u0107 blisko, \u017ceby do miasta, do szko\u0142y, na targ i do ko\u015bcio\u0142a dojecha\u0107.<\/p>\n<p>Schetyna i sp\u00f3\u0142ka b\u0119d\u0105 szli, krzycz\u0105c: \u201ePolska! Unia!\u201d, a my na to: \u201ePolska! Kasa!\u201d. I zobaczymy, kto wygra. Europa jest daleko, a kasa jest blisko, w portfelu, na sercu.<\/p>\n","protected":false},"excerpt":{"rendered":"<p>I zobaczymy, kto wygra.<\/p>\n","protected":false},"author":4,"featured_media":5206,"comment_status":"open","ping_status":"closed","sticky":false,"template":"","format":"standard","meta":{"footnotes":""},"categories":[1],"tags":[],"_links":{"self":[{"href":"https:\/\/blog.polityka.pl\/passent\/wp-json\/wp\/v2\/posts\/5202"}],"collection":[{"href":"https:\/\/blog.polityka.pl\/passent\/wp-json\/wp\/v2\/posts"}],"about":[{"href":"https:\/\/blog.polityka.pl\/passent\/wp-json\/wp\/v2\/types\/post"}],"author":[{"embeddable":true,"href":"https:\/\/blog.polityka.pl\/passent\/wp-json\/wp\/v2\/users\/4"}],"replies":[{"embeddable":true,"href":"https:\/\/blog.polityka.pl\/passent\/wp-json\/wp\/v2\/comments?post=5202"}],"version-history":[{"count":3,"href":"https:\/\/blog.polityka.pl\/passent\/wp-json\/wp\/v2\/posts\/5202\/revisions"}],"predecessor-version":[{"id":5205,"href":"https:\/\/blog.polityka.pl\/passent\/wp-json\/wp\/v2\/posts\/5202\/revisions\/5205"}],"wp:featuredmedia":[{"embeddable":true,"href":"https:\/\/blog.polityka.pl\/passent\/wp-json\/wp\/v2\/media\/5206"}],"wp:attachment":[{"href":"https:\/\/blog.polityka.pl\/passent\/wp-json\/wp\/v2\/media?parent=5202"}],"wp:term":[{"taxonomy":"category","embeddable":true,"href":"https:\/\/blog.polityka.pl\/passent\/wp-json\/wp\/v2\/categories?post=5202"},{"taxonomy":"post_tag","embeddable":true,"href":"https:\/\/blog.polityka.pl\/passent\/wp-json\/wp\/v2\/tags?post=5202"}],"curies":[{"name":"wp","href":"https:\/\/api.w.org\/{rel}","templated":true}]}}