
{"id":5207,"date":"2019-02-27T13:43:19","date_gmt":"2019-02-27T12:43:19","guid":{"rendered":"https:\/\/passent.blog.polityka.pl\/?p=5207"},"modified":"2019-02-27T14:06:42","modified_gmt":"2019-02-27T13:06:42","slug":"nie-ma-jak-w-banku","status":"publish","type":"post","link":"https:\/\/blog.polityka.pl\/passent\/2019\/02\/27\/nie-ma-jak-w-banku\/","title":{"rendered":"Nie ma jak w banku"},"content":{"rendered":"<p>Dobrze si\u0119 sta\u0142o, \u017ce p\u0142ace w Narodowym Banku Polskim zosta\u0142y upublicznione. Op\u00f3r prezesa Glapi\u0144skiego, kt\u00f3ry nie przebiera\u0142 w s\u0142owach, broni\u0105c siebie (czy banku) przed ujawnieniem, by\u0142 nieuzasadniony. Potrzeba by\u0142o dopiero niezale\u017cnych medi\u00f3w, Sejmu i prezydenta, \u017ceby jawno\u015b\u0107 zwyci\u0119\u017cy\u0142a. Kto nie czyta\u0142, tego w skr\u00f3cie informuj\u0119: dyrektorzy oddzia\u0142\u00f3w okr\u0119gowych 20\u201330 tys. z\u0142, dyrektorzy departament\u00f3w 30\u201350 tys. z\u0142, wicedyrektorzy 20\u201335 tys. z\u0142, dyrektor departamentu edukacji i wydawnictw 39 tys. z\u0142, dyr. departamentu komunikacji i promocji 49 tys. z\u0142, doradcy prezesa 25\u201340 tys. z\u0142. Obietnice premiera Morawieckiego, \u017ce b\u0119dziemy zarabiali jak na Zachodzie, zaczynaj\u0105 si\u0119 spe\u0142nia\u0107&#8230;<br \/>\n<!--more--><br \/>\nNa pierwszy rzut oka takie p\u0142ace musz\u0105 szokowa\u0107. Ma\u0142o kto obraca si\u0119 w tych rejonach, na og\u00f3\u0142 p\u0142ace powy\u017cej 5 tys. uchodz\u0105 za \u201enormalne\u201d, a powy\u017cej 10 tys. &#8211; za co najmniej dobre. Gdy dowiadujemy si\u0119 z medi\u00f3w, ile zarabiaj\u0105 nauczyciele, profesorowie, lekarze rezydenci i ludzie dooko\u0142a nas, to nie przychodzi nam na my\u015bl, \u017ce s\u0105 tacy, kt\u00f3rzy zarabiaj\u0105 dziesi\u0119ciokrotnie wi\u0119cej, nie b\u0119d\u0105c profesorami czy pilotami odrzutowc\u00f3w. Niejeden ekonomista, filolog angielski czy publicysta ekonomiczny nadawa\u0142by si\u0119 zapewne na stanowisko dyrektorskie w zakresie promocji i komunikacji.<\/p>\n<p>No, ale nie wszyscy maj\u0105 takie atuty, jak obecnie zatrudnione na tych stanowiskach. Wysoko\u015b\u0107 p\u0142ac plus wynagrodzenie za dodatkowe obowi\u0105zki potwierdza doniesienia medi\u00f3w.<\/p>\n<p>Dwie uwagi. Pierwsza: powy\u017csze p\u0142ace s\u0105 zwi\u0105zane z p\u0142acami w sektorze bankowym, w kt\u00f3rym \u2013 jak mnie informuje m\u00f3j doradca \u2013 s\u0105 one wyra\u017anie wy\u017csze. (Vide stan finans\u00f3w premiera Morawieckiego przed obj\u0119ciem stanowiska szefa rz\u0105du). Sektor bankowy z kolei jest powi\u0105zany z p\u0142acami za granic\u0105. Je\u017celi w Pradze czy w Monachium p\u0142ace by\u0142yby du\u017co wy\u017csze ni\u017c w Polsce, to jaki specjalista zechcia\u0142by pracowa\u0107 w NBP? Do pewnego stopnia jestem got\u00f3w si\u0119 z tym zgodzi\u0107, ale przecie\u017c podobne rozumowanie dotyczy tak\u017ce innych specjalist\u00f3w. Wreszcie te osoby, od kt\u00f3rych ca\u0142a sprawa zacz\u0119\u0142a si\u0119 w mediach, nie sprawiaj\u0105 wra\u017cenia Einstein\u00f3w. Nie s\u0105dz\u0119 jednak, by co\u015b (kto\u015b) si\u0119 zmieni\u0142o.<\/p>\n<p>Sprawa druga: proporcje wynagrodzenia na r\u00f3\u017cnych stanowiskach nie budz\u0105 zastrze\u017ce\u0144. Kluczowa jest kwestia kwalifikacji ludzi na wysokich stanowiskach w Narodowym Banku Polskim. Czy jest tak jak w administracji pa\u0144stwowej, gdzie wysokie stanowiska zajmuj\u0105 tacy fachowcy jak Beata Szyd\u0142o, Beata Kempa czy Jaros\u0142aw Zieli\u0144ski (ten od konfetti i policjant\u00f3w przebranych za ochron\u0119 w ciemnych okularach), kt\u00f3ry jest wymieniany jako nast\u0119pny minister edukacji? Czy jest tak jak w sp\u00f3\u0142kach skarbu pa\u0144stwa? Teraz, kiedy ju\u017c wiemy, ile zarabiaj\u0105, warto dowiedzie\u0107 si\u0119 wi\u0119cej o nich samych. Bo \u201edowcip\u201d prezesa Glapi\u0144skiego o po\u015ble Jackowskim, kt\u00f3ry lubi jawno\u015b\u0107 nawet na pla\u017cy, nie by\u0142 najwy\u017cszej pr\u00f3by.<\/p>\n<p><strong>Zaproszenie<\/strong><br \/>\nPos\u0142anka Joanna Scheuring-Wielgus (prosto z Watykanu) i dr Pawe\u0142 Kowal (czy\u017cby przed Bruksel\u0105?) b\u0119d\u0105 naszymi go\u015b\u0107mi w Radiu TOK FM w niedziel\u0119 3 marca o godz. 10:05. Zapraszam.<\/p>\n","protected":false},"excerpt":{"rendered":"<p>Dobrze si\u0119 sta\u0142o, \u017ce p\u0142ace w Narodowym Banku Polskim zosta\u0142y upublicznione.<\/p>\n","protected":false},"author":4,"featured_media":5214,"comment_status":"open","ping_status":"closed","sticky":false,"template":"","format":"standard","meta":{"footnotes":""},"categories":[1],"tags":[],"_links":{"self":[{"href":"https:\/\/blog.polityka.pl\/passent\/wp-json\/wp\/v2\/posts\/5207"}],"collection":[{"href":"https:\/\/blog.polityka.pl\/passent\/wp-json\/wp\/v2\/posts"}],"about":[{"href":"https:\/\/blog.polityka.pl\/passent\/wp-json\/wp\/v2\/types\/post"}],"author":[{"embeddable":true,"href":"https:\/\/blog.polityka.pl\/passent\/wp-json\/wp\/v2\/users\/4"}],"replies":[{"embeddable":true,"href":"https:\/\/blog.polityka.pl\/passent\/wp-json\/wp\/v2\/comments?post=5207"}],"version-history":[{"count":7,"href":"https:\/\/blog.polityka.pl\/passent\/wp-json\/wp\/v2\/posts\/5207\/revisions"}],"predecessor-version":[{"id":5215,"href":"https:\/\/blog.polityka.pl\/passent\/wp-json\/wp\/v2\/posts\/5207\/revisions\/5215"}],"wp:featuredmedia":[{"embeddable":true,"href":"https:\/\/blog.polityka.pl\/passent\/wp-json\/wp\/v2\/media\/5214"}],"wp:attachment":[{"href":"https:\/\/blog.polityka.pl\/passent\/wp-json\/wp\/v2\/media?parent=5207"}],"wp:term":[{"taxonomy":"category","embeddable":true,"href":"https:\/\/blog.polityka.pl\/passent\/wp-json\/wp\/v2\/categories?post=5207"},{"taxonomy":"post_tag","embeddable":true,"href":"https:\/\/blog.polityka.pl\/passent\/wp-json\/wp\/v2\/tags?post=5207"}],"curies":[{"name":"wp","href":"https:\/\/api.w.org\/{rel}","templated":true}]}}