
{"id":5231,"date":"2019-03-07T23:20:26","date_gmt":"2019-03-07T22:20:26","guid":{"rendered":"https:\/\/passent.blog.polityka.pl\/?p=5231"},"modified":"2019-03-08T07:40:57","modified_gmt":"2019-03-08T06:40:57","slug":"premier-na-wariograf","status":"publish","type":"post","link":"https:\/\/blog.polityka.pl\/passent\/2019\/03\/07\/premier-na-wariograf\/","title":{"rendered":"Premier na wariograf"},"content":{"rendered":"<p>Jak donosi \u201eRzeczpospolita\u201d, wariograf w prokuraturze jest bardzo zaj\u0119ty, mo\u017cna powiedzie\u0107, \u017ce \u201ema pe\u0142ne r\u0119ce roboty\u201d. Gdyby to ode mnie zale\u017ca\u0142o, to skierowa\u0142bym na badanie prawdom\u00f3wno\u015bci premiera Morawieckiego za to, co powiedzia\u0142 w wywiadzie dla tej\u017ce gazety. Inni &#8211; powiedzia\u0142 premier &#8211; chc\u0105 na si\u0142\u0119 wprowadza\u0107 nowe porz\u0105dki kulturowe. \u201eA my chcemy da\u0107 Polakom \u015bwi\u0119ty spok\u00f3j na co dzie\u0144, dostatnie \u017cycie i wolno\u015b\u0107 \u017cycia rodzinnego\u201d.<br \/>\n<!--more--><br \/>\nNie potrzeba nawet wariografu, \u017ceby zobaczy\u0107, \u017ce co\u015b tu nie gra. Je\u017celi to jest \u015bwi\u0119ty spok\u00f3j, to jak wygl\u0105da tornado? Trybuna\u0142 Konstytucyjny, S\u0105d Najwy\u017cszy, prokuratura, Naczelna Rada S\u0105downictwa, gimnazja, licea, stosunki z Izraelem, ustawa o Instytucie Pami\u0119ci Narodowej, s\u0142u\u017cba dyplomatyczna, muzea, generalicja, najnowsza historia Polski \u2013 wszystko wywr\u00f3cone do g\u00f3ry nogami. To jest \u015bwi\u0119ty spok\u00f3j na co dzie\u0144?<\/p>\n<p>W innym fragmencie PMM m\u00f3wi: \u201eMo\u017ce si\u0119 panowie zdziwi\u0105, ale w moim odczuciu odnie\u015bli\u015bmy gigantyczny sukces na \u015bwiecie w postrzeganiu naszej historii i sprawy polskiej w czasie II wojny \u015bwiatowej\u201d. (Tu nast\u0119puj\u0105 liczne przyk\u0142ady, takie jak reakcje mi\u0119dzynarodowe na wypowied\u017a ministra Katza, przeprosiny ze strony dziennikarki ameryka\u0144skiej itd).<\/p>\n<p>Premier m\u00f3wi o \u201egigantycznym sukcesie\u201d, kiedy w tych dniach idzie w \u015bwiat wiadomo\u015b\u0107 o zak\u0142\u00f3ceniu przez cz\u0119\u015b\u0107 polskiej publiczno\u015bci mi\u0119dzynarodowej konferencji w sprawie bada\u0144 nad Zag\u0142ad\u0105 w Pary\u017cu! Kiedy zaledwie kilka miesi\u0119cy temu z powodu nieszcz\u0119snej ustawy o IPN polski prezydent i najwy\u017csi urz\u0119dnicy  mieli szlaban w Bia\u0142ym Domu. Kiedy zaniepokojona francuska minister nauki pisze list do swojego polskiego odpowiednika. Ludzie, mo\u017ce jednak wariograf by si\u0119 przyda\u0142?<\/p>\n<p>&#8222;Konferencja warszawska \u2013 m\u00f3wi PMM \u2013 jest dzisiaj uwa\u017cana za bardzo wielki sukces, poniewa\u017c po raz pierwszy usiad\u0142y przy stole delegacje, kt\u00f3re nie rozmawia\u0142y ze sob\u0105 od 20-30 lat&#8221;. Nie umniejszaj\u0105c tego faktu, czy jest sukcesem to, \u017ce konferencj\u0119 okre\u015blano jako polsk\u0105 &#8222;us\u0142ug\u0119&#8221; dla USA, a minister Pompeo og\u0142osi\u0142 j\u0105 akurat w Bukareszcie, zanim jeszcze dotar\u0142 do Polski, i tym samym nie pozwoli\u0142 og\u0142osi\u0107 konferencji jej gospodarzom? W stosunkach z USA, owszem, posun\u0119li\u015bmy si\u0119 do przodu, ale za jak\u0105 cen\u0119? Mam na my\u015bli nie tylko zadeklarowane 2 mld dol. na Fort Trump (raczej w\u0105tpliwy), ale nadwer\u0119\u017con\u0105 reputacj\u0119 jako kraju powa\u017cnego, kt\u00f3ry umie budowa\u0107 sojusze z Francj\u0105, z Niemcami, z Europ\u0105.<\/p>\n<p>Je\u017celi co\u015b mo\u017cna uzna\u0107 za sukces rz\u0105du, to pomys\u0142 kupowania g\u0142os\u00f3w za got\u00f3wk\u0119. Mieszkania, o\u015bwiata, ochrona zdrowia musz\u0105 poczeka\u0107, pierwsze\u0144stwo ma zaliczka na wybory. A na co wyborcy j\u0105 przeznacz\u0105? Na pewno nie na rezonans magnetyczny. Raczej na rezonans wyborczy.<\/p>\n<p>Stanowczo: wariograf to nie jest z\u0142y pomys\u0142. <\/p>\n<p><strong>Zaproszenie<\/strong><br \/>\nProf. Aleksander Smolar (prezes Fundacji Batorego), Jakub Bierzy\u0144ski (w\u0142a\u015bciciel domu medialnego) i prof. Ewa Marciniak (dyrektor Instytutu Nauk Politycznych UW) b\u0119d\u0105 naszymi go\u015b\u0107mi w Radiu TOK FM jak zwykle w niedziel\u0119 &#8211; o godz. 10:05.<\/p>\n","protected":false},"excerpt":{"rendered":"<p>Jak donosi \u201eRzeczpospolita\u201d, wariograf w prokuraturze jest bardzo zaj\u0119ty, mo\u017cna powiedzie\u0107, \u017ce \u201ema pe\u0142ne r\u0119ce roboty\u201d. Gdyby to ode mnie zale\u017ca\u0142o, to skierowa\u0142bym na badanie prawdom\u00f3wno\u015bci premiera Morawieckiego za to, co powiedzia\u0142 w wywiadzie dla tej\u017ce gazety. Inni &#8211; powiedzia\u0142 premier &#8211; chc\u0105 na si\u0142\u0119 wprowadza\u0107 nowe porz\u0105dki kulturowe. \u201eA my chcemy da\u0107 Polakom \u015bwi\u0119ty [&hellip;]<\/p>\n","protected":false},"author":4,"featured_media":5235,"comment_status":"open","ping_status":"closed","sticky":false,"template":"","format":"standard","meta":{"footnotes":""},"categories":[1],"tags":[],"_links":{"self":[{"href":"https:\/\/blog.polityka.pl\/passent\/wp-json\/wp\/v2\/posts\/5231"}],"collection":[{"href":"https:\/\/blog.polityka.pl\/passent\/wp-json\/wp\/v2\/posts"}],"about":[{"href":"https:\/\/blog.polityka.pl\/passent\/wp-json\/wp\/v2\/types\/post"}],"author":[{"embeddable":true,"href":"https:\/\/blog.polityka.pl\/passent\/wp-json\/wp\/v2\/users\/4"}],"replies":[{"embeddable":true,"href":"https:\/\/blog.polityka.pl\/passent\/wp-json\/wp\/v2\/comments?post=5231"}],"version-history":[{"count":3,"href":"https:\/\/blog.polityka.pl\/passent\/wp-json\/wp\/v2\/posts\/5231\/revisions"}],"predecessor-version":[{"id":5234,"href":"https:\/\/blog.polityka.pl\/passent\/wp-json\/wp\/v2\/posts\/5231\/revisions\/5234"}],"wp:featuredmedia":[{"embeddable":true,"href":"https:\/\/blog.polityka.pl\/passent\/wp-json\/wp\/v2\/media\/5235"}],"wp:attachment":[{"href":"https:\/\/blog.polityka.pl\/passent\/wp-json\/wp\/v2\/media?parent=5231"}],"wp:term":[{"taxonomy":"category","embeddable":true,"href":"https:\/\/blog.polityka.pl\/passent\/wp-json\/wp\/v2\/categories?post=5231"},{"taxonomy":"post_tag","embeddable":true,"href":"https:\/\/blog.polityka.pl\/passent\/wp-json\/wp\/v2\/tags?post=5231"}],"curies":[{"name":"wp","href":"https:\/\/api.w.org\/{rel}","templated":true}]}}