
{"id":5236,"date":"2019-03-10T15:50:45","date_gmt":"2019-03-10T14:50:45","guid":{"rendered":"https:\/\/passent.blog.polityka.pl\/?p=5236"},"modified":"2019-03-10T18:46:32","modified_gmt":"2019-03-10T17:46:32","slug":"ratujmy-polskie-dzieci","status":"publish","type":"post","link":"https:\/\/blog.polityka.pl\/passent\/2019\/03\/10\/ratujmy-polskie-dzieci\/","title":{"rendered":"Ratujmy polskie dzieci"},"content":{"rendered":"<p>Jeszcze kilka dni temu kampania wyborcza obozu rz\u0105dz\u0105cego nap\u0119dzana by\u0142a przez kupowanie g\u0142os\u00f3w poszczeg\u00f3lnych grup elektoratu \u2013 od 500 plus na pierwsze dziecko i zwolnienie od podatku m\u0142odych do 26. roku \u017cycia po \u201etrzynastk\u0119\u201d dla emeryt\u00f3w i rencist\u00f3w.<br \/>\n<!--more--><br \/>\nZasi\u0142ek pogrzebowy bez zmian, ale i na to przyjdzie czas. PiS chwali\u0142 si\u0119, \u017ce dotrzymuje obietnic, a opozycja broni\u0142a pa\u0144stwowej kasy. W ostatnich dniach wyborcze tornado przenios\u0142o si\u0119 na obszar ideologiczny. PiS okaza\u0142 si\u0119 tak europejski, jak tylko to mo\u017cliwe.<\/p>\n<p>Na kolejnej konwencji regionalnej og\u0142oszono deklaracj\u0119 europejsk\u0105, kt\u00f3ra ma zerwa\u0107 \u0142atk\u0119 partii eurosceptycznej, zmierzaj\u0105cej, nawet nie\u015bwiadomie, do polexitu. Jeszcze niedawno s\u0142yszeli\u015bmy oskar\u017cenia wobec Unii Europejskiej, \u017ce jest zdominowana przez du\u017ce pa\u0144stwa, \u017ce jest niemiecka albo proniemiecka, \u017ce zagra\u017ca rodzinie i moralno\u015bci, \u017ce ogranicza suwerenno\u015b\u0107, jest homoseksualna i genderowa, ingeruje w wymiar sprawiedliwo\u015bci pa\u0144stw cz\u0142onkowskich, zmienia programy szkolne itd. Antyeuropejski charakter PiS g\u0142osi\u0142a wszem wobec opozycja.<\/p>\n<p>Natomiast prezes Kaczy\u0144ski od pewnego czasu m\u00f3wi\u0142, \u017ce oskar\u017cenia pod adresem PiS to \u201ek\u0142amstwa, bezczelne k\u0142amstwa\u201d. W ramach obrony swojego \u201eeuropejskiego\u201d wizerunku na konwencji PiS odmieniano przez wszystkie przypadki Europ\u0119 i Uni\u0119 Europejsk\u0105, a nawet przyj\u0119to deklaracj\u0119 europejsk\u0105, z kt\u00f3rej wynika, \u017ce Polska jest bij\u0105cym sercem Europy, partia rz\u0105dz\u0105ca jest ca\u0142ym sercem po stronie Unii, w kt\u00f3rej ma dba\u0107 o interesy naszego kraju, w tym m.in. rolnik\u00f3w.<\/p>\n<p>Do wczoraj wszystko by\u0142o \u201enarodowe\u201d \u2013 narodowe instytuty, narodowe instytucje, narodowe stadiony, narodowe centra i narodowe obchody. Teraz wszystko b\u0119dzie \u201eeuropejskie\u201d, nawet \u201ewarto\u015bci\u201d, ale na kr\u00f3tko, tylko do majowych wybor\u00f3w, potem nast\u0105pi szybka przesiadka na konika narodowego, z kt\u00f3rym wyborca PiS i jego proboszcz s\u0105 bardziej oswojeni.<\/p>\n<p>Drugiego konika dostarczy\u0142 rz\u0105dz\u0105cym prezydent Warszawy Rafa\u0142 Trzaskowski. Podpisa\u0142 on mianowicie Deklaracj\u0119 Praw LGBT (lesbijki, geje, osoby biseksualne i transseksualne), kt\u00f3ra dla znacznej cz\u0119\u015bci spo\u0142ecze\u0144stwa brzmi jak herezja. S\u0105 tam rzeczy straszne \u2013 r\u00f3wne prawa dla mniejszo\u015bci seksualnych, nie jedyny, a rozmaite modele rodziny, m\u00f3wienie o \u201etych sprawach\u201d dzieciom itp.<\/p>\n<p>Biskupi ju\u017c pospieszyli w\u0142adzy z pomoc\u0105, a prawica tylko czeka\u0142a na taki prezent \u2013 teraz b\u0119dzie czym straszy\u0107 wyborc\u00f3w. Prezes Kaczy\u0144ski ju\u017c og\u0142osi\u0142, \u017ce idzie atak na polsk\u0105 rodzin\u0119, \u017ce uderzono w najczulszy punkt \u2013 w polskie dzieci. Jaka\u015b cz\u0119\u015b\u0107 wyborc\u00f3w na pewno da si\u0119 przestraszy\u0107. Jaka \u2013 to si\u0119 oka\u017ce po zliczeniu g\u0142os\u00f3w.<\/p>\n<p>Czy prezydent Trzaskowski podpisa\u0142 deklaracj\u0119 LGBT w ramach spe\u0142niania swoich zobowi\u0105za\u0144 wyborczych, czy uwa\u017ca\u0142, \u017ce tym sposobem powstrzyma lewicowych sympatyk\u00f3w partii Wiosna \u2013 to si\u0119 oka\u017ce. Na razie wgl\u0105da to na prezent dla PiS. Rafa\u0142 Trzaskowski wyprowadzi\u0142 konika, na kt\u00f3rego Kaczy\u0144ski ch\u0119tnie wsi\u0105dzie.<\/p>\n","protected":false},"excerpt":{"rendered":"<p>Prezes Kaczy\u0144ski og\u0142osi\u0142, \u017ce idzie atak na polsk\u0105 rodzin\u0119, \u017ce uderzono w najczulszy punkt \u2013 w polskie dzieci.<\/p>\n","protected":false},"author":4,"featured_media":5243,"comment_status":"open","ping_status":"closed","sticky":false,"template":"","format":"standard","meta":{"footnotes":""},"categories":[1],"tags":[],"_links":{"self":[{"href":"https:\/\/blog.polityka.pl\/passent\/wp-json\/wp\/v2\/posts\/5236"}],"collection":[{"href":"https:\/\/blog.polityka.pl\/passent\/wp-json\/wp\/v2\/posts"}],"about":[{"href":"https:\/\/blog.polityka.pl\/passent\/wp-json\/wp\/v2\/types\/post"}],"author":[{"embeddable":true,"href":"https:\/\/blog.polityka.pl\/passent\/wp-json\/wp\/v2\/users\/4"}],"replies":[{"embeddable":true,"href":"https:\/\/blog.polityka.pl\/passent\/wp-json\/wp\/v2\/comments?post=5236"}],"version-history":[{"count":7,"href":"https:\/\/blog.polityka.pl\/passent\/wp-json\/wp\/v2\/posts\/5236\/revisions"}],"predecessor-version":[{"id":5245,"href":"https:\/\/blog.polityka.pl\/passent\/wp-json\/wp\/v2\/posts\/5236\/revisions\/5245"}],"wp:featuredmedia":[{"embeddable":true,"href":"https:\/\/blog.polityka.pl\/passent\/wp-json\/wp\/v2\/media\/5243"}],"wp:attachment":[{"href":"https:\/\/blog.polityka.pl\/passent\/wp-json\/wp\/v2\/media?parent=5236"}],"wp:term":[{"taxonomy":"category","embeddable":true,"href":"https:\/\/blog.polityka.pl\/passent\/wp-json\/wp\/v2\/categories?post=5236"},{"taxonomy":"post_tag","embeddable":true,"href":"https:\/\/blog.polityka.pl\/passent\/wp-json\/wp\/v2\/tags?post=5236"}],"curies":[{"name":"wp","href":"https:\/\/api.w.org\/{rel}","templated":true}]}}