
{"id":5247,"date":"2019-03-15T18:38:52","date_gmt":"2019-03-15T17:38:52","guid":{"rendered":"https:\/\/passent.blog.polityka.pl\/?p=5247"},"modified":"2019-03-15T20:11:55","modified_gmt":"2019-03-15T19:11:55","slug":"teczowa-kampania","status":"publish","type":"post","link":"https:\/\/blog.polityka.pl\/passent\/2019\/03\/15\/teczowa-kampania\/","title":{"rendered":"T\u0119czowa kampania"},"content":{"rendered":"<p>\u201eNa ten moment\u201d, czyli \u201ena dzie\u0144 dzisiejszy\u201d, kampania wyborcza jest zdominowana przez zagadnienia \u015bwiatopogl\u0105dowe i obyczajowe. Punkt pierwszy to podpisanie przez Rafa\u0142a Trzaskowskiego, prezydenta Warszawy, deklaracji praw LGBT, kt\u00f3ry przewiduje edukacj\u0119 seksualn\u0105, przygotowanie dzieci i m\u0142odzie\u017cy do \u017cycia, w tym seksualnego, i inne bezece\u0144stwa. Prezes Kaczy\u0144ski natychmiast to wykorzysta\u0142 i da\u0142 sygna\u0142 do alarmu. Has\u0142o: \u201eatak na polskie rodziny, na polskie dzieci\u201d i pr\u00f3ba ich seksualizacji. Sprawna machina propagandowa PiS ruszy\u0142a. Bieg\u0142y w sprawach internetu wiceminister spraw wewn\u0119trznych Szefernaker powiedzia\u0142, \u017ce to, co dzieje si\u0119 w Polsce, to \u201ekonflikt cywilizacji\u201d. Wcze\u015bniej ju\u017c Marek Migalski, niezale\u017cny politolog i publicysta, prorokowa\u0142, \u017ce jeste\u015bmy skazani na ten konflikt i on b\u0119dzie trwa\u0142 i trwa\u0142.<br \/>\n<!--more--><br \/>\nPodpisuj\u0105c deklaracj\u0119 LGBT, Rafa\u0142 Trzaskowski liczy\u0142 zapewne na uznanie lewicy, pozyskanie cz\u0119\u015bci g\u0142os\u00f3w dla Koalicji Europejskiej kosztem Wiosny Biedronia, kt\u00f3ry w sprawach \u015bwiatopogl\u0105dowych jest du\u017co bardziej wyrazisty ni\u017c Schetyna. Cz\u0119\u015b\u0107 wyborc\u00f3w, w\u015br\u00f3d nich Wasz pokorny s\u0142uga, s\u0105dzi, \u017ce Trzaskowski pope\u0142ni\u0142 b\u0142\u0105d i da\u0142 PiS pretekst do ataku. Trzaskowski z kolei uwa\u017ca, \u017ce jak nie jego podpis, to w\u0142adza znalaz\u0142aby inne preteksty do ataku. By\u0107 mo\u017ce, czas poka\u017ce&#8230; Na razie widzimy atak prawicy (\u201ehisteryczny\u201d atak, pisz\u0105c jej j\u0119zykiem) przeciwko degeneracji, zepsuciu, demoralizacji, w obronie dzieci, m\u0142odzie\u017cy, rodziny, program\u00f3w szkolnych itd. itp.<\/p>\n<p>Na to wszystko na\u0142o\u017cy\u0142 si\u0119 komunikat episkopatu w sprawie statystyki ko\u015bcielnej zg\u0142oszonych przypadk\u00f3w molestowania dzieci i m\u0142odzie\u017cy przez ksi\u0119\u017cy i zakonnik\u00f3w (625 ofiar od 1990 r.). G\u0142\u0119boko konserwatywny episkopat znalaz\u0142 si\u0119 mi\u0119dzy m\u0142otem a kowad\u0142em. Z jednej strony papie\u017c Franciszek i \u015bwiat zachodni &#8211; od Bostonu przez Berlin do Canberry, z drugiej &#8211; polska konserwa, kt\u00f3ra dominuje w\u015br\u00f3d hierarch\u00f3w. Wypowiedzi arcybiskup\u00f3w G\u0105deckiego i J\u0119draszewskiego nie pozostawiaj\u0105 w tej sprawie z\u0142udze\u0144. Jak najmniej pokuty i mea culpa, jak najwi\u0119cej kr\u0119tactw (to nie tylko sprawa Ko\u015bcio\u0142a, ale problem globalny\u2026) i zrozumienia dla tych grzesznik\u00f3w, kt\u00f3rzy s\u0105 traktowani jak w systemie totalitarnym. Ca\u0142a ta sprawa jest odbierana jako atak na Ko\u015bci\u00f3\u0142.<\/p>\n<p>Skupienie kampanii wyborczej na problemach \u015bwiatopogl\u0105dowych jest na r\u0119k\u0119 w\u0142adzy, pozwala odwr\u00f3ci\u0107 uwag\u0119 od Srebrnej, KNF, NBP, a tak\u017ce od pora\u017cek w polityce zagranicznej, takich jak brak ameryka\u0144skiego poparcia dla \u201eFortu Trumpa\u201d. Pech chcia\u0142, \u017ce brak entuzjazmu Amerykan\u00f3w dla fortu og\u0142oszony zosta\u0142 w przeddzie\u0144 sejmowego expos\u00e9 ministra Czaputowicza o sukcesach polityki zagranicznej. Rz\u0105d robi\u0142 wielkie nadzieje i apetyt na fort, tymczasem okaza\u0142o si\u0119, \u017ce to by\u0142a tylko figura retoryczna i skr\u00f3t my\u015blowy prezydenta Dudy, za\u015b Amerykanie zamierzaj\u0105 zwi\u0119ksza\u0107 swoj\u0105 obecno\u015b\u0107 w Europie \u015arodkowo-Wschodniej stopniowo i bez paniki. O tym wszystkim trzeba i mo\u017cna rozmawia\u0107, ale dopiero wtedy, kiedy uratujemy polskie dzieci.<\/p>\n<p><strong>Zaproszenie<\/strong><br \/>\nProf. Rados\u0142aw Markowski, dr Renata Mie\u0144kowska-Norkiene i red. Joanna Podg\u00f3rska b\u0119d\u0105 naszymi go\u015b\u0107mi w Radiu TOK FM &#8211; jak zwykle w niedziel\u0119 17 marca o godz. 10:05. Zapraszam!<\/p>\n","protected":false},"excerpt":{"rendered":"<p>\u201eNa ten moment\u201d, czyli \u201ena dzie\u0144 dzisiejszy\u201d, kampania wyborcza jest zdominowana przez zagadnienia \u015bwiatopogl\u0105dowe.<\/p>\n","protected":false},"author":4,"featured_media":5254,"comment_status":"open","ping_status":"closed","sticky":false,"template":"","format":"standard","meta":{"footnotes":""},"categories":[1],"tags":[],"_links":{"self":[{"href":"https:\/\/blog.polityka.pl\/passent\/wp-json\/wp\/v2\/posts\/5247"}],"collection":[{"href":"https:\/\/blog.polityka.pl\/passent\/wp-json\/wp\/v2\/posts"}],"about":[{"href":"https:\/\/blog.polityka.pl\/passent\/wp-json\/wp\/v2\/types\/post"}],"author":[{"embeddable":true,"href":"https:\/\/blog.polityka.pl\/passent\/wp-json\/wp\/v2\/users\/4"}],"replies":[{"embeddable":true,"href":"https:\/\/blog.polityka.pl\/passent\/wp-json\/wp\/v2\/comments?post=5247"}],"version-history":[{"count":5,"href":"https:\/\/blog.polityka.pl\/passent\/wp-json\/wp\/v2\/posts\/5247\/revisions"}],"predecessor-version":[{"id":5253,"href":"https:\/\/blog.polityka.pl\/passent\/wp-json\/wp\/v2\/posts\/5247\/revisions\/5253"}],"wp:featuredmedia":[{"embeddable":true,"href":"https:\/\/blog.polityka.pl\/passent\/wp-json\/wp\/v2\/media\/5254"}],"wp:attachment":[{"href":"https:\/\/blog.polityka.pl\/passent\/wp-json\/wp\/v2\/media?parent=5247"}],"wp:term":[{"taxonomy":"category","embeddable":true,"href":"https:\/\/blog.polityka.pl\/passent\/wp-json\/wp\/v2\/categories?post=5247"},{"taxonomy":"post_tag","embeddable":true,"href":"https:\/\/blog.polityka.pl\/passent\/wp-json\/wp\/v2\/tags?post=5247"}],"curies":[{"name":"wp","href":"https:\/\/api.w.org\/{rel}","templated":true}]}}