
{"id":5255,"date":"2019-03-18T16:32:17","date_gmt":"2019-03-18T15:32:17","guid":{"rendered":"https:\/\/passent.blog.polityka.pl\/?p=5255"},"modified":"2019-03-18T16:44:14","modified_gmt":"2019-03-18T15:44:14","slug":"polski-bokser","status":"publish","type":"post","link":"https:\/\/blog.polityka.pl\/passent\/2019\/03\/18\/polski-bokser\/","title":{"rendered":"Polski bokser"},"content":{"rendered":"<p>&#8222;Przyjecha\u0142em si\u0119 tu troch\u0119 intelektualnie poboksowa\u0107, mocno stawia\u0107 polskie argumenty&#8221; \u2013 m\u00f3wi skromnie polski bokser intelektualny (PBI) prof. Andrzej Przy\u0142\u0119bski, ambasador w Berlinie. Przyjrzyjmy si\u0119, jak bije i jakie robi uniki polski bokser, kt\u00f3ry wyst\u0105pi\u0142 na ringu \u201eSieci\u201d, maj\u0105c w swoim naro\u017cniku za sekundanta i masa\u017cyst\u0119 braci Karnowskich. Zaraz po pierwszym gongu rusza do ataku. Mia\u0142 zaproszenie na konferencj\u0119 w Chemnitz, ale kiedy \u201eanalizowa\u0142 program\u201d zauwa\u017cy\u0142, \u017ce jednym z referent\u00f3w ma by\u0107 \u201eniejaki Bartosz Wieli\u0144ski, redaktor \u00bbGazety Wyborczej\u00ab\u201d. To \u201eniejaki\u201d daje nam poj\u0119cie o wychowaniu PBI.<br \/>\n<!--more--><br \/>\nAmbasador jest bardzo niezadowolony z korespondent\u00f3w niemieckich w Polsce. Nic im si\u0119 nie podoba. \u201eTo dlaczego tak nie pisali i nie my\u015bleli, kiedy koalicja PO-PSL przez osiem lat rujnowa\u0142a kraj? Dlaczego wtedy nie informowali o tym, co tak bola\u0142o i wzburza\u0142o Polak\u00f3w? O skandalach, aferach, bucie w\u0142adzy?\u201d \u2013 punktuje dziennikarzy ambasador, maj\u0105c za z\u0142e, \u017ce media niemieckie nie m\u00f3wi\u0142y (i nie m\u00f3wi\u0105) tego, co m\u00f3wi\u0142 PiS \u2013 o Polsce w ruinie itp.<\/p>\n<p>Polski bokser ok\u0142ada niemieckie media ze wszystkich stron \u2013 s\u0105 zglajszachtowane, jednostronne, przesi\u0105kni\u0119te ideologi\u0105, nierzetelne. I \u2013 co najgorsze \u2013 ogromnie zamkni\u0119te na prawdziw\u0105 dyskusj\u0119, \u201enawet o Unii Europejskiej\u201d. Jednostronne, bo bij\u0105 tylko z lewej, lewy prosty, lewy hak, lewy podbr\u00f3dkowy, a wszystko to boli PBI. Boli go tak\u017ce, \u017ce antyeuropejska i konserwatywna  Alternatywa dla Niemiec w mediach niemieckich nie jest traktowana jak nale\u017cy. \u201eIch g\u0142osu po prostu nie uwa\u017ca si\u0119 za wa\u017cny. W Polsce takiego wykluczenia ju\u017c nie mamy\u201d.<\/p>\n<p>W Polsce \u2013 idzie za ciosem PBI \u2013 \u201edwie najsilniejsze telewizje reprezentuj\u0105 lini\u0119 obozu opozycyjnego, czasami bardzo ostro to wyra\u017caj\u0105c. W tej sytuacji rz\u0105d musi mie\u0107 kana\u0142 komunikacyjny ze spo\u0142ecze\u0144stwem\u201d, musi mie\u0107 \u201echo\u0107 szans\u0119\u201d, by i jego argumenty wybrzmia\u0142y. Czy\u017cby PBI, oszo\u0142omiony przez ciosy na g\u0142ow\u0119, jakie mu zadaj\u0105 media niemieckie, nie wiedzia\u0142, \u017ce media polskie \u2013 bez wzgl\u0119du na swoje pogl\u0105dy \u2013 s\u0105 wpatrzone w prezesa PiS, spijaj\u0105 ka\u017cde s\u0142owo z jego ust, a gdy prezes wyda ju\u017c z siebie jak\u0105\u015b my\u015bl (\u201ewara od naszych dzieci\u201d), to prze\u017cuwaj\u0105 i prze\u017cywaj\u0105 j\u0105 bez ko\u0144ca, a\u017c prezes wydzieli jakie\u015b inne \u201emordy zdradzieckie\u201d? Kiedy tylko otworzy usta premier MM (a robi to cz\u0119sto), prezydent czy ich ministrowie, Suski, Szczerski i inni \u2013 media s\u0105 szcz\u0119\u015bliwe.<\/p>\n<p>PBI dzielnie odpiera \u201ezak\u0142amany atak propagandowy na Polsk\u0119\u201d, a nawet ma pewne sugestie. Na przyk\u0142ad nale\u017cy zdywersyfikowa\u0107 wymian\u0119 m\u0142odzie\u017cy. \u201eDzi\u015b ogranicza si\u0119 ona niemal wy\u0142\u0105cznie do spotka\u0144 polskiej m\u0142odzie\u017cy proeuropejskiej z natury z tak\u0105 sam\u0105 m\u0142odzie\u017c\u0105 niemieck\u0105. Czy nie mia\u0142oby sensu w\u0142\u0105czenie w t\u0119 wymian\u0119 polskiej m\u0142odzie\u017cy patriotycznej?\u201d. Widzicie, jak zwinnie polski bokser dzieli m\u0142odzie\u017c na \u201elewicuj\u0105c\u0105\u201d i patriotyczn\u0105. Potrafi nasz bokser uderzy\u0107 poni\u017cej pasa, potrafi. Umie tak\u017ce robi\u0107 uniki. Zapytany o swoje s\u0142owa, \u017ce \u201esto lat niemieckiej polityki wobec Polski okaza\u0142o si\u0119 katastrof\u0105\u201d, odpowiada, \u017ce to by\u0142o \u201eskr\u00f3towe sformu\u0142owanie, \u017ce te sto lat by\u0142o bardzo trudne\u201d.<\/p>\n<p>Pod koniec tej rundy PBI si\u0119ga po swoj\u0105 krzywd\u0119, a w\u0142a\u015bciwie po krzywd\u0119 swojej \u017cony. W pa\u017adzierniku 1939 r. do jej rodzinnego domu brutalnie wesz\u0142a rodzina niemiecka, a rodzina przysz\u0142ej ma\u0142\u017conki PBI prze\u017cy\u0142a w piwnicy u rodziny. \u201eGdy Niemcy uciekli, a oni weszli do swojego mieszkania, zastali pustk\u0119: wszystko zrabowane, od mebli po sztu\u0107ce\u201d. Biedna rodzina pani Przy\u0142\u0119bskiej, straci\u0142a na wojnie meble i sztu\u0107ce.<\/p>\n<p>Zazdroszcz\u0119.<\/p>\n","protected":false},"excerpt":{"rendered":"<p>Biedna rodzina pani Przy\u0142\u0119bskiej, straci\u0142a na wojnie meble i sztu\u0107ce.<\/p>\n","protected":false},"author":4,"featured_media":0,"comment_status":"open","ping_status":"closed","sticky":false,"template":"","format":"standard","meta":{"footnotes":""},"categories":[1],"tags":[],"_links":{"self":[{"href":"https:\/\/blog.polityka.pl\/passent\/wp-json\/wp\/v2\/posts\/5255"}],"collection":[{"href":"https:\/\/blog.polityka.pl\/passent\/wp-json\/wp\/v2\/posts"}],"about":[{"href":"https:\/\/blog.polityka.pl\/passent\/wp-json\/wp\/v2\/types\/post"}],"author":[{"embeddable":true,"href":"https:\/\/blog.polityka.pl\/passent\/wp-json\/wp\/v2\/users\/4"}],"replies":[{"embeddable":true,"href":"https:\/\/blog.polityka.pl\/passent\/wp-json\/wp\/v2\/comments?post=5255"}],"version-history":[{"count":3,"href":"https:\/\/blog.polityka.pl\/passent\/wp-json\/wp\/v2\/posts\/5255\/revisions"}],"predecessor-version":[{"id":5258,"href":"https:\/\/blog.polityka.pl\/passent\/wp-json\/wp\/v2\/posts\/5255\/revisions\/5258"}],"wp:attachment":[{"href":"https:\/\/blog.polityka.pl\/passent\/wp-json\/wp\/v2\/media?parent=5255"}],"wp:term":[{"taxonomy":"category","embeddable":true,"href":"https:\/\/blog.polityka.pl\/passent\/wp-json\/wp\/v2\/categories?post=5255"},{"taxonomy":"post_tag","embeddable":true,"href":"https:\/\/blog.polityka.pl\/passent\/wp-json\/wp\/v2\/tags?post=5255"}],"curies":[{"name":"wp","href":"https:\/\/api.w.org\/{rel}","templated":true}]}}