
{"id":5259,"date":"2019-03-20T22:24:55","date_gmt":"2019-03-20T21:24:55","guid":{"rendered":"https:\/\/passent.blog.polityka.pl\/?p=5259"},"modified":"2019-03-20T23:28:45","modified_gmt":"2019-03-20T22:28:45","slug":"pap-polska-agencja-pocztowa","status":"publish","type":"post","link":"https:\/\/blog.polityka.pl\/passent\/2019\/03\/20\/pap-polska-agencja-pocztowa\/","title":{"rendered":"PAP: Polska Agencja Pocztowa"},"content":{"rendered":"<p>We wtorek 19 marca bawi\u0142 w Polsce Josep Borrell, minister spraw zagranicznych Hiszpanii, ciekawy cz\u0142owiek. Zanim zosta\u0142 politykiem socjalistycznym, pracowa\u0142 jako in\u017cynier, ekonomista, matematyk. Z czasem zosta\u0142 politykiem, by\u0142 ministrem, przewodnicz\u0105cym Parlamentu Europejskiego. Na zako\u0144czenie pobytu wyg\u0142osi\u0142 odczyt w Kolegium Europejskim w Natolinie.<br \/>\n<!--more--><br \/>\nNazajutrz ciekaw by\u0142em, co te\u017c hiszpa\u0144ski minister mia\u0142 Polakom do powiedzenia. W gazetach \u2013 nic, w internecie na stronie Euractiv znalaz\u0142em w miar\u0119 pe\u0142n\u0105 relacj\u0119 Mateusza Kucharczyka, na stronie Interia \u2013 podobnie, chocia\u017c w obu relacjach zabrak\u0142o tego, co minister Borrell powiedzia\u0142 o przestrzeganiu warto\u015bci unijnych przez Polsk\u0119 i W\u0119gry, a to przecie\u017c sprawa delikatna.<\/p>\n<p>Aby zaspokoi\u0107 swoj\u0105 ciekawo\u015b\u0107, si\u0119gn\u0105\u0142em wi\u0119c po relacj\u0119 Polskiej Agencji Prasowej. Znalaz\u0142em komunikat \u201eMSZ informuje\u201d, w kt\u00f3rym znajdowa\u0142y si\u0119 tylko wypowiedzi ministra Czaputowicza i ani jednego s\u0142owa szefa dyplomacji Hiszpanii, kraju b\u0105d\u017a co b\u0105d\u017a wa\u017cnego i niema\u0142ego.<\/p>\n<p>Fragmenty: nasze rozmowy potwierdzi\u0142y wol\u0119 intensyfikacji &#8211; \u201epodkre\u015bli\u0142 minister Jacek Czaputowicz\u201d, potrzeba ambitnych pa\u0144stw \u015brednich &#8211; \u201epowiedzia\u0142 minister Jacek Czaputowicz\u201d, nasze pa\u0144stwa zajmuj\u0105 miejsca z dw\u00f3ch stron kontynentu \u2013 \u201epowiedzia\u0142 minister Czaputowicz\u201d, polscy i hiszpa\u0144scy \u017co\u0142nierze s\u0142u\u017c\u0105 w ramach NATO na \u0141otwie \u2013 \u201edoda\u0142 szef polskiej dyplomacji\u201d.<\/p>\n<p>By\u0142em zdumiony, \u017ce relacja MSZ, rozpowszechniana przez PAP, by\u0142a tak jednostronna i \u2013 powiedzmy sobie \u2013 ma\u0142o elegancka, niezbyt dyplomatyczna. Na koniec puenta, czyli zako\u0144czenie relacji MSZ\/PAP. \u201eUWAGA! Komunikaty publikowane s\u0105 w serwisie PAP bez wprowadzania przez PAP SA jakichkolwiek zmian w ich tre\u015bci, w formie dostarczonej przez nadawc\u0119. Nadawca komunikatu ponosi odpowiedzialno\u015b\u0107 za jego tre\u015b\u0107 \u2013 z zastrze\u017ceniem postanowie\u0144 (&#8230;) ustawy prawo prasowe\u201d.<\/p>\n<p>Czyli ca\u0142a ta Francja elegancja to zas\u0142uga MSZ. To mnie akurat nie dziwi. Ale co robi Polska Agencja Prasowa? Zamiast rzeczowo i elegancko zrelacjonowa\u0107 wizyt\u0119 hiszpa\u0144skiego ministra, ogranicza si\u0119 do roli pos\u0142a\u0144ca. Postanowi\u0142em sprawdzi\u0107, co na temat tej wizyty przynosi dzisiaj najwi\u0119kszy dziennik hiszpa\u0144ski, lewicowy (a wi\u0119c bliski socjali\u015bcie Borrellowi) \u201eEl Pais\u201d. Niestety, ani s\u0142owa. Nie wiadomo, co lepsze \u2013 by\u0107 pos\u0142a\u0144cem czy milcze\u0107?<\/p>\n","protected":false},"excerpt":{"rendered":"<p>Nie wiadomo, co lepsze \u2013 by\u0107 pos\u0142a\u0144cem czy milcze\u0107?<\/p>\n","protected":false},"author":4,"featured_media":0,"comment_status":"open","ping_status":"closed","sticky":false,"template":"","format":"standard","meta":{"footnotes":""},"categories":[1],"tags":[],"_links":{"self":[{"href":"https:\/\/blog.polityka.pl\/passent\/wp-json\/wp\/v2\/posts\/5259"}],"collection":[{"href":"https:\/\/blog.polityka.pl\/passent\/wp-json\/wp\/v2\/posts"}],"about":[{"href":"https:\/\/blog.polityka.pl\/passent\/wp-json\/wp\/v2\/types\/post"}],"author":[{"embeddable":true,"href":"https:\/\/blog.polityka.pl\/passent\/wp-json\/wp\/v2\/users\/4"}],"replies":[{"embeddable":true,"href":"https:\/\/blog.polityka.pl\/passent\/wp-json\/wp\/v2\/comments?post=5259"}],"version-history":[{"count":3,"href":"https:\/\/blog.polityka.pl\/passent\/wp-json\/wp\/v2\/posts\/5259\/revisions"}],"predecessor-version":[{"id":5262,"href":"https:\/\/blog.polityka.pl\/passent\/wp-json\/wp\/v2\/posts\/5259\/revisions\/5262"}],"wp:attachment":[{"href":"https:\/\/blog.polityka.pl\/passent\/wp-json\/wp\/v2\/media?parent=5259"}],"wp:term":[{"taxonomy":"category","embeddable":true,"href":"https:\/\/blog.polityka.pl\/passent\/wp-json\/wp\/v2\/categories?post=5259"},{"taxonomy":"post_tag","embeddable":true,"href":"https:\/\/blog.polityka.pl\/passent\/wp-json\/wp\/v2\/tags?post=5259"}],"curies":[{"name":"wp","href":"https:\/\/api.w.org\/{rel}","templated":true}]}}