
{"id":5263,"date":"2019-03-22T23:24:15","date_gmt":"2019-03-22T22:24:15","guid":{"rendered":"https:\/\/passent.blog.polityka.pl\/?p=5263"},"modified":"2019-03-22T23:33:52","modified_gmt":"2019-03-22T22:33:52","slug":"zbudujemy-drugi-kazachstan","status":"publish","type":"post","link":"https:\/\/blog.polityka.pl\/passent\/2019\/03\/22\/zbudujemy-drugi-kazachstan\/","title":{"rendered":"Zbudujemy drugi Kazachstan?"},"content":{"rendered":"<p>Rz\u0105dz\u0105cy Kazachstanem od 30 lat prezydent Nursu\u0142tan Nazarbajew nieoczekiwanie zrezygnowa\u0142 ze stanowiska, a jego tymczasowym nast\u0119pc\u0105 (do \u201ewybor\u00f3w\u201d) zosta\u0142 ca\u0142kowicie mu oddany Kasym-\u017bomart Tokajew, by\u0142y premier i szef senatu.<br \/>\n<!--more--><br \/>\nJak tylko Tokajew obj\u0105\u0142 stanowisko, rozpocz\u0105\u0142 istny kult swojego poprzednika. Oto s\u0142owo w s\u0142owo, co pisze Rus\u0142an Szoszyn w \u201eRzeczpospolitej\u201d:<\/p>\n<p>Tu\u017c po zaprzysi\u0119\u017ceniu Tokajew zaproponowa\u0142 zmieni\u0107 nazw\u0119 stolicy kraju Astany na Nursu\u0142tan, oczywi\u015bcie ku czci pierwszego prezydenta. Propozycj\u0119 t\u0119 b\u0142yskawicznie zaopiniowa\u0142a odpowiednia komisja, a nast\u0119pnie w trybie natychmiastowym zosta\u0142a przeg\u0142osowana przez obie izby parlamentu. Na sali byli wszyscy parlamentarzy\u015bci i zmian\u0119 nazwy stolicy poparli jednog\u0142o\u015bnie. Ale to nie wszystko. Tokajew zaproponowa\u0142, by wszystkie g\u0142\u00f3wne ulice najwa\u017cniejszych miast kazachskich zosta\u0142y nazwane ku czci pierwszego prezydenta. W stolicy ma te\u017c stan\u0105\u0107 pomnik Nazarbajewa. G\u0142\u00f3wne lotnisko stolicy od lat nosi imi\u0119 \u201eprzyw\u00f3dcy narodu\u201d.<\/p>\n<p>Portret Tokajewa pojawi\u0142 si\u0119 na oficjalnej stronie internetowej przyw\u00f3dcy kraju. Na g\u0142\u00f3wnej stronie wci\u0105\u017c jednak widnieje pierwszy prezydent i ca\u0142a kolumna po\u015bwi\u0119cona jego dzia\u0142alno\u015bci. Jego portrety raczej nie znikn\u0105 z urz\u0119d\u00f3w, szk\u00f3\u0142, szpitali i wszystkich pozosta\u0142ych miejsc publicznych. Wszystko wskazuje, \u017ce Nazarbajew nadal b\u0119dzie rz\u0105dzi\u0142 najbogatszym krajem Azji \u015arodkowej. Wed\u0142ug obowi\u0105zuj\u0105cego prawa mo\u017ce do\u017cywotnio zajmowa\u0107 stanowisko przewodnicz\u0105cego Rady Bezpiecze\u0144stwa Kazachstanu. Bez jego zgody nie zapadnie \u017cadna istotna decyzja w kraju, b\u0119dzie wci\u0105\u017c akceptowa\u0142 sk\u0142ad rz\u0105du, a nawet kandydat\u00f3w na burmistrz\u00f3w kazachskich miast. Nazarbajew b\u0119dzie wci\u0105\u017c m\u00f3g\u0142 wydawa\u0107 dekrety, je\u015bli uzna, \u017ce dotyczy to kompetencji Rady.<\/p>\n<p>Na razie \u201eprzyw\u00f3dca narodu\u201d nie wskaza\u0142 swojego nast\u0119pcy. Awansowa\u0142a jego c\u00f3rka Dariga. Zaj\u0119\u0142a fotel Tokajewa w Senacie. Lokalni analitycy nie wykluczaj\u0105, \u017ce to ona obejmie sched\u0119 po ojcu. Wybory przewidziane s\u0105 za rok, w kwietniu 2020 r.<\/p>\n<p>Tyle \u201eRzeczpospolita\u201d. Nie zdziwi\u0142bym si\u0119, gdyby wybory odby\u0142y si\u0119 1 kwietnia.<\/p>\n<p><strong>Zaproszenie<\/strong><br \/>\nNaszymi go\u015b\u0107mi w Radiu TOK FM b\u0119d\u0105: fizyk prof. \u0141ukasz Turski, prof. Roman Ku\u017aniar (stosunki mi\u0119dzynarodowe) i redaktor naczelny POLITYKI Jerzy Baczy\u0144ski. Niedziela 24 marca o godz. 10:05.<\/p>\n","protected":false},"excerpt":{"rendered":"<p>Rz\u0105dz\u0105cy Kazachstanem od 30 lat prezydent Nursu\u0142tan Nazarbajew nieoczekiwanie zrezygnowa\u0142 ze stanowiska, a jego tymczasowym nast\u0119pc\u0105 (do \u201ewybor\u00f3w\u201d) zosta\u0142 ca\u0142kowicie mu oddany Kasym-\u017bomart Tokajew, by\u0142y premier i szef senatu.<\/p>\n","protected":false},"author":4,"featured_media":0,"comment_status":"open","ping_status":"closed","sticky":false,"template":"","format":"standard","meta":{"footnotes":""},"categories":[1],"tags":[],"_links":{"self":[{"href":"https:\/\/blog.polityka.pl\/passent\/wp-json\/wp\/v2\/posts\/5263"}],"collection":[{"href":"https:\/\/blog.polityka.pl\/passent\/wp-json\/wp\/v2\/posts"}],"about":[{"href":"https:\/\/blog.polityka.pl\/passent\/wp-json\/wp\/v2\/types\/post"}],"author":[{"embeddable":true,"href":"https:\/\/blog.polityka.pl\/passent\/wp-json\/wp\/v2\/users\/4"}],"replies":[{"embeddable":true,"href":"https:\/\/blog.polityka.pl\/passent\/wp-json\/wp\/v2\/comments?post=5263"}],"version-history":[{"count":3,"href":"https:\/\/blog.polityka.pl\/passent\/wp-json\/wp\/v2\/posts\/5263\/revisions"}],"predecessor-version":[{"id":5266,"href":"https:\/\/blog.polityka.pl\/passent\/wp-json\/wp\/v2\/posts\/5263\/revisions\/5266"}],"wp:attachment":[{"href":"https:\/\/blog.polityka.pl\/passent\/wp-json\/wp\/v2\/media?parent=5263"}],"wp:term":[{"taxonomy":"category","embeddable":true,"href":"https:\/\/blog.polityka.pl\/passent\/wp-json\/wp\/v2\/categories?post=5263"},{"taxonomy":"post_tag","embeddable":true,"href":"https:\/\/blog.polityka.pl\/passent\/wp-json\/wp\/v2\/tags?post=5263"}],"curies":[{"name":"wp","href":"https:\/\/api.w.org\/{rel}","templated":true}]}}