
{"id":5273,"date":"2019-03-28T21:51:02","date_gmt":"2019-03-28T20:51:02","guid":{"rendered":"https:\/\/passent.blog.polityka.pl\/?p=5273"},"modified":"2019-03-28T22:22:36","modified_gmt":"2019-03-28T21:22:36","slug":"slodkie-prezenty","status":"publish","type":"post","link":"https:\/\/blog.polityka.pl\/passent\/2019\/03\/28\/slodkie-prezenty\/","title":{"rendered":"S\u0142odkie prezenty"},"content":{"rendered":"<p>Polsk\u0119 obieg\u0142a wiadomo\u015b\u0107, \u017ce w Warszawie zlikwidowano ostatni oddzia\u0142 psychiatrii dzieci\u0119cej w szpitalu. W ca\u0142ej Polsce jest tylko czterystu psychiatr\u00f3w dzieci\u0119cych (na miliony dzieci!). W TVN pokazano sceny szpitalne, w tym materace na korytarzach, kt\u00f3re to korytarze s\u0105 ju\u017c za ma\u0142e, \u017ceby po\u0142o\u017cy\u0107 wszystkich chorych. Nie brakuje materacy \u2013 brakuje korytarzy. Inna wiadomo\u015b\u0107 dotyczy\u0142a strajku nauczycieli, kt\u00f3rego widmo kr\u0105\u017cy nad Polsk\u0105.<br \/>\n<!--more--><br \/>\nWiadomo\u015bci te nasuwaj\u0105 jeden wniosek: miliardy z bud\u017cetu wydawane na 500+, 300+, 888+ dla emeryt\u00f3w i rencist\u00f3w, zwolnienie od podatku os\u00f3b poni\u017cej 26. roku \u017cycia, podniesienie p\u0142acy minimalnej \u2013 te i inne podarunki prezesa nale\u017ca\u0142o przeznaczy\u0107 na chronicznie niedoinwestowan\u0105 ochron\u0119 zdrowia i edukacj\u0119.<\/p>\n<p>Oczywi\u015bcie, ochrona zdrowia i o\u015bwiata nie s\u0105 \u017cadnym elektoratem, wi\u0119c \u017cadnego prezentu od prezesa nie dosta\u0142y. \u0141\u00f3\u017cka szpitalne nie g\u0142osuj\u0105. Got\u00f3wk\u0119 otrzymuj\u0105 wyborcy, polski rz\u0105d tuczy tym samym sw\u00f3j elektorat. &#8222;Trzynasta emerytura co roku, je\u015bli wygra PiS&#8221; \u2013 powiedzia\u0142a premier Szyd\u0142o. Oczywi\u015bcie, prezent dostaj\u0105 wszyscy, a komu maj\u0105 by\u0107 wdzi\u0119czni &#8211; oczywi\u015bcie rz\u0105dowi, bo od rz\u0105du go dostali. Normalny cz\u0142owiek, kiedy dostaje prezent, na pewno nie wyda go na o\u015bwiat\u0119 czy na s\u0142u\u017cb\u0119 zdrowia. Od tego jest bud\u017cet, a od \u015bwi\u0119ta \u2013 Owsiak ze swoj\u0105 orkiestr\u0105.<\/p>\n<p>Tak ogl\u0105dane prezenty dla ludno\u015bci okazuj\u0105 si\u0119 zatrute. Owszem, stanowi\u0105 zasilenie bud\u017cet\u00f3w rodzinnych, pozwalaj\u0105 na bardziej \u201egodne \u017cycie\u201d, pomagaj\u0105 wyrwa\u0107 si\u0119 z ub\u00f3stwa, ALE nikt przy zdrowych zmys\u0142ach nie s\u0105dzi chyba, \u017ce od tego poprawi si\u0119 opieka zdrowotna. Albo \u017ce klasy szkolne, zamiast liczy\u0107 20+ (a mo\u017ce i 30+) dzieci, stan\u0105 si\u0119 mniej liczne, od tego jest bud\u017cet i Owsiak ze swoj\u0105 orkiestr\u0105. Inkasujemy prezenty i stoimy w wielomiesi\u0119cznej nieraz kolejce do lekarza, a dzieci gnie\u017cd\u017c\u0105 si\u0119 w klasach jak sardynki. Te prezenty maj\u0105 w sobie co\u015b ze s\u0142odyczy: s\u0105 smaczne, ale na d\u0142u\u017csz\u0105 met\u0119 cukier nie jest zdrowy, jest szkodliwy &#8211; od pr\u00f3chnicy po cukrzyc\u0119.<\/p>\n<p>Du\u017co lepiej by\u0142oby przeznaczy\u0107 prezenty dla najbardziej potrzebuj\u0105cych, dla rodzin najbiedniejszych, najbardziej potrzebuj\u0105cych, a zaoszcz\u0119dzone w ten spos\u00f3b \u015brodki przeznaczy\u0107 na cele wa\u017cniejsze ni\u017c wakacje nad morzem, pralka czy lod\u00f3wka.<\/p>\n<p>500 plus i inne \u201eplusy\u201d to nadzwyczaj zr\u0119czne i cyniczne posuni\u0119cie z punktu widzenia strategii wyborczej, w dodatku zamyka usta opozycji, gdy\u017c i ta musi deklarowa\u0107, \u017ce niczego nie odbierze, a nawet jeszcze doda. Ale dla Polski jest to tylko jeden prezent &#8211; rz\u0105d Prawa i Sprawiedliwo\u015bci. Nie zawsze jednak to, co jest najlepsze dla w\u0142adzy, jest najlepsze dla Polski.<\/p>\n<p><strong>Zaproszenie<\/strong><br \/>\nGo\u015bcie Plus! W niedziel\u0119 31 marca, jak zwykle o godzinie 10:05, naszymi go\u015b\u0107mi w Radiu TOK FM b\u0119d\u0105: dr Patrycja Sasnal (arabistka, PISM), Bogus\u0142aw Chrabota (redaktor naczelny \u201eRzeczpospolitej\u201d) i S\u0142awomir Sierakowski (publicysta, tw\u00f3rca bastionu lewicy &#8211; &#8222;Krytyki Politycznej&#8221;).<\/p>\n","protected":false},"excerpt":{"rendered":"<p>500 plus i inne \u201eplusy\u201d to nadzwyczaj zr\u0119czne i cyniczne posuni\u0119cie.<\/p>\n","protected":false},"author":4,"featured_media":5277,"comment_status":"open","ping_status":"closed","sticky":false,"template":"","format":"standard","meta":{"footnotes":""},"categories":[1],"tags":[],"_links":{"self":[{"href":"https:\/\/blog.polityka.pl\/passent\/wp-json\/wp\/v2\/posts\/5273"}],"collection":[{"href":"https:\/\/blog.polityka.pl\/passent\/wp-json\/wp\/v2\/posts"}],"about":[{"href":"https:\/\/blog.polityka.pl\/passent\/wp-json\/wp\/v2\/types\/post"}],"author":[{"embeddable":true,"href":"https:\/\/blog.polityka.pl\/passent\/wp-json\/wp\/v2\/users\/4"}],"replies":[{"embeddable":true,"href":"https:\/\/blog.polityka.pl\/passent\/wp-json\/wp\/v2\/comments?post=5273"}],"version-history":[{"count":3,"href":"https:\/\/blog.polityka.pl\/passent\/wp-json\/wp\/v2\/posts\/5273\/revisions"}],"predecessor-version":[{"id":5276,"href":"https:\/\/blog.polityka.pl\/passent\/wp-json\/wp\/v2\/posts\/5273\/revisions\/5276"}],"wp:featuredmedia":[{"embeddable":true,"href":"https:\/\/blog.polityka.pl\/passent\/wp-json\/wp\/v2\/media\/5277"}],"wp:attachment":[{"href":"https:\/\/blog.polityka.pl\/passent\/wp-json\/wp\/v2\/media?parent=5273"}],"wp:term":[{"taxonomy":"category","embeddable":true,"href":"https:\/\/blog.polityka.pl\/passent\/wp-json\/wp\/v2\/categories?post=5273"},{"taxonomy":"post_tag","embeddable":true,"href":"https:\/\/blog.polityka.pl\/passent\/wp-json\/wp\/v2\/tags?post=5273"}],"curies":[{"name":"wp","href":"https:\/\/api.w.org\/{rel}","templated":true}]}}