
{"id":5278,"date":"2019-03-31T23:08:56","date_gmt":"2019-03-31T21:08:56","guid":{"rendered":"https:\/\/passent.blog.polityka.pl\/?p=5278"},"modified":"2019-04-01T08:11:59","modified_gmt":"2019-04-01T06:11:59","slug":"nobel-w-sandalach-czyli-niewazne-pytania","status":"publish","type":"post","link":"https:\/\/blog.polityka.pl\/passent\/2019\/03\/31\/nobel-w-sandalach-czyli-niewazne-pytania\/","title":{"rendered":"Nobel w sanda\u0142ach, czyli niewa\u017cne pytania"},"content":{"rendered":"<p>Z g\u00f3ry uprzedzam, \u017ce to nie jest wpis powa\u017cny, raczej ciekawostki po niedzieli. Je\u017celi kto\u015b ceni sw\u00f3j czas i szuka powa\u017cnych refleksji, to nie tym razem, radz\u0119 przewin\u0105\u0107. Wstyd zajmowa\u0107 si\u0119 takimi b\u0142ahostkami, kiedy trwa kampania, wali si\u0119 imperium, a Putin ostrzy z\u0119by. Niech mnie usprawiedliwi pierwszy kwietnia (cho\u0107 obie historie s\u0105 prawdziwe).<br \/>\n<!--more--><br \/>\nA teraz <em>ad rem<\/em>. Jedn\u0105 z mocnych stron tygodnika \u201eThe New Yorker\u201d jest oprawa graficzna, w tym pi\u0119kne og\u0142oszenia \u2013 kreacje, modelki, domy mody. Zazwyczaj barwne, efektowne, przyci\u0105gaj\u0105ce oko. Jakie\u017c by\u0142o moje zdumienie, kiedy zobaczy\u0142em pierwsze og\u0142oszenie w numerze z 18 marca (str. 9). Radz\u0119 zajrze\u0107.<\/p>\n<p>Fotografia przedstawia starszego pana, kt\u00f3ry stoi przy biurku. Jest \u201ena luzie\u201d, z r\u0119kami w kieszeniach, ubrany niezobowi\u0105zuj\u0105co \u201epo domowemu\u201d, w koszul\u0119, d\u017cinsy i w sanda\u0142ach. W pierwszej chwili nie wiadomo, co ten pan reklamuje i dlaczego fotografia jest taka skromna. Pomaga nam niewielki napis \u201eBirkenstock. Tradycja od 1774\u201d. (Znana firma obuwnicza, specjalizuj\u0105ca si\u0119 w sanda\u0142ach, klapkach, &#8222;zdrowym obuwiu\u201d).<\/p>\n<p>Ale i w tym nie ma niczego nadzwyczajnego. Dopiero podpis drobnym drukiem pod zdj\u0119ciem stanowi tzw. clou: \u201eThomas Suedhof \u2013 biochemik, laureat Narody Nobla w dziedzinie fizjologii lub medycyny, w czarnych, sk\u00f3rzanych (sanda\u0142ach) Milano, kupionych w 2018 r. Sfotografowano w Stanford, 2018\u201d (to najbardziej znany uniwersytet w Kalifornii).<\/p>\n<p>Profesor S. w m\u0142odo\u015bci kszta\u0142ci\u0142 si\u0119 w dziedzinie muzyki, z czasem uko\u0144czy\u0142 medycyn\u0119. Dwaj jego nauczyciele, czy mistrzowie, r\u00f3wnie\u017c byli laureatami Nobla. Jego druga \u017cona jest neurologiem i  neurochirurgiem. (To specjalno\u015b\u0107 bliska zainteresowaniom profesora). Suedhof ma siedmioro dzieci, ale program 500 plus go nie obejmuje. By\u0107 mo\u017ce dlatego zgodzi\u0142 si\u0119 wzi\u0105\u0107 udzia\u0142 w reklamie? A mo\u017ce zrobi\u0142 to dla \u017cartu albo przeznaczy\u0142 honorarium na cele charytatywne? Kto wie, niech napisze.<\/p>\n<p>Jeszcze jedno niewa\u017cne pytanie. Na portalu wPolityce.pl braci Karnowskich czytamy:<\/p>\n<blockquote><p>Reporterzy Superwizjera TVN Anna Sobolewska i Bertold Kittel przygotowali reporta\u017c &#8222;Farma trolli&#8221;. Dziennikarz ZWI\u0104ZANY z tygodnikiem &#8222;Polityka&#8221; Jan Rojewski zarzuca autorom materia\u0142u, \u017ce oparli si\u0119 na informacjach z jego materia\u0142u, jednak nie skontaktowali si\u0119 z nim przy powstawaniu materia\u0142u\u201d.<\/p><\/blockquote>\n<p>(Podkre\u015blenie moje). Jestem \u201ezwi\u0105zany\u201d z \u201ePolityk\u0105\u201d ponad 50 lat i nie przypominam sobie, \u017ceby z tym pismem zwi\u0105zany (!) by\u0142 kto\u015b, kto nazywa si\u0119 Jan Rojewski. Oczywi\u015bcie, czas robi swoje, skleroza, staro\u015b\u0107, na pewno nie pami\u0119tam setek, tysi\u0119cy autor\u00f3w, jacy pojawili si\u0119 na naszych \u0142amach. Ale \u017cebym nie pami\u0119ta\u0142 kogo\u015b ZWI\u0104ZANEGO z tym pismem, toby mnie powa\u017cnie zaniepokoi\u0142o. Wi\u0119c mo\u017ce kto\u015b wie, \u201ewho is who\u201d i na czym polega(\u0142) jego zwi\u0105zek w \u201ePolityk\u0105\u201d?<\/p>\n<p>Jakie\u015b p\u00f3\u0142 wieku temu na rogu ulic \u015awi\u0119tokrzyskiej i Jasnej w Warszawie mie\u015bci\u0142 si\u0119 du\u017cy sklep Mody Polskiej z konfekcj\u0105 m\u0119sk\u0105. Wisia\u0142a tam marynarka, do kt\u00f3rej przypi\u0119ta by\u0142a kartka: \u201eZarezerwowane dla redaktora Pisarka z POLITYKI\u201d. By\u0142a to posta\u0107 mityczna. Poszukiwania redaktora Rojewskiego trwaj\u0105. By\u0142by\u017c to kolejny troll wymy\u015blony przez oszust\u00f3w z TVN? Marynarka czeka!<\/p>\n<p>Swoj\u0105 drog\u0105 ciekawe, kogo znajd\u0105 wcze\u015bniej: Rojewskiego czy Falent\u0119?<\/p>\n","protected":false},"excerpt":{"rendered":"<p>Z g\u00f3ry uprzedzam, \u017ce to nie jest wpis powa\u017cny, raczej ciekawostki po niedzieli. Je\u017celi kto\u015b ceni sw\u00f3j czas i szuka powa\u017cnych refleksji, to nie tym razem, radz\u0119 przewin\u0105\u0107. Wstyd zajmowa\u0107 si\u0119 takimi b\u0142ahostkami, kiedy trwa kampania, wali si\u0119 imperium, a Putin ostrzy z\u0119by. Niech mnie usprawiedliwi pierwszy kwietnia (cho\u0107 obie historie s\u0105 prawdziwe).<\/p>\n","protected":false},"author":4,"featured_media":0,"comment_status":"open","ping_status":"closed","sticky":false,"template":"","format":"standard","meta":{"footnotes":""},"categories":[1],"tags":[],"_links":{"self":[{"href":"https:\/\/blog.polityka.pl\/passent\/wp-json\/wp\/v2\/posts\/5278"}],"collection":[{"href":"https:\/\/blog.polityka.pl\/passent\/wp-json\/wp\/v2\/posts"}],"about":[{"href":"https:\/\/blog.polityka.pl\/passent\/wp-json\/wp\/v2\/types\/post"}],"author":[{"embeddable":true,"href":"https:\/\/blog.polityka.pl\/passent\/wp-json\/wp\/v2\/users\/4"}],"replies":[{"embeddable":true,"href":"https:\/\/blog.polityka.pl\/passent\/wp-json\/wp\/v2\/comments?post=5278"}],"version-history":[{"count":3,"href":"https:\/\/blog.polityka.pl\/passent\/wp-json\/wp\/v2\/posts\/5278\/revisions"}],"predecessor-version":[{"id":5281,"href":"https:\/\/blog.polityka.pl\/passent\/wp-json\/wp\/v2\/posts\/5278\/revisions\/5281"}],"wp:attachment":[{"href":"https:\/\/blog.polityka.pl\/passent\/wp-json\/wp\/v2\/media?parent=5278"}],"wp:term":[{"taxonomy":"category","embeddable":true,"href":"https:\/\/blog.polityka.pl\/passent\/wp-json\/wp\/v2\/categories?post=5278"},{"taxonomy":"post_tag","embeddable":true,"href":"https:\/\/blog.polityka.pl\/passent\/wp-json\/wp\/v2\/tags?post=5278"}],"curies":[{"name":"wp","href":"https:\/\/api.w.org\/{rel}","templated":true}]}}