
{"id":528,"date":"2009-01-12T10:45:54","date_gmt":"2009-01-12T09:45:54","guid":{"rendered":"http:\/\/passent.blog.polityka.pl\/?p=528"},"modified":"2009-01-12T10:45:54","modified_gmt":"2009-01-12T09:45:54","slug":"nuda-wszedzie-%e2%80%93-co-to-bedzie","status":"publish","type":"post","link":"https:\/\/blog.polityka.pl\/passent\/2009\/01\/12\/nuda-wszedzie-%e2%80%93-co-to-bedzie\/","title":{"rendered":"Nuda wsz\u0119dzie \u2013 co to b\u0119dzie?"},"content":{"rendered":"<p>\u017bycie polityczne nie nabra\u0142o jeszcze rumie\u0144c\u00f3w po \u015bwi\u0119tach i niezbyt jest co komentowa\u0107. O kryzysie gazowym nie b\u0119d\u0119 pisa\u0142, bo o tym opisz\u0105 wszyscy. Wyskoki pos\u0142a Palikota (o pos\u0142ance, kt\u00f3ra si\u0119 prostytuuje politycznie) s\u0105 \u017ca\u0142osne, pisa\u0142em o tym kilkakrotnie, ale ile mo\u017cna o tym dyskutowa\u0107? Odwo\u0142anie prezes\u00f3w i wiceprezes\u00f3w TVP i Polskiego Radia bardzo mi odpowiada, to \u015bwietna wiadomo\u015b\u0107, cho\u0107 wola\u0142bym, \u017ceby to si\u0119 dokona\u0142o\u00a0 r\u0119koma innymi ni\u017c LPR i Samoobrony. Ale skoro PiS uczyni\u0142 z nich aktor\u00f3w medialnej sceny, to nic dziwnego, \u017ce teraz graj\u0105 i maj\u0105 swoje pi\u0119\u0107 minut. Panowie Urba\u0144ski, Czaba\u0144ski, Targalski, Wildstein oraz ich ludzie nie powinni byli sta\u0107 na czele medi\u00f3w publicznych. Sprawc\u0105 tego nieszcz\u0119\u015bcia by\u0142 prezes PiS, kt\u00f3ry osobi\u015bcie dobiera\u0142 prezes\u00f3w TVP i teraz ma za swoje. Pierwsze decyzje nowego kierownictwa zmierzaj\u0105 do os\u0142abienia\u00a0 ogromnych wp\u0142yw\u00f3w PiS w mediach publicznych i jako takie zas\u0142uguj\u0105 na poparcie, cho\u0107 samo to nowe kierownictwo jak najszybciej powinno ust\u0105pi\u0107 miejsca\u00a0 ludziom, kt\u00f3rzy g\u00f3ruj\u0105 nad prezesem Farfa\u0142em, o co nietrudno.<\/p>\n<p>Na froncie kulturalnym wielkie wydarzenie: 80-lecie Wandy Wi\u0142komirskiej. Mia\u0142em zaszczyt by\u0107\u00a0 na jubileuszu w Filharmonii Narodowej, nasz\u0105 wspania\u0142\u0105 Wand\u0119 znam od ponad 50 lat, by\u0142em na koncercie w 1955 r. z okazji otwarcia odbudowanej Filharmonii, na kt\u00f3rym m\u0142odziutka Wanda by\u0142a solistk\u0105, a wkr\u00f3tce pozna\u0142em j\u0105 jako \u017con\u0119 Rakowskiego. Dzisiejszy koncert jubileuszowy by\u0142 wspania\u0142y, nie by\u0142o takiego, od kiedy Artur Rubinstein przyjecha\u0142 do Polski, ca\u0142a sala wsta\u0142a na powitanie wielkiej skrzypaczki, by\u0142 list od prezydenta i list od ministra Kultury (szkoda, \u017ce \u017caden z nich nie pofatygowa\u0142 si\u0119 osobi\u015bcie), ale nie mog\u0119 o tym pisa\u0107, bo muzyka to domena Doroty Szwarcman. Wi\u0119c tylko \u017cyczenia: Kochana Wando \u2013 graj nam po wsze czasy!<\/p>\n<p>Poza tym mamy dobre zjawisko &#8211; pojawia si\u0119 zanik rewolucyjnej czujno\u015bci,\u00a0 os\u0142abienie pracy ideologicznej. W pryncypialnej zazwyczaj \u201eRzeczpospolitej\u201d (9.I) przeczyta\u0142em artykulik o wybitnym komiku, Adolfie Dymszy, artykulik tak pochwalny, \u017ce \u015bmia\u0142em si\u0119 do \u0142ez. Dowiadujemy si\u0119 ze\u0144, \u017ce popularny \u2018Dodek\u2019, to by\u0142 \u2018geniusz\u2019, \u2018niedoceniony\u2019, \u2018wielki aktor\u2019, \u2018mistrz komedii\u2019, \u2018polski Chaplin i Buster Keaton\u2019. Po II wojnie \u015bwiatowej \u2018odnalaz\u0142 swoje miejsce w warszawskim Teatrze Syrena, w kt\u00f3rym gra\u0142 a\u017c do emerytury \u2013 do 1973 r. Zmar\u0142 w 1975 r. Pozosta\u0142y po nim filmy i anegdoty.<\/p>\n<p>Ciekawe, kto pu\u015bci\u0142 takie bezideowe, obiektywistyczne wspomnienie, w kt\u00f3rym nie ma \u017cadnej pr\u00f3by dyskredytacji Dodka: \u017ce by\u0142 aktorem peerelowskim, \u017ce szczyt jego kariery mia\u0142 miejsce w ponurych latach komunizmu, \u017ce gra\u0142 w Teatrze Syrena, kt\u00f3ry nie uchodzi\u0142 za plac\u00f3wk\u0119 opozycyjn\u0105, \u017ce podczas okupacji\u2026 itd. Tylko jako\u015b tak po prostu: Wielkim komikiem by\u0142. I basta! Jak\u017ce si\u0119 to r\u00f3\u017cni od rozmaitych pr\u00f3b dyskredytacji ludzi znacznie bardziej zas\u0142u\u017conych.<\/p>\n<p>Zaniepokojony si\u0119gn\u0105\u0142em do \u201eWyborczej\u201d, a tam recenzja z \u201ePolskiego s\u0142ownika pijackiego\u201d, Juliana Tuwima. I zn\u00f3w same komplementy: poeta, \u2018genialny t\u0142umacz poezji rosyjskiej\u2019, tak\u017ce tw\u00f3rca \u2018niepowa\u017cny\u2019, autor \u2018Jarmarku rym\u00f3w\u2019, kt\u00f3ry \u2013 razem z Antonim S\u0142onimskim \u2013 uczy\u0142 Polak\u00f3w czym jest pure nonsense i humor abstrakcyjny, \u2018dokona\u0142 dzie\u0142a na miar\u0119 Linneusza\u2019, wielki bibliofil, autor epokowego s\u0142ownika pijackiego. \u201eMo\u017cna czyta\u0107 bez popijania. I tak zakr\u0119ci si\u0119 w g\u0142owie\u2026\u201d\u00a0 &#8211; zach\u0119ca\u00a0 autorka.<\/p>\n<p>I zn\u00f3w podsumowanie cz\u0142owieka, pozbawione rewolucyjnej czujno\u015bci &#8211; nie wspomina, \u017ce Tuwim po II wojnie powr\u00f3ci\u0142 z emigracji do PRL, \u017ce trzyma\u0142 si\u0119 lewicy, \u017ce by\u0142 kierownikiem literackim peerelowskiego teatru, \u017ce by\u0142 \u2018s\u0142u\u017calczy\u2019, a nawet pope\u0142ni\u0142 co\u015b o Stalinie. Nie tak wyobra\u017camy sobie jedynie s\u0142uszne biografie Tuwima, Brzechwy czy S\u0142onimskiego. Ten brak czujno\u015bci mo\u017cna jednak czasami zrozumie\u0107. Autorka, Joanna Szcz\u0119sna, sama ma zas\u0142ugi w opozycji antykomunistycznej, nie musi wi\u0119c niczego nadrabia\u0107.<\/p>\n<p>Pisa\u0142em niedawno (<strong><a href=\"http:\/\/passent.blog.polityka.pl\/?p=521\">Panie Waldorff, pan by\u0142 zerem<\/a><\/strong>), \u017ce dzi\u015b usi\u0142uje si\u0119 ludzi zdyskredytowa\u0107 za sam fakt,\u00a0 \u017ce \u017cyli i tworzyli w PRL, lub pope\u0142nili jeden\u00a0 fa\u0142szywy krok, co cz\u0119sto wida\u0107 dopiero dzisiaj. Sprawiedliwo\u015b\u0107 t\u0119 wymierzaj\u0105\u00a0 niejednokrotnie ludzie, kt\u00f3rzy nie zd\u0105\u017cyli si\u0119 zas\u0142u\u017cy\u0107 w demokratycznej opozycji, albo wr\u0119cz byli wtedy za m\u0142odzi, \u017ceby wykaza\u0107 si\u0119 odwag\u0105. Albo wreszcie tacy, kt\u00f3rzy byli w PZPR, komunizowali, potem przeszli ewolucj\u0119, i teraz usi\u0142uj\u0105 nadrobi\u0107 grzechy m\u0142odo\u015bci. Nazwisk nie b\u0119d\u0119 wymienia\u0142.<\/p>\n<p>Nie jest to zreszt\u0105\u00a0 tylko polski fenomen. Dziesi\u0119\u0107 lat po rewolucji bolszewickiej, w 1927 roku, poeta, kt\u00f3ry t\u0119skni\u0142 do mocnych wra\u017ce\u0144,\u00a0 pisa\u0142: \u201eTrzeba czego\u015b, co by nami wstrz\u0105sn\u0119\u0142o i oczy\u015bci\u0142o atmosfer\u0119 (niekt\u00f3rzy marz\u0105 nawet o wojnie)\u201d. Brytyjski historyk, Orlando Figes, w znakomitej ksi\u0105\u017cce \u201eSzepty\u201d, pisze: \u201eHas\u0142o powrotu do metod\u00a0\u00a0 z czas\u00f3w wojny domowej szczeg\u00f3lnie poci\u0105ga\u0142o m\u0142odszych komunist\u00f3w \u2013 urodzonych w pierwszym i drugim dziesi\u0119cioleciu XX wieku \u2013 kt\u00f3rzy byli zbyt m\u0142odzi aby uczestniczy\u0107 w rewolucyjnych walkach\u201d. Jeden z nich \u017cali\u0142 si\u0119, \u017ce komsomolcy jego pokolenia, kt\u00f3re podczas rewolucji mia\u0142o dziesi\u0119\u0107 lat, albo i mniej, \u201eobra\u017cali si\u0119 na sw\u00f3j los, rozpaczali, \u017ce nie zosta\u0142o nic, czego mogliby dokona\u0107, poniewa\u017c rewolucja si\u0119 sko\u0144czy\u0142a\u201d, a starsze pokolenie pozostawi\u0142o w spadku tylko nudne \u017cycie, \u201epozbawione walki i uniesie\u0144\u201d.<\/p>\n<p>Prawie sto lat p\u00f3\u017aniej, kolejne pokolenie zagrzewa do walki (zgodnie z nauk\u0105 Stalina, \u017ce w miar\u0119 budowy nowego systemu walka klasowa si\u0119 zaostrza) , buntuje si\u0119 przeciwko pob\u0142a\u017caniu (\u201eNie ma przebacz\u201d), rozlicza, obala, nicuje, dyskredytuje, rozczarowane, \u017ce rewolucja wszcz\u0119ta\u00a0 przez Jaros\u0142awa Kaczy\u0144skiego wypali\u0142a si\u0119 i degeneruje, przybieraj\u0105c posta\u0107 walki z kryzysem (\u201egospodarka \u2013 g\u0142upcze!\u201d) i tym podobne bana\u0142y.<br \/>\nGdyby nie hunwejbini, mo\u017cna by\u00a0 umrze\u0107 z nud\u00f3w.<\/p>\n<p><strong>Roman 56, Kadett, Micha\u0142, Jacobsky, Kecaj, Polonia-Sawa<\/strong> \u2013 dzi\u0119kuj\u0119 za \u017cyczenia i za dobre s\u0142owo.<\/p>\n<p><strong>Pundit<\/strong> zwraca uwag\u0119 \u2013 by\u0107 mo\u017ce s\u0142usznie &#8211;\u00a0 \u017ce naruszy\u0142em prawa autorskie, fotografuj\u0105c w muzeum i pokazuj\u0105c na blogu prace Andy Warhola. Obiecuj\u0119 popraw\u0119, ca\u0142e szcz\u0119\u015bcie, \u017ce na og\u00f3\u0142 w muzeach i tak nie wolno fotografowa\u0107, a mia\u0142em ochot\u0119, zw\u0142aszcza, kiedy ogl\u0105da\u0142em prace\u00a0 Koonsa, bo obrazy Klee do fotografowania si\u0119 nie nadaj\u0105. A czy nowe budynki i pomniki wolno fotografowa\u0107 i rozpowszechnia\u0107, bo to te\u017c s\u0105 dzie\u0142a sztuki?<\/p>\n<p>Sympatyk Bywalca pyta w jakich okoliczno\u015bciach zosta\u0142em sfilmowany z PP. Lechem i Mari\u0105 Kaczy\u0144skimi. Odpowiadam: To by\u0142o na korytarzu w budynku TVN,\u00a0 w okolicy wybor\u00f3w prezydenckich, akurat Pa\u0144stwo K. przychodzili, a ja czeka\u0142em na sw\u00f3j udzia\u0142 w programie. Lecha Kaczy\u0144skiego pozna\u0142em, kiedy by\u0142 prezydentem Warszawy i zaszczyci\u0142 swoj\u0105 obecno\u015bci\u0105 koncert galowy na zako\u0144czenie dorocznego konkursu Pami\u0119tajmy o Osieckiej. Lech Kaczy\u0144ski wr\u0119czy\u0142 w\u00f3wczas nagrod\u0119 prezydenta miasta i z w\u0142asnej inicjatywy wzi\u0105\u0142\u00a0 nasz skromny koncert oraz konkurs pod skrzyd\u0142a ratusza, za co mu jeste\u015bmy wdzi\u0119czni.<\/p>\n","protected":false},"excerpt":{"rendered":"<p>\u017bycie polityczne nie nabra\u0142o jeszcze rumie\u0144c\u00f3w po \u015bwi\u0119tach i niezbyt jest co komentowa\u0107. O kryzysie gazowym nie b\u0119d\u0119 pisa\u0142, bo o tym opisz\u0105 wszyscy. Wyskoki pos\u0142a Palikota (o pos\u0142ance, kt\u00f3ra si\u0119 prostytuuje politycznie) s\u0105 \u017ca\u0142osne, pisa\u0142em o tym kilkakrotnie, ale ile mo\u017cna o tym dyskutowa\u0107? Odwo\u0142anie prezes\u00f3w i wiceprezes\u00f3w TVP i Polskiego Radia bardzo mi [&hellip;]<\/p>\n","protected":false},"author":4,"featured_media":0,"comment_status":"open","ping_status":"open","sticky":false,"template":"","format":"standard","meta":{"footnotes":""},"categories":[1],"tags":[],"_links":{"self":[{"href":"https:\/\/blog.polityka.pl\/passent\/wp-json\/wp\/v2\/posts\/528"}],"collection":[{"href":"https:\/\/blog.polityka.pl\/passent\/wp-json\/wp\/v2\/posts"}],"about":[{"href":"https:\/\/blog.polityka.pl\/passent\/wp-json\/wp\/v2\/types\/post"}],"author":[{"embeddable":true,"href":"https:\/\/blog.polityka.pl\/passent\/wp-json\/wp\/v2\/users\/4"}],"replies":[{"embeddable":true,"href":"https:\/\/blog.polityka.pl\/passent\/wp-json\/wp\/v2\/comments?post=528"}],"version-history":[{"count":0,"href":"https:\/\/blog.polityka.pl\/passent\/wp-json\/wp\/v2\/posts\/528\/revisions"}],"wp:attachment":[{"href":"https:\/\/blog.polityka.pl\/passent\/wp-json\/wp\/v2\/media?parent=528"}],"wp:term":[{"taxonomy":"category","embeddable":true,"href":"https:\/\/blog.polityka.pl\/passent\/wp-json\/wp\/v2\/categories?post=528"},{"taxonomy":"post_tag","embeddable":true,"href":"https:\/\/blog.polityka.pl\/passent\/wp-json\/wp\/v2\/tags?post=528"}],"curies":[{"name":"wp","href":"https:\/\/api.w.org\/{rel}","templated":true}]}}