
{"id":5283,"date":"2019-04-03T23:13:51","date_gmt":"2019-04-03T21:13:51","guid":{"rendered":"https:\/\/passent.blog.polityka.pl\/?p=5283"},"modified":"2019-04-04T12:36:29","modified_gmt":"2019-04-04T10:36:29","slug":"powoli-czlapal-konik","status":"publish","type":"post","link":"https:\/\/blog.polityka.pl\/passent\/2019\/04\/03\/powoli-czlapal-konik\/","title":{"rendered":"Powoli cz\u0142apa\u0142 konik"},"content":{"rendered":"<p>Jak donosz\u0105 media, nier\u00f3wno\u015bci maj\u0105tkowe w Polsce nale\u017c\u0105 do najwi\u0119kszych w Europie. \u201eG\u00f3rne\u201d, najbogatsze 10 proc. spo\u0142ecze\u0144stwa ma 40 proc. ca\u0142ego maj\u0105tku.<br \/>\n<!--more--><br \/>\nMy\u015bl\u0119, \u017ce w ostatnich latach to zjawisko mog\u0142o ulec pog\u0142\u0119bieniu, a w ka\u017cdym razie mo\u017cna je by\u0142o za\u0142agodzi\u0107. Gdyby 500 plus na pierwsze i kolejne dzieci wyp\u0142acano tylko biedniejszej cz\u0119\u015bci spo\u0142ecze\u0144stwa, gdyby trzynast\u0105 emerytur\u0119 otrzymywali beneficjenci najni\u017cszych rent i emerytur \u2013 r\u00f3\u017cnice dochod\u00f3w by\u0142yby ciut mniejsze.<\/p>\n<p>Niestety, rz\u0105d PiS mia\u0142 na celu kupienie wszystkich wyborc\u00f3w hurtowo, a nie wsparcie tylko najgorzej sytuowanych detalicznie. Wicemarsza\u0142ek Senatu Adam Bielan, jeden z bardziej inteligentnych i kulturalnych polityk\u00f3w PiS, m\u00f3wi (w &#8222;Kropce nad i&#8221;), \u017ce samo oddzielenie (czy wy\u0142onienie) bogatszych od ubo\u017cszych by\u0142oby bardziej kosztowne ni\u017c zrealizowanie tego postulatu.<\/p>\n<p>Trudno w to uwierzy\u0107. Czy np. trzynastej emerytury nie mogliby dosta\u0107 tylko ci, kt\u00f3rzy otrzymuj\u0105 \u015bwiadczenie ni\u017csze ni\u017c suma okre\u015blona przez rz\u0105d? Czy w \u015bwiat musi p\u00f3j\u015b\u0107 prawdziwa by\u0107 mo\u017ce wiadomo\u015b\u0107, \u017ce jeste\u015bmy najbardziej \u201eniesprawiedliwym\u201d krajem w Europie? Musz\u0119 o to zapyta\u0107 Rafa\u0142a Wosia.<\/p>\n<p>Rz\u0105d przeznacza setki milion\u00f3w na wizerunek Polski za granic\u0105, jest to konik, priorytet ministra-premiera Gli\u0144skiego. (\u201ePowoli cz\u0142apa\u0142 konik skrajem szosy&#8230;\u201d). Czy jednak, kiedy w \u015bwiat idzie  fatalna wiadomo\u015b\u0107, \u017ce przed ko\u015bcio\u0142em w Gda\u0144sku spalono ksi\u0105\u017cki, afryka\u0144sk\u0105 mask\u0119 i inne wymys\u0142y szatana, nie lepiej by by\u0142o, gdyby minister kultury zabra\u0142 g\u0142os i pot\u0119pi\u0142 ten incydent niemaj\u0105cy z kultur\u0105 nic wsp\u00f3lnego? Czy telewizja rz\u0105dowa pokaza\u0142a palenie ksi\u0105\u017cek w Berlinie w 1938 r.? Rz\u0105d ma przecie\u017c ca\u0142y legion historyk\u00f3w, profesorowie Gontarczyk, \u017baryn&#8230;<\/p>\n<p>Czy kiedy zagraniczne telewizje pokazuj\u0105 narodowc\u00f3w w akcji pod Jasn\u0105 G\u00f3r\u0105, \u201eoficjalna\u201d Polska ma udawa\u0107, \u017ce nic si\u0119 nie dzieje? Czy kiedy z Brukseli p\u0142ynie wiadomo\u015b\u0107, \u017ce Komisja Europejska wszczyna procedur\u0119 z artyku\u0142u 7 w sprawie \u201edyscyplinowania\u201d s\u0119dzi\u00f3w w Polsce, nasz\u0105 jedyn\u0105 odpowiedzi\u0105 ma by\u0107 film o \u2013 dajmy na to \u2013 o bitwie pod Cedyni\u0105?<\/p>\n<p>\u017bycie umys\u0142owe (cho\u0107 to okre\u015blenie na wyrost) w Polsce pe\u0142ne jest zagadek. Obro\u0144cy dobrego (w ich mniemaniu) imienia naszego kraju nie ustaj\u0105 w atakach na prace takich ludzi jak profesorowie Engelking, Gross, Grabowski i inni \u201eoszczercy\u201d. Zastanawia mnie, dlaczego inne, niemniej \u201eantypolskie\u201d ksi\u0105\u017cki nie wywo\u0142uj\u0105 takiej furii prof. Gontarczyka i innych sprawiedliwych. Mam na my\u015bli np. ksi\u0105\u017ck\u0119 dr. Miros\u0142awa Tryczyka \u201eMiasta \u015bmierci. S\u0105siedzkie pogromy \u017byd\u00f3w\u201d (wyd. RM, 2015). Znajduj\u0105 si\u0119 tam m.in. badania nad pogromem (pogromami?) w Szczuczynie latem 1941. Relacje uczestnik\u00f3w i \u015bwiadk\u00f3w \u2013 drastyczne,  przera\u017caj\u0105ce. I cisza.<\/p>\n<p>Ciekawe, dlaczego dr Tryczyk nie dzia\u0142a pseudopatriotom tak na nerwy jak profesorowie Machcewicz czy  Stola? Czy kto\u015b zna odpowied\u017a?<\/p>\n<p>Cisza towarzyszy tak\u017ce godnym szacunku relacjom czasopisma \u201eKarta\u201d (nr 85-87) z zezna\u0144 Polak\u00f3w, \u201ekt\u00f3rzy latem 1941 mordowali \u017cydowskich s\u0105siad\u00f3w\u201d. Znalaz\u0142y si\u0119 tam m.in. relacje Romualda Borawskiego (ur. 1965), nauczyciela historii z W\u0105sosza, autora monografii \u201eW\u0105sosz \u2013 zarys dziej\u00f3w na tle historii regionu\u201d, oraz Wiolety Walewskiej (ur. 1992), urodzonej i wychowanej we wsi Radzi\u0142owo. \u201eNie\u015bwiadomie wzi\u0119li\u015bmy udzia\u0142 w zmowie milczenia, kt\u00f3ra trwa tu nieprzerwanie od kilkudziesi\u0119ciu lat. Miejmy odwag\u0119 w ko\u0144cu rozliczy\u0107 si\u0119 z przesz\u0142o\u015bci\u0105\u201d \u2013 pisa\u0142a kilka lat temu Wioleta Walewska, studentka UKSW, kiedy przygotowywa\u0142a prac\u0119 magistersk\u0105 o stosunkach polsko-\u017cydowskich w rejonie Radzi\u0142owa do po\u0142owy 1941 r.<\/p>\n<p>Zamiast anga\u017cowa\u0107 kosztownych sojusznik\u00f3w w Hollywood, lepiej nag\u0142o\u015bni\u0107 wypowiedzi takich ludzi jak nauczyciel i studentka z Polesia, kt\u00f3rzy sami ruszyli w poszukiwaniu prawdy i nie musieli jej d\u0142ugo szuka\u0107.<\/p>\n<p><strong>Zaproszenie<\/strong><br \/>\nEwa Siedlecka (\u201ePolityka\u201d), kr\u00f3lowa publicystyki prawnej (o procedurze Komisji Europejskiej z artyku\u0142u 7), Grzegorz Gauden, by\u0142y dyrektor Instytutu Ksi\u0105\u017cki (dlaczego Polacy ma\u0142o czytaj\u0105?) i Jerzy Haszczy\u0144ski, \u201eRzeczpospolita\u201d (brexit, a tak\u017ce wybory na Ukrainie, w S\u0142owacji, w Turcji i w Izraelu) &#8211; b\u0119d\u0105 naszymi go\u015b\u0107mi w Radiu TOK FM, niedziela 7 kwietnia o godz. 10:05. Zapraszamy!<\/p>\n","protected":false},"excerpt":{"rendered":"<p>My\u015bl\u0119, \u017ce w ostatnich latach to zjawisko mog\u0142o ulec pog\u0142\u0119bieniu, a w ka\u017cdym razie mo\u017cna je by\u0142o za\u0142agodzi\u0107.<\/p>\n","protected":false},"author":4,"featured_media":5290,"comment_status":"open","ping_status":"closed","sticky":false,"template":"","format":"standard","meta":{"footnotes":""},"categories":[1],"tags":[],"_links":{"self":[{"href":"https:\/\/blog.polityka.pl\/passent\/wp-json\/wp\/v2\/posts\/5283"}],"collection":[{"href":"https:\/\/blog.polityka.pl\/passent\/wp-json\/wp\/v2\/posts"}],"about":[{"href":"https:\/\/blog.polityka.pl\/passent\/wp-json\/wp\/v2\/types\/post"}],"author":[{"embeddable":true,"href":"https:\/\/blog.polityka.pl\/passent\/wp-json\/wp\/v2\/users\/4"}],"replies":[{"embeddable":true,"href":"https:\/\/blog.polityka.pl\/passent\/wp-json\/wp\/v2\/comments?post=5283"}],"version-history":[{"count":6,"href":"https:\/\/blog.polityka.pl\/passent\/wp-json\/wp\/v2\/posts\/5283\/revisions"}],"predecessor-version":[{"id":5291,"href":"https:\/\/blog.polityka.pl\/passent\/wp-json\/wp\/v2\/posts\/5283\/revisions\/5291"}],"wp:featuredmedia":[{"embeddable":true,"href":"https:\/\/blog.polityka.pl\/passent\/wp-json\/wp\/v2\/media\/5290"}],"wp:attachment":[{"href":"https:\/\/blog.polityka.pl\/passent\/wp-json\/wp\/v2\/media?parent=5283"}],"wp:term":[{"taxonomy":"category","embeddable":true,"href":"https:\/\/blog.polityka.pl\/passent\/wp-json\/wp\/v2\/categories?post=5283"},{"taxonomy":"post_tag","embeddable":true,"href":"https:\/\/blog.polityka.pl\/passent\/wp-json\/wp\/v2\/tags?post=5283"}],"curies":[{"name":"wp","href":"https:\/\/api.w.org\/{rel}","templated":true}]}}