
{"id":529,"date":"2009-01-14T12:11:41","date_gmt":"2009-01-14T11:11:41","guid":{"rendered":"http:\/\/passent.blog.polityka.pl\/?p=529"},"modified":"2009-01-14T12:11:41","modified_gmt":"2009-01-14T11:11:41","slug":"w-polskim-kabarecie","status":"publish","type":"post","link":"https:\/\/blog.polityka.pl\/passent\/2009\/01\/14\/w-polskim-kabarecie\/","title":{"rendered":"W polskim kabarecie"},"content":{"rendered":"<p>Polska to jeden wielki kabaret. Po\u0142owa kraju bawi si\u0119 b\u0142aznowaniem pos\u0142a Palikota, a druga &#8211; skandalicznym rzekomo urlopem premiera w czasie kryzysu gazowego i innych nieszcz\u0119\u015b\u0107.<\/p>\n<p>Szcz\u0119\u015bliwy to kraj, kt\u00f3ry nie ma wi\u0119kszych zmartwie\u0144. Pos\u0142anka G\u0119sicka opowiada\u0142a dyrdyma\u0142y o niewykorzystywaniu \u015brodk\u00f3w unijnych, ale usz\u0142o jej to na sucho, poniewa\u017c obrazi\u0142 ja pose\u0142 Palikot. Do tego stopnia obrazi\u0142, \u017ce a\u017c premier Tusk uzna\u0142 za stosowne pos\u0142ank\u0119 przeprosi\u0107. By\u0142a minister przeprosiny premiera raczy\u0142a przyj\u0105\u0107, wobec czego wysz\u0142a na kr\u00f3low\u0105, a jeszcze wczoraj kr\u0119ci\u0142a jak z nut i by\u0142a oskar\u017cona o polityczne prostytuowanie si\u0119. Jak Polska d\u0142uga i szeroka delektowa\u0142a si\u0119 wybrykiem Palikota. Powa\u017cni (?) komentatorzy rozwa\u017cali, czy Tusk da Palikotowi po \u0142apach, skoro ma wobec niego zobowi\u0105zania, czy Palikot dzia\u0142a na zam\u00f3wienie, a przynajmniej pod parasolem\u00a0 Tuska. A mo\u017ce Palikot ma wariackie papiery?<\/p>\n<p>Moim zdaniem, wybryki Palikota powinny by\u0107 ukarane, gdy\u017c stanowi\u0105 naruszenie norm wsp\u00f3\u0142\u017cycia obywatelskiego, kt\u00f3rych szko\u0142\u0105 powinien by\u0107 parlament,\u00a0 i dobrego wychowania, przez co (poza wszystkim) stanowi\u0105 obci\u0105\u017cenie dla Tuska i Platformy. Nie mam za grosz sympatii dla Jaros\u0142awa Kaczy\u0144skiego, ale grzebanie w jego preferencjach seksualnych, to po prostu skandal, wstyd i ha\u0144ba. Palikot nie ma czego szuka\u0107 w \u0142\u00f3\u017cku Kaczy\u0144skiego. M\u00f3wi si\u0119, \u017ce Palikot jest inteligentny, zabawny (jak dla kogo\u2026), studiowa\u0142 filozofi\u0119 i B\u00f3g wie co jeszcze. Dla mnie to rozkapryszony bufon. Gdyby mia\u0142 wi\u0119cej oleju w g\u0142owie, to by wiedzia\u0142, \u017ce takie zachowanie nie przystoi nikomu, a co dopiero pos\u0142owi, i przewodnicz\u0105cemu komisji nomen omen \u201ePrzyjazne pa\u0144stwo\u201d. Owszem, Palikot ma swoich zwolennik\u00f3w,\u00a0 i cz\u0119sto m\u00f3wi to, co ludzie my\u015bl\u0105, np. o manierach prezydenta, ale co innego my\u015ble\u0107, a co innego m\u00f3wi\u0107 g\u0142o\u015bno i grubia\u0144sko. Kultura polega m.in. na tym, \u017ce cz\u0142owiek poskramia w sobie pewne my\u015bli i kontroluje w\u0142asne wypowiedzi. Nikt kulturalny nie powie \u201eAle\u017c pan jest szkaradny\u201d, \u201eAle\u017c pani wstr\u0119tnie wygl\u0105da\u201d etc. Nie trzeba by\u0142o nazywa\u0107 prezydenta chamem, nawet je\u017celi jego zachowanie pozostawia czasami wiele do \u017cyczenia, nie trzeba kazuistyki wok\u00f3\u0142 znaczenie s\u0142owa \u201eprostytuowa\u0107 si\u0119\u201d etc. Palikot szkodzi Platformie, gdy\u017c \u015bci\u0105ga j\u0105 do poziomu PP. Kurskiego, Brudzi\u0144skiego i Jaros\u0142awa Kaczy\u0144skiego (tego od ZOMO i Niesio\u0142owskiego). Kr\u00f3tko m\u00f3wi\u0105c, czas przesta\u0107 patyczkowa\u0107 si\u0119 z Palikotem. Oby ta nagana i odwo\u0142anie ze stanowiska przewodnicz\u0105cego komisji sejmowej (je\u015bli do tego dojdzie), zamkn\u0119\u0142y spraw\u0119, oby Palikot wykorzysta\u0142 swoje atuty w lepszej sprawie ni\u017c ubli\u017canie innym.<\/p>\n<p>Druga sprawa\u00a0 \u017cenuj\u0105ca, to pretensje do premiera, \u017ce sp\u0119dzi\u0142 tydzie\u0144 na urlopie. Ja, je\u017celi mog\u0119 mie\u0107 pretensje, to o to, \u017ce urlop by\u0142 za kr\u00f3tki. Co to za urlop \u2013 tydzie\u0144 we W\u0142oszech, w tym dwa dni jazdy samochodem (1500 km w ka\u017cd\u0105 stron\u0119), plus wyskok na konferencj\u0119 w Bratys\u0142awie. Co to za urlop? Co to za wypoczynek? Polska jest normalnym krajem, nie jeste\u015bmy w stanie wojny, ani nawet kl\u0119ski \u017cywio\u0142owej, ka\u017cdy \u2013 z prezydentem i z premierem w\u0142\u0105cznie \u2013 ma prawo do urlopu. By\u0142em za\u017cenowany, kiedy premier uzna\u0142 za stosowne t\u0142umaczy\u0107 si\u0119 z tych kilku dni urlopu. Ale przede wszystkim \u017cenuj\u0105ce, ma\u0142ostkowe, by\u0142o czepianie si\u0119 Tuska za urlop.<\/p>\n<p>\u201eTusk nie docisn\u0105\u0142 gazu\u201d \u2013 pisa\u0142 Marcin Wojciechowski w \u201eGazecie\u201d. Komentarz ten wywo\u0142a\u0142 pe\u0142n\u0105 aprobat\u0119 go\u015bci Igora Janke w poranku Radia TOK FM (go\u015bcie z prawej strony), a ja my\u015bl\u0119, \u017ce dziennikarz \u201eGazety\u201d przesadzi\u0142. Narty, narty \u2013 c\u00f3\u017c takiego z\u0142ego, \u017ce premier pojecha\u0142 na kilka dni na narty? \u201eM\u00f3g\u0142 powiedzie\u0107 \u2018stop\u2019 oskar\u017ceniom Rosji wobec Ukrainy\u201d? M\u00f3g\u0142, ale r\u00f3wnie dobrze m\u00f3g\u0142 to zrobi\u0107 Pawlak, Schetyna, prezydent czy minister Sikorski. Rzecz w tym, czy strona polska mia\u0142a wystarczaj\u0105ce dane, by tak si\u0119 zaanga\u017cowa\u0107, czy te\u017c lepiej by\u0142o \u2013 podobnie jak w sprawie Gruzji \u2013 zachowa\u0107 dystans. \u201eUkraina wysz\u0142a na tym sporze jak Zablocki na mydle\u201d \u2013 pisze redaktor Wojciechowski. Ale czy to jest wina Polski i Tuska? \u201eKto\u015b powinien powiedzie\u0107 g\u0142o\u015bno \u2018sprawdzam\u2019. Tym kim\u015b m\u00f3g\u0142 by\u0107 premier Tusk\u201d \u2013 czytamy dalej. Brzmi to efektownie,\u00a0 Putin mocuje si\u0119 z Juszczenk\u0105, a nasz dzielny premier ich rozdziela i m\u00f3wi \u201esprawdzam\u201d. Ale praktycznie jak mia\u0142oby to wygl\u0105da\u0107? Czy chodzi\u0142o tylko o to, \u017ceby sobie pokrzycze\u0107?<\/p>\n<p>Podejrzewam, \u017ce krytycy urlopu Tuska dzia\u0142aj\u0105 z tych samych pobudek, co krytycy \u201epodr\u00f3\u017cy \u017cycia\u201d do Peru. Nic tak nie poprawia samopoczucia opozycji i medi\u00f3w, jak sobie pokrzycze\u0107.<\/p>\n","protected":false},"excerpt":{"rendered":"<p>Polska to jeden wielki kabaret. Po\u0142owa kraju bawi si\u0119 b\u0142aznowaniem pos\u0142a Palikota, a druga &#8211; skandalicznym rzekomo urlopem premiera w czasie kryzysu gazowego i innych nieszcz\u0119\u015b\u0107. Szcz\u0119\u015bliwy to kraj, kt\u00f3ry nie ma wi\u0119kszych zmartwie\u0144. Pos\u0142anka G\u0119sicka opowiada\u0142a dyrdyma\u0142y o niewykorzystywaniu \u015brodk\u00f3w unijnych, ale usz\u0142o jej to na sucho, poniewa\u017c obrazi\u0142 ja pose\u0142 Palikot. Do tego [&hellip;]<\/p>\n","protected":false},"author":4,"featured_media":0,"comment_status":"open","ping_status":"open","sticky":false,"template":"","format":"standard","meta":{"footnotes":""},"categories":[1],"tags":[],"_links":{"self":[{"href":"https:\/\/blog.polityka.pl\/passent\/wp-json\/wp\/v2\/posts\/529"}],"collection":[{"href":"https:\/\/blog.polityka.pl\/passent\/wp-json\/wp\/v2\/posts"}],"about":[{"href":"https:\/\/blog.polityka.pl\/passent\/wp-json\/wp\/v2\/types\/post"}],"author":[{"embeddable":true,"href":"https:\/\/blog.polityka.pl\/passent\/wp-json\/wp\/v2\/users\/4"}],"replies":[{"embeddable":true,"href":"https:\/\/blog.polityka.pl\/passent\/wp-json\/wp\/v2\/comments?post=529"}],"version-history":[{"count":0,"href":"https:\/\/blog.polityka.pl\/passent\/wp-json\/wp\/v2\/posts\/529\/revisions"}],"wp:attachment":[{"href":"https:\/\/blog.polityka.pl\/passent\/wp-json\/wp\/v2\/media?parent=529"}],"wp:term":[{"taxonomy":"category","embeddable":true,"href":"https:\/\/blog.polityka.pl\/passent\/wp-json\/wp\/v2\/categories?post=529"},{"taxonomy":"post_tag","embeddable":true,"href":"https:\/\/blog.polityka.pl\/passent\/wp-json\/wp\/v2\/tags?post=529"}],"curies":[{"name":"wp","href":"https:\/\/api.w.org\/{rel}","templated":true}]}}