
{"id":5292,"date":"2019-04-08T10:23:37","date_gmt":"2019-04-08T08:23:37","guid":{"rendered":"https:\/\/passent.blog.polityka.pl\/?p=5292"},"modified":"2019-04-08T11:08:30","modified_gmt":"2019-04-08T09:08:30","slug":"premier-z-gumy","status":"publish","type":"post","link":"https:\/\/blog.polityka.pl\/passent\/2019\/04\/08\/premier-z-gumy\/","title":{"rendered":"Premier z gumy"},"content":{"rendered":"<p>Strajku nauczycieli winien jest rz\u0105d, poniewa\u017c od pocz\u0105tku kadencji, od ponad trzech lat, wyci\u0105ga miliardy z\u0142otych jak kr\u00f3liki z kapelusza. S\u0105 pieni\u0105dze na 500 plus? S\u0105, bo uszczelnili\u015bmy podatki. S\u0105 miliardy na 500 plus na pierwsze dziecko? Dzi\u0119ki nam \u2013 s\u0105.<br \/>\n<!--more--><br \/>\nS\u0105 pieni\u0105dze na trzynast\u0105 emerytur\u0119? S\u0105 pieni\u0105dze na obni\u017cenie nauczycielom koszt\u00f3w uzyskania dochodu? S\u0105, bo my pami\u0119tamy o milionach emeryt\u00f3w, kt\u00f3rzy stanowi\u0105 wielki elektorat. S\u0105 pieni\u0105dze na zwolnienie z podatku ludzi m\u0142odych, do 26. roku \u017cycia? S\u0105, a Tusk z Rostowskim ich nie umieli znale\u017a\u0107, a je\u015bli powr\u00f3c\u0105 do w\u0142adzy, to wam to wszystko odbior\u0105 i zmarnuj\u0105 na in vitro, na seksualizacj\u0119 przedszkolak\u00f3w. W ten spos\u00f3b PiS krok po kroku kupowa\u0142, korumpowa\u0142 wyborc\u00f3w i og\u0142upia\u0142 \u2013 m\u0142odych, starych i \u015brednich, kt\u00f3rzy ju\u017c maj\u0105 dzieci. My wam p\u0142acimy \u2013 wy na nas g\u0142osujecie.<\/p>\n<p>Gdyby, powtarzam, gdyby PiS mniej hojnie rozrzuca\u0142 pieni\u0105dze, przyznaj\u0105c np. 500 plus tylko najbiedniejszym rodzinom, gdyby trzynastk\u0119 dostali tylko emeryci i renci\u015bci, kt\u00f3rzy maj\u0105 najni\u017csze \u015bwiadczenia \u2013 znalaz\u0142oby si\u0119 cho\u0107 cz\u0119\u015b\u0107 pieni\u0119dzy na nauczycieli. Pieni\u0105dze s\u0105! Pieni\u0105dze s\u0105! \u2013 m\u00f3wi\u0142 rz\u0105d i rozdawa\u0142 na lewo i na prawo, np. na kosztowne projekty i wizje, jak cho\u0107by miliony na popraw\u0119 wizerunku Polski i premie dla swoich.<\/p>\n<p>Prawo i Sprawiedliwo\u015b\u0107, maj\u0105c miliardy do dyspozycji, pope\u0142ni\u0142o kolosalny b\u0142\u0105d \u2013 kupowa\u0142o g\u0142osy wyborc\u00f3w, zaniedbuj\u0105c nauczycieli i ochron\u0119 zdrowia. Co maj\u0105 zrobi\u0107 pacjenci, kt\u00f3rzy umieraj\u0105 w SOR, gdzie brakuje miejsca na pod\u0142odze dla dzieci chorych psychicznie? Co w tej sytuacji mia\u0142 sobie pomy\u015ble\u0107 m\u0142ody nauczyciel po studiach, kt\u00f3ry pracuje w szkole publicznej za 1800 z\u0142 miesi\u0119cznie i uczy w klasie, w kt\u00f3rej jest 30 dzieci? A obok, w szkole \u201espo\u0142ecznej\u201d, klasy s\u0105 o po\u0142ow\u0119 mniej liczne, a zarobki wy\u017csze.<\/p>\n<p>Nauczyciele nie mieli innego wyj\u015bcia ni\u017c strajk, cho\u0107 uderzenie akurat w czasie egzamin\u00f3w jest dyskusyjne. Odnosz\u0119 wra\u017cenie, \u017ce opozycja i cz\u0119\u015b\u0107 medi\u00f3w opozycyjnych zach\u0119ca\u0142y do strajku, widz\u0105c w nim szans\u0119 na pora\u017ck\u0119 rz\u0105du. To jest nie fair. Walka z rz\u0105dem \u201edo ostatniej nauczycielki\u201d nie powinna by\u0107 celem opozycji. Celem powinna by\u0107 znaczna poprawa sytuacji materialnej nauczycieli, a co za tym idzie \u2013 poprawa ich presti\u017cu, przede wszystkim w szkole, ale i w spo\u0142ecze\u0144stwie w og\u00f3le. To po\u0142o\u017cy\u0142oby kres negatywnej selekcji do zawodu, wszak wiadomo, \u017ce dla wielu m\u0142odych ludzi praca w szkole to ostatni ratunek. Rz\u0105d w dodatku niepotrzebnie prowokuje nauczycieli. Przynie\u015b\u0107 na spotkanie ostatniej szansy projekt podniesienia pensum (obecnie niskie, 18 godz. tygodniowo) i zarobk\u00f3w stopniowo przez kilka lat to liczy\u0107 na odrzucenie tej idei w tym momencie. Dyskusje o pensum i wzro\u015bcie zarobk\u00f3w trzeba by\u0142o po\u0142o\u017cy\u0107 na st\u00f3\u0142 du\u017co wcze\u015bniej, a nie ostatniej nocy.<\/p>\n<p>Niewykluczone, \u017ce rz\u0105d liczy na z\u0142amanie strajku, co by utrudni\u0142o roszczenia innych grup zawodowych. Rz\u0105d, kt\u00f3ry miesi\u0105cami zwleka\u0142 z rozpocz\u0119ciem negocjacji, lansuje teraz tez\u0119, \u017ce jest to strajk \u201epolityczny\u201d, kt\u00f3rego plan powsta\u0142 p\u00f3\u0142tora roku temu \u201ew gabinecie Schetyny\u201d. Oczywi\u015bcie, \u017ce tego typu wydarzenie ma wymow\u0119 polityczn\u0105. \u017b\u00f3\u0142te kamizelki s\u0105 te\u017c polityczne. 500 plus te\u017c jest polityczne i to \u017caden wstyd. Na p\u00f3\u0142tora miesi\u0105ca przed wyborami do Europy i p\u00f3\u0142 roku przed wyborami do Parlamentu Kaczy\u0144ski i Morawiecki woleliby mie\u0107 w kraj spok\u00f3j, posprz\u0105tane. Ale s\u0105 pod \u015bcian\u0105: na wynik starcia z nauczycielami patrz\u0105 inni, kt\u00f3rzy tylko czekaj\u0105.<\/p>\n<p>A premier Morawiecki ju\u017c m\u00f3wi, \u017ce bud\u017cet pa\u0144stwa nie jest z gumy. Bud\u017cet z gumy nie jest, ale premier \u2013 tak. Do tego wszystkiego planowany wyjazd minister Zalewskiej do Paramentu Europejskiego w trakcie \u201ejej\u201d reformy to po prostu wstyd.<\/p>\n","protected":false},"excerpt":{"rendered":"<p>Nauczyciele nie mieli innego wyj\u015bcia ni\u017c strajk.<\/p>\n","protected":false},"author":4,"featured_media":5298,"comment_status":"open","ping_status":"closed","sticky":false,"template":"","format":"standard","meta":{"footnotes":""},"categories":[1],"tags":[],"_links":{"self":[{"href":"https:\/\/blog.polityka.pl\/passent\/wp-json\/wp\/v2\/posts\/5292"}],"collection":[{"href":"https:\/\/blog.polityka.pl\/passent\/wp-json\/wp\/v2\/posts"}],"about":[{"href":"https:\/\/blog.polityka.pl\/passent\/wp-json\/wp\/v2\/types\/post"}],"author":[{"embeddable":true,"href":"https:\/\/blog.polityka.pl\/passent\/wp-json\/wp\/v2\/users\/4"}],"replies":[{"embeddable":true,"href":"https:\/\/blog.polityka.pl\/passent\/wp-json\/wp\/v2\/comments?post=5292"}],"version-history":[{"count":5,"href":"https:\/\/blog.polityka.pl\/passent\/wp-json\/wp\/v2\/posts\/5292\/revisions"}],"predecessor-version":[{"id":5297,"href":"https:\/\/blog.polityka.pl\/passent\/wp-json\/wp\/v2\/posts\/5292\/revisions\/5297"}],"wp:featuredmedia":[{"embeddable":true,"href":"https:\/\/blog.polityka.pl\/passent\/wp-json\/wp\/v2\/media\/5298"}],"wp:attachment":[{"href":"https:\/\/blog.polityka.pl\/passent\/wp-json\/wp\/v2\/media?parent=5292"}],"wp:term":[{"taxonomy":"category","embeddable":true,"href":"https:\/\/blog.polityka.pl\/passent\/wp-json\/wp\/v2\/categories?post=5292"},{"taxonomy":"post_tag","embeddable":true,"href":"https:\/\/blog.polityka.pl\/passent\/wp-json\/wp\/v2\/tags?post=5292"}],"curies":[{"name":"wp","href":"https:\/\/api.w.org\/{rel}","templated":true}]}}