
{"id":5299,"date":"2019-04-10T17:51:53","date_gmt":"2019-04-10T15:51:53","guid":{"rendered":"https:\/\/passent.blog.polityka.pl\/?p=5299"},"modified":"2019-04-10T18:03:53","modified_gmt":"2019-04-10T16:03:53","slug":"do-ostatniego-nauczyciela","status":"publish","type":"post","link":"https:\/\/blog.polityka.pl\/passent\/2019\/04\/10\/do-ostatniego-nauczyciela\/","title":{"rendered":"Do ostatniego nauczyciela"},"content":{"rendered":"<p>Z zapartym tchem i z niepokojem \u015bledz\u0119 strajk nauczycieli. Ubolewam, \u017ce poza trzymaniem kciuk\u00f3w niewiele mog\u0119 dla nich zrobi\u0107. &#8222;Jak to nie? Mo\u017cesz ich popiera\u0107 z ca\u0142ych si\u0142, czy to ma\u0142o?&#8221; \u2013 zapyta kto\u015b. Ma\u0142o, bo istnieje podejrzenie, i\u017c zamierzam walczy\u0107 z PiS \u201edo ostatniego nauczyciela\u201d.<br \/>\n<!--more--><br \/>\nBy\u0142oby to stanowisko jastrz\u0119bia, a ja jastrz\u0119biem nie by\u0142em i nie jestem. I przestrzegam przed przedmiotowym, a nie podmiotowym traktowaniem strajkuj\u0105cych. Oczywi\u015bcie, \u017ce wiele os\u00f3b \u2013 w\u015br\u00f3d nich i ja &#8211; popiera nauczycieli nie tylko dlatego, \u017ce ich los le\u017cy nam na sercu, ale tak\u017ce by os\u0142abi\u0107 rz\u0105d i PiS, kt\u00f3ry jest nieszcz\u0119\u015bciem. Ka\u017cdy du\u017cy strajk \u2013 g\u00f3rnik\u00f3w, listonoszy, kolejarzy, lekarzy rezydent\u00f3w &#8211; jest do pewnego stopnia polityczny. Marsza\u0142ek Bielan opowiada brednie, \u017ce ten strajk narodzi\u0142 si\u0119 w ubieg\u0142ym roku w gabinecie Schetyny, ale prawd\u0105 jest, \u017ce dzisiaj, na kilka tygodni przed wyborami, ka\u017cdy protest ma charakter polityczny. W\u0142a\u015bciwie wszystko jest polityk\u0105.<\/p>\n<p>Dlatego zastanawiam si\u0119, co mo\u017cemy zrobi\u0107 dla nauczycieli, czy popieraj\u0105c strajkuj\u0105cych, nie walczymy z PiS do ostatniego nauczyciela, a potem ich los b\u0119dzie nas obchodzi\u0142 tyle co rok, dwa, trzy lata temu. \u0141atwo popiera\u0107 nauczycieli, siedz\u0105c przed telewizorem, ale co innego mo\u017cna zrobi\u0107? Prawo i Sprawiedliwo\u015b\u0107 zbiera owoce swojej polityki socjalnej, kt\u00f3rej g\u0142\u00f3wnym celem jest kupowanie g\u0142os\u00f3w wyborc\u00f3w. Gdyby 500 plus otrzymywali tylko gorzej sytuowani, gdyby trzynast\u0105 emerytur\u0119 dostawali ci, kt\u00f3rych emerytury s\u0105 najni\u017csze, gdyby nie wyrzucano milion\u00f3w na fundacje dobrego imienia (zamiast psu\u0107 to dobre imi\u0119 w Brukseli i w Waszyngtonie, gdzie polski prezydent nie by\u0142 przez pewien czas dobrze widziany), gdyby nie marnowa\u0107 milion\u00f3w na r\u00f3\u017cne zakupy zbrojeniowe, gdyby nie spieszy\u0107 si\u0119 tak bardzo do 2 proc. na obronno\u015b\u0107, gdyby, gdyby, gdyby \u2013 pieni\u0105dze na nauczycieli by si\u0119 znalaz\u0142y. (Dzisiaj te\u017c s\u0105, to wszystko kwestia priorytet\u00f3w).<\/p>\n<p>Obok wydatk\u00f3w celowych i uzasadnionych, jak 500 plus dla tych, kt\u00f3rym to jest najbardziej potrzebne, wida\u0107, jak pieni\u0105dze s\u0105 wydawane bez sensu, jak np. na nowe muzea,  instytuty czy periodyki czasami zak\u0142adane po to, \u017ceby \u201epozbawi\u0107 monopolu\u201d plac\u00f3wki istniej\u0105ce. A ju\u017c to, jak wyp\u0142ywaj\u0105 pieni\u0105dze ze sp\u00f3\u0142ek Skarbu Pa\u0144stwa, jest nies\u0142ychane. Ile\u017c milion\u00f3w przeznaczaj\u0105 na sponsorowanie prorz\u0105dowych medi\u00f3w? A ponad miliard+ na telewizj\u0119 rz\u0105dow\u0105? Nigdy nie by\u0142o tak szybkiej rotacji na stanowiskach prezes\u00f3w jak dzisiaj, a wysoka odprawa ka\u017cdemu si\u0119 nale\u017cy.<\/p>\n<p>Popieraj\u0105c strajk nauczycieli, zwracamy uwag\u0119 na niespotykan\u0105 rozrzutno\u015b\u0107 i niegospodarno\u015b\u0107, a tym samym sprzyjamy naprawie Rzeczpospolitej.<\/p>\n","protected":false},"excerpt":{"rendered":"<p>W\u0142a\u015bciwie wszystko jest polityk\u0105.<\/p>\n","protected":false},"author":4,"featured_media":5302,"comment_status":"open","ping_status":"closed","sticky":false,"template":"","format":"standard","meta":{"footnotes":""},"categories":[1],"tags":[],"_links":{"self":[{"href":"https:\/\/blog.polityka.pl\/passent\/wp-json\/wp\/v2\/posts\/5299"}],"collection":[{"href":"https:\/\/blog.polityka.pl\/passent\/wp-json\/wp\/v2\/posts"}],"about":[{"href":"https:\/\/blog.polityka.pl\/passent\/wp-json\/wp\/v2\/types\/post"}],"author":[{"embeddable":true,"href":"https:\/\/blog.polityka.pl\/passent\/wp-json\/wp\/v2\/users\/4"}],"replies":[{"embeddable":true,"href":"https:\/\/blog.polityka.pl\/passent\/wp-json\/wp\/v2\/comments?post=5299"}],"version-history":[{"count":3,"href":"https:\/\/blog.polityka.pl\/passent\/wp-json\/wp\/v2\/posts\/5299\/revisions"}],"predecessor-version":[{"id":5303,"href":"https:\/\/blog.polityka.pl\/passent\/wp-json\/wp\/v2\/posts\/5299\/revisions\/5303"}],"wp:featuredmedia":[{"embeddable":true,"href":"https:\/\/blog.polityka.pl\/passent\/wp-json\/wp\/v2\/media\/5302"}],"wp:attachment":[{"href":"https:\/\/blog.polityka.pl\/passent\/wp-json\/wp\/v2\/media?parent=5299"}],"wp:term":[{"taxonomy":"category","embeddable":true,"href":"https:\/\/blog.polityka.pl\/passent\/wp-json\/wp\/v2\/categories?post=5299"},{"taxonomy":"post_tag","embeddable":true,"href":"https:\/\/blog.polityka.pl\/passent\/wp-json\/wp\/v2\/tags?post=5299"}],"curies":[{"name":"wp","href":"https:\/\/api.w.org\/{rel}","templated":true}]}}