
{"id":530,"date":"2009-01-15T09:44:40","date_gmt":"2009-01-15T08:44:40","guid":{"rendered":"http:\/\/passent.blog.polityka.pl\/?p=530"},"modified":"2009-01-15T09:44:40","modified_gmt":"2009-01-15T08:44:40","slug":"koniec-bojkotu-pis-potknal-sie-o-tvn","status":"publish","type":"post","link":"https:\/\/blog.polityka.pl\/passent\/2009\/01\/15\/koniec-bojkotu-pis-potknal-sie-o-tvn\/","title":{"rendered":"Koniec bojkotu &#8211; PiS potkn\u0105\u0142 si\u0119 o TVN"},"content":{"rendered":"<p>Pogr\u0105\u017cony w g\u0142\u0119bokim smutku dowiedzia\u0142em si\u0119, \u017ce &#8222;Rada&#8221; Polityczna &#8222;Prawa&#8221; i &#8222;Sprawiedliwo\u015bci&#8221; (ka\u017cde z tych s\u0142\u00f3w mo\u017cna wzi\u0105\u0107 w cudzys\u0142\u00f3w, bo jaka to &#8222;rada&#8221; gdzie wszystko zale\u017cy od prezesa, jakie to &#8222;prawo&#8221; etc) postanowi\u0142a warunkowo zawiesi\u0107 bojkot TVN. Smutek m\u00f3j bierze si\u0119 st\u0105d, \u017ce od tej chwili zn\u00f3w b\u0119d\u0119 musia\u0142 ogl\u0105da\u0107 w TVN, a zw\u0142aszcza w TVN 24, pp Brudzi\u0144skiego, Cyma\u0144skiego, Gosiewskiego, Kami\u0144skiego, Karskiego, Kemp\u0119, Kurskiego i tak dalej wedle alfabetu. Zamiast gratulowa\u0107 pp Walterom i Wejchertom (wedle prezesa Kaczy\u0144skiego \u2013 najgorszemu elementowi w mediach) sk\u0142adam im t\u0105 drog\u0105 wyrazy g\u0142\u0119bokiego wsp\u00f3\u0142czucia, gdy\u017c niewykluczone, \u017ce pojawienie si\u0119 tych twarzy spowoduje spadek ogl\u0105dalno\u015bci, a ta jest najwa\u017cniejsza. Fakt, \u017ce bojkot jest tylko zawieszony (hi!hi!) daje co prawda cie\u0144 nadziei, \u017ce TVN zn\u00f3w podpadnie PiS-owi, ale jak znam \u017aycie, to red. Rymanowski do tego nie dopu\u015bci.<\/p>\n<p>Smutek m\u00f3j p\u0142ynie tak\u017ce st\u0105d, \u017ce w czasie bojkotu prawicowy, konserwatywny punkt widzenia reprezentowany by\u0142 w TVN przez takich go\u015bci, jak Marek Jurek, Ludwik Dorn, czy te\u017c Pawe\u0142 Lisicki \u2013 naczelny &#8222;Rzeczpospolitej&#8221; \u2013 wszyscy oni na wy\u017cszym poziomie od aktywu PiS. TVN stawa\u0142 te\u017c na g\u0142owie, \u017ceby punkt widzenia g\u0142\u00f3wnej partii opozycyjnej by\u0142 w tej stacji reprezentowany, a dziennikarze (-ki) tej stacji\u00a0 wr\u0119cz b\u0142agali pisowskich luminarzy cho\u0107by o jedno s\u0142\u00f3wko.<\/p>\n<p>&#8222;Zawieszaj\u0105c&#8221; bojkot, prezes Kaczy\u0144ski przyzna\u0142 si\u0119 do b\u0142\u0119du\u00a0&#8211; lepiej p\u00f3\u017ano nic wcale. Dobrze by\u0142oby jeszcze przeprosi\u0107 TVN za kalumnie, ale na to trudno liczy\u0107. Przeprosin mo\u017cna \u017c\u0105da\u0107\u00a0 tylko od Palikota. Chocia\u017c\u00a0&#8211; kto wie? Skoro Tusk przeprosi\u0142 w imieniu Palikota, to mo\u017ce Lech Kaczy\u0144ski przeprosi w imieniu swojego brata? Niech \u017cywi nie trac\u0105 nadziei.\u00a0\u00a0<\/p>\n<p>Wi\u0119kszo\u015b\u0107 komentator\u00f3w od pocz\u0105tku przewidywa\u0142a, \u017ce og\u0142aszaj\u0105c bojkot PiS (m\u00f3wimy PiS, a w domy\u015ble prezes) strzeli\u0142 sobie w stop\u0119. Trzeba by\u0142o czasu, \u017ceby ta oczywista prawda trafi\u0142a do najbardziej zainteresowanych. TVN na bojkocie nie straci\u0142, (podobnie jak Superstacja), jedyn\u0105 ofiar\u0105 bojkotu by\u0142 PiS, jedynymi beneficjentami byli\u015bmy my\u00a0&#8211; widzowie. Na bojkocie skorzystali tylko widzowie i szkoda,\u00a0 \u017ce ten czas si\u0119 sko\u0144czy\u0142. Ale co\u015bmy odetchn\u0119li\u00a0&#8211; tego nam nikt nie zabierze.<\/p>\n<p>Wa\u017cn\u0105 przyczyn\u0105 &#8222;zawieszenia&#8221; bojkotu jest utrata medi\u00f3w publicznych przez PiS. Kiedy wczorajsi sojusznicy partii Kaczy\u0144skich\u00a0&#8211; Giertych i Lepper\u00a0&#8211; dokonali zamachu stanu w Polskim Radiu i w Telewizji Publicznej, Prawo i Sprawiedliwo\u015b\u0107 znalaz\u0142y si\u0119 na lodzie. Ju\u017c nie mo\u017cna by\u0107 codziennie na antenie, ju\u017c dziennikarze nie chc\u0105 przyje\u017cd\u017ca\u0107 do gabinetu b. premiera, jak to by\u0142o za czas\u00f3w, kiedy by\u0142 genialnym strategiem, ju\u017c media publiczne wymykaj\u0105 si\u0119 z \u017celaznego u\u015bcisku, zaczynaj\u0105 odmawia\u0107 pos\u0142usze\u0144stwa, ju\u017c najwierniejsi z wiernych\u00a0&#8211; pp. Urba\u0144ski, Czaba\u0144ski, Targalski i inni niezale\u017cni dziennikarze, nie maj\u0105 &#8222;wadzy&#8221;, a inni wczorajsi klakierzy wypisuj\u0105 w gazetach niestworzone rzeczy, wi\u0119c trzeba by\u0142o przeprosi\u0107 si\u0119 z TVN, p\u00f3j\u015b\u0107 do Canossy, spojrze\u0107 bardziej przychylnym okiem na agenturaln\u0105 i nomenklaturow\u0105 sp\u00f3\u0142k\u0119.<\/p>\n<p>Wszystko to razem przybli\u017ca nas do normalno\u015bci, a to dobrze, cho\u0107 mnie bojkot nie przeszkadza\u0142.<\/p>\n<p>\u00a0<\/p>\n","protected":false},"excerpt":{"rendered":"<p>Pogr\u0105\u017cony w g\u0142\u0119bokim smutku dowiedzia\u0142em si\u0119, \u017ce &#8222;Rada&#8221; Polityczna &#8222;Prawa&#8221; i &#8222;Sprawiedliwo\u015bci&#8221; (ka\u017cde z tych s\u0142\u00f3w mo\u017cna wzi\u0105\u0107 w cudzys\u0142\u00f3w, bo jaka to &#8222;rada&#8221; gdzie wszystko zale\u017cy od prezesa, jakie to &#8222;prawo&#8221; etc) postanowi\u0142a warunkowo zawiesi\u0107 bojkot TVN. Smutek m\u00f3j bierze si\u0119 st\u0105d, \u017ce od tej chwili zn\u00f3w b\u0119d\u0119 musia\u0142 ogl\u0105da\u0107 w TVN, a zw\u0142aszcza [&hellip;]<\/p>\n","protected":false},"author":4,"featured_media":0,"comment_status":"open","ping_status":"open","sticky":false,"template":"","format":"standard","meta":{"footnotes":""},"categories":[1],"tags":[],"_links":{"self":[{"href":"https:\/\/blog.polityka.pl\/passent\/wp-json\/wp\/v2\/posts\/530"}],"collection":[{"href":"https:\/\/blog.polityka.pl\/passent\/wp-json\/wp\/v2\/posts"}],"about":[{"href":"https:\/\/blog.polityka.pl\/passent\/wp-json\/wp\/v2\/types\/post"}],"author":[{"embeddable":true,"href":"https:\/\/blog.polityka.pl\/passent\/wp-json\/wp\/v2\/users\/4"}],"replies":[{"embeddable":true,"href":"https:\/\/blog.polityka.pl\/passent\/wp-json\/wp\/v2\/comments?post=530"}],"version-history":[{"count":0,"href":"https:\/\/blog.polityka.pl\/passent\/wp-json\/wp\/v2\/posts\/530\/revisions"}],"wp:attachment":[{"href":"https:\/\/blog.polityka.pl\/passent\/wp-json\/wp\/v2\/media?parent=530"}],"wp:term":[{"taxonomy":"category","embeddable":true,"href":"https:\/\/blog.polityka.pl\/passent\/wp-json\/wp\/v2\/categories?post=530"},{"taxonomy":"post_tag","embeddable":true,"href":"https:\/\/blog.polityka.pl\/passent\/wp-json\/wp\/v2\/tags?post=530"}],"curies":[{"name":"wp","href":"https:\/\/api.w.org\/{rel}","templated":true}]}}