
{"id":5311,"date":"2019-04-15T15:47:51","date_gmt":"2019-04-15T13:47:51","guid":{"rendered":"https:\/\/passent.blog.polityka.pl\/?p=5311"},"modified":"2019-04-16T08:53:08","modified_gmt":"2019-04-16T06:53:08","slug":"prosty-lud-to-kupi","status":"publish","type":"post","link":"https:\/\/blog.polityka.pl\/passent\/2019\/04\/15\/prosty-lud-to-kupi\/","title":{"rendered":"Prosty lud to kupi?"},"content":{"rendered":"<p>Stop! Nie mo\u017cemy jak \u201estraszni mieszczanie\u201d widzie\u0107 wszystkiego oddzielnie, \u201e\u017ce dom&#8230; \u017ce Stasiek&#8230; \u017ce ko\u0144&#8230; \u017ce drzewo\u201d. D\u0142u\u017cej nie wolno przymyka\u0107 oka na to, \u017ce w Polsce wzbiera fala ciemnoty, \u017ce Bierecki, \u017ce Karczewski, \u017ce Kaczy\u0144ski, \u017ce Morawiecki \u2013 ka\u017cdy z nich oddzielnie i wszyscy razem \u015bwiadcz\u0105, \u017ce narodowa prawica w Polsce jest coraz silniejsza i gro\u017ana. Przecie\u017c ci panowie rz\u0105dz\u0105 naszym krajem, to nie s\u0105 \u017cadni ekscentrycy, prowincjonalni dziwacy, tylko sternicy naszej nawy pa\u0144stwowej, kt\u00f3rzy rozsiedli si\u0119 na najwy\u017cszych stanowiskach \u2013 prezes, premier, marsza\u0142ek, senator. Ich j\u0119zyk jest coraz bardziej drastyczny i bezczelny.<br \/>\n<!--more--><br \/>\nOd \u201edrugiego sortu\u201d po \u201eoczyszczanie\u201d wsp\u00f3lnoty narodowej. Ich post\u0119powanie jest cz\u0119sto oburzaj\u0105ce. Za takie uwa\u017cam np. plany brukselskie minister edukacji Anny Zalewskiej. Po tym, co ta pani narobi\u0142a, przed zako\u0144czeniem \u201ereformy\u201d szykowa\u0107 sobie mi\u0119kkie l\u0105dowanie w Brukseli &#8211; to wstyd.<\/p>\n<p>Panowie s\u0105 zadowoleni, bo nie\u017ale im idzie. Wzrost gospodarczy pozostaje wysoki. Strajk nauczycieli, aczkolwiek zaskakuj\u0105cy, nie sparali\u017cowa\u0142 szkolnictwa, dotychczasowe egzaminy si\u0119 odby\u0142y, udzia\u0142 i poparcie dla strajkuj\u0105cych nie rosn\u0105. Powstaje pytanie, czy ZNP wybra\u0142 najlepszy termin strajku, czy przewidzia\u0142 obecny bieg wydarze\u0144, czy strajkuj\u0105cy maj\u0105 \u201eplan B\u201d? W tej chwili trudno sobie wyobrazi\u0107 pe\u0142en sukces nauczycieli.<\/p>\n<p>Albo rz\u0105d zdo\u0142a ich przeczeka\u0107, albo dojdzie do kompromisu, kt\u00f3ry nie b\u0119dzie zadowala\u0142 strajkuj\u0105cych. Ciesz\u0105 si\u0119 oni du\u017c\u0105 i zas\u0142u\u017con\u0105 sympati\u0105 nie tylko w kraju, ale i w mediach zagranicznych, kt\u00f3re wskazuj\u0105, \u017ce populistyczna polityka rz\u0105du si\u0119gn\u0119\u0142a dna kasy.<\/p>\n<p>Dlatego w\u0142adza zmieni\u0142a ton. &#8222;Bud\u017cet nie jest z gumy&#8221; \u2013 przyzna\u0142 premier. &#8222;Dajcie nam czas&#8221; \u2013 apeluje wicepremier Szyd\u0142o. Strajk popieram, wynagrodzenie nauczycieli (nie tylko ich) wo\u0142a o pomst\u0119 do nieba, ale czy poparcie jest wystarczaj\u0105ce, by przechyli\u0107 szal\u0119 na korzy\u015b\u0107 strajkuj\u0105cych? \u017badna inna bran\u017ca do strajku nie przyst\u0105pi\u0142a. Nie brak g\u0142os\u00f3w, \u017ce nauczyciele wygraj\u0105 tak czy owak, gdy\u017c zdo\u0142ali zwr\u00f3ci\u0107 uwag\u0105 spo\u0142ecze\u0144stwa na sytuacj\u0119 w o\u015bwiacie. Nie s\u0105dz\u0119 jednak, by strajkuj\u0105cy uznali ka\u017cde rozwi\u0105zanie za zadowalaj\u0105ce.<\/p>\n<p>PiS wymy\u015bli\u0142 kolejne has\u0142o: chcemy mie\u0107 p\u0142ace jak na Zachodzie, a ceny jak na Wschodzie \u2013 m\u00f3wi\u0105 Kaczy\u0144ski i Morawiecki. Trudno wymy\u015bli\u0107 wi\u0119ksz\u0105 g\u0142upot\u0119, ale ci panowie dobrze wyczuwaj\u0105 nastroje i mo\u017ce \u201eprosty lud to kupi\u201d?<\/p>\n<p>Za granic\u0105 trwaj\u0105 zaloty polsko-ameryka\u0144skie. Prezydent Andrzej Duda wybiera si\u0119 w czerwcu do Stan\u00f3w Zjednoczonych, gdzie mo\u017ce trafi\u0107 do Bia\u0142ego Domu (tym razem mo\u017ce znale\u017a\u0107 si\u0119 dla niego krzes\u0142o), by przypiecz\u0119towa\u0107 zwi\u0119kszon\u0105 obecno\u015b\u0107 militarn\u0105 USA w Polsce. Jakie b\u0119d\u0105 korzy\u015bci \u2013 wiadomo, jakie koszty finansowe i polityczne \u2013 to si\u0119 dopiero oka\u017ce. Jak zareaguje Europa, Rosja, na ile solidnym i przewidywalnym partnerem jest Donald Trump?<\/p>\n<p>Polska liczy na to, \u017ce prezydent USA we\u017amie udzia\u0142 w obchodach 80. rocznicy wybuchu II wojny \u015bwiatowej w Warszawie, Trump dobrze wspomina poprzedni\u0105 wizyt\u0119. Jego obecno\u015b\u0107 mia\u0142aby zach\u0119ci\u0107 do udzia\u0142u przyw\u00f3dc\u00f3w innych pa\u0144stw, oczy \u015bwiata by\u0142yby zwr\u00f3cone ku Warszawie, co w sumie by\u0142oby przedwyborczym podarunkiem Zachodu dla rz\u0105du polskiego. Wtedy trudniej by\u0142oby m\u00f3wi\u0107, \u017ce na arenie mi\u0119dzynarodowej jest izolowana.<\/p>\n<p>Jak przyjedzie prezydent \u201eHameryki\u201d, to prosty lud z rado\u015bci\u0105 to kupi. Wszak jeszcze niedawno Waszyngton beszta\u0142 Warszaw\u0119 za ograniczanie wolno\u015bci s\u0142owa (zagro\u017cenie TVN) czy ustaw\u0119 o IPN. Teraz zamiast kary mo\u017ce by\u0107 nagroda. Tak przynajmniej to odbior\u0105 \u201estraszni mieszczanie\u201d.<\/p>\n","protected":false},"excerpt":{"rendered":"<p>Panowie s\u0105 zadowoleni, bo nie\u017ale im idzie.<\/p>\n","protected":false},"author":4,"featured_media":5235,"comment_status":"open","ping_status":"closed","sticky":false,"template":"","format":"standard","meta":{"footnotes":""},"categories":[1],"tags":[],"_links":{"self":[{"href":"https:\/\/blog.polityka.pl\/passent\/wp-json\/wp\/v2\/posts\/5311"}],"collection":[{"href":"https:\/\/blog.polityka.pl\/passent\/wp-json\/wp\/v2\/posts"}],"about":[{"href":"https:\/\/blog.polityka.pl\/passent\/wp-json\/wp\/v2\/types\/post"}],"author":[{"embeddable":true,"href":"https:\/\/blog.polityka.pl\/passent\/wp-json\/wp\/v2\/users\/4"}],"replies":[{"embeddable":true,"href":"https:\/\/blog.polityka.pl\/passent\/wp-json\/wp\/v2\/comments?post=5311"}],"version-history":[{"count":5,"href":"https:\/\/blog.polityka.pl\/passent\/wp-json\/wp\/v2\/posts\/5311\/revisions"}],"predecessor-version":[{"id":5318,"href":"https:\/\/blog.polityka.pl\/passent\/wp-json\/wp\/v2\/posts\/5311\/revisions\/5318"}],"wp:featuredmedia":[{"embeddable":true,"href":"https:\/\/blog.polityka.pl\/passent\/wp-json\/wp\/v2\/media\/5235"}],"wp:attachment":[{"href":"https:\/\/blog.polityka.pl\/passent\/wp-json\/wp\/v2\/media?parent=5311"}],"wp:term":[{"taxonomy":"category","embeddable":true,"href":"https:\/\/blog.polityka.pl\/passent\/wp-json\/wp\/v2\/categories?post=5311"},{"taxonomy":"post_tag","embeddable":true,"href":"https:\/\/blog.polityka.pl\/passent\/wp-json\/wp\/v2\/tags?post=5311"}],"curies":[{"name":"wp","href":"https:\/\/api.w.org\/{rel}","templated":true}]}}