
{"id":534,"date":"2009-01-30T11:04:42","date_gmt":"2009-01-30T10:04:42","guid":{"rendered":"http:\/\/passent.blog.polityka.pl\/?p=534"},"modified":"2009-01-31T17:56:09","modified_gmt":"2009-01-31T16:56:09","slug":"wiadomosci-dobre-i-zle","status":"publish","type":"post","link":"https:\/\/blog.polityka.pl\/passent\/2009\/01\/30\/wiadomosci-dobre-i-zle\/","title":{"rendered":"Wiadomo\u015bci dobre i z\u0142e"},"content":{"rendered":"<p><strong>TUSK I PUTIN<\/strong> spotkali si\u0119 w Davos i odbyli ca\u0142kiem soczyst\u0105 rozmow\u0119 \u2013 to dobra wiadomo\u015b\u0107. Jeszcze kilka dni temu prezydent Kaczy\u0144ski \u2013 najbardziej antyrosyjski prezydent od 1989 r. \u2013 przypomina\u0142, \u017ce wydarzenia w Gruzji i na Ukrainie maj\u0105 ze sob\u0105 co\u015b wsp\u00f3lnego (czytaj: imperializm rosyjski, kt\u00f3ry faktycznie istnieje, ale stosunki z Polsk\u0105 to jednak co innego), a tu prosz\u0119 \u2013 spotkanie premier\u00f3w. Ciekaw jestem z czyjej inicjatywy, prawdopodobnie \u2013 z polskiej.<\/p>\n<p>Z pierwszych relacji wynika, \u017ce Rosja zapewne \u201edoda nam gazu\u201d, zastanowi si\u0119 nad rozmieszczeniem rakiet Iskander w Kaliningradzie, Polska podtrzymuje swoje stanowisko w sprawie gazoci\u0105gu p\u00f3\u0142nocnego, a Putin przyjedzie do Polski zapewne p\u00f3\u017an\u0105 wiosn\u0105. W ramiona sobie nie padli, i nie mo\u017cna tego oczekiwa\u0107 (czasy ca\u0142us\u00f3w \u201ena nied\u017awiedzia\u201d na szcz\u0119\u015bcie min\u0119\u0142y), ale rozmawiali jak r\u00f3wny z r\u00f3wnym. Putin troch\u0119 za bardzo rozkraczony w fotelu, powinien nauczy\u0107 si\u0119 siedzie\u0107. Po wizycie \u0141awrowa ta rozmowa to kolejny dobry znak i plus dla dyplomacji Tuska oraz Sikorskiego \u2013 spokojnej, rzeczowej i po\u017cytecznej. R\u00f3\u017cnice interes\u00f3w i stanowisk s\u0105 i b\u0119d\u0105, nie warto ich nawet przypomina\u0107 (cho\u0107by najnowsza decyzja s\u0105du w Rosji nt. Katynia), ale rozmawia\u0107 trzeba, \u017ceby si\u0119 nie okaza\u0142o, \u017ce Waszyngton i Bruksela rozmawiaj\u0105 z Moskw\u0105, tylko Warszawa jest obra\u017cona. Gdy Putin przyjedzie, a Lech Kaczy\u0144ski b\u0119dzie w Warszawie (bo przecie\u017c mo\u017ce by\u0107 w Azerbejd\u017canie\u2026) i w pe\u0142ni zdrowia (czego mu \u017cycz\u0119), to praktycznie b\u0119dzie musia\u0142 przyj\u0105\u0107 rosyjskiego premiera. Ciekawe, jak si\u0119 b\u0119dzie wtedy czu\u0142, bo rz\u0105d PiS do takich wizyt doprowadzi\u0107 nie umia\u0142, a chyba nawet i nie chcia\u0142.<\/p>\n<p><strong>JACEK KARNOWSKI<\/strong> otrzyma\u0142 w prokuraturze osiem zarzut\u00f3w, kt\u00f3re s\u0105d podobno uzna\u0142 za \u201euprawdopodobnione\u201d. Ci\u0105gle trudno mi w to uwierzy\u0107, bo to jeden z najlepszych prezydent\u00f3w miast w Polsce, pod jego kierownictwem Sopot zbiera\u0142 liczne laury, m.in. jako najlepiej zarz\u0105dzana gmina w Polsce. Wystarczy por\u00f3wna\u0107 Sopot z Zakopanem, \u017ceby zobaczy\u0107 jak mo\u017cna szans\u0119 wykorzysta\u0107, a jak nie. Ale nie o to prokuratura ma pretensje. Powiedzia\u0142em w Radiu TOK FM, \u017ce gdybym m\u00f3g\u0142, to bym si\u0119 podpisa\u0142 pod apelem wielu znakomito\u015bci o to, by wobec J. Karnowskiego nie stosowa\u0107 \u015brodk\u00f3w zapobiegawczych w rodzaju aresztu, i ciesz\u0119 si\u0119, \u017ce s\u0105d zaj\u0105\u0142 takie stanowisko. Przecie\u017c mia\u0142 do\u015b\u0107 czasu, gdyby chcia\u0142 mataczy\u0107. Areszt, zw\u0142aszcza \u201ewydobywczy\u201d, jest w Polsce zdecydowanie nadu\u017cywany. Natomiast dziwi\u0142bym si\u0119, gdyby Jacek Karnowski mia\u0142 do\u015b\u0107 si\u0142, \u017ceby trwa\u0107 na stanowisku, ale to twarda sztuka.<\/p>\n<p>Sprawa ma, niestety, silny podtekst polityczny \u2013 s\u0142aby w Tr\u00f3jmie\u015bcie PiS polowa\u0142 na Karnowskiego, i teraz Jacek Kurski triumfuje, \u201eRzeczpospolita\u201d codziennie pisze o tym na pierwszych stronach. A premier Tusk opu\u015bci\u0142 Karnowskiego tak pr\u0119dko jak \u0106wi\u0105kalskiego. O winie Karnowskiego trudno co\u015b napisa\u0107, dop\u00f3ki sprawy nie rozstrzygnie s\u0105d. Gdyby JK mia\u0142 okaza\u0107 si\u0119 winny, to by\u0142oby smutne i trudne do przyj\u0119cia dla wi\u0119kszo\u015bci mieszka\u0144c\u00f3w, kt\u00f3rzy go zdecydowanie popierali i mieli za co. Ale mo\u017ce wszystkiego nie wiedzieli. Na razie szanujmy domniemanie niewinno\u015bci, bo wiele afer okaza\u0142o si\u0119 wydumanych.<\/p>\n<p><strong>EKSHUMACJA &#8211; KOMPROMITACJA<\/strong>. Oficjalny komunikat o wynikach ekshumacji zw\u0142ok gen. Sikorskiego przynosi rewelacyjne odkrycia: szcz\u0105tki rzeczywi\u015bcie s\u0105 gen. Sikorskiego, nie zosta\u0142 On uduszony, otruty, zastrzelony i tym podobne sensacje. Gdyby pani prokurator Koj z katowickiego oddzia\u0142u IPN, albo jej prze\u0142o\u017ceni z prof. Kurtyk\u0105 na czele, umieli si\u0119 zachowa\u0107, to powinni przynajmniej uderzy\u0107 si\u0119 w piersi i przeprosi\u0107, bo wi\u0119cej trudno od nich wymaga\u0107.<\/p>\n<p>***<\/p>\n<p><strong>TERESA STACHURSKA NA NASZYM BLOGU<\/strong> \u2013 dzi\u0119kuj\u0119 za ciekawe dane dotycz\u0105ce Polonii w W. Brytanii.<\/p>\n<p><strong>LUCAS<\/strong> prosi o wpis na temat Polonii w USA. Niestety, nie jestem kompetentny, cho\u0107 w sumie przemieszka\u0142em w Stanach oko\u0142o siedmiu lat, sp\u0119dzi\u0142em je prawie wy\u0142\u0105cznie w\u015br\u00f3d rodowitych Amerykan\u00f3w, aczkolwiek spotka\u0142em te\u017c b. ciekawych rodak\u00f3w \u2013 zbyt ma\u0142o jednak, \u017ceby uog\u00f3lnia\u0107.<\/p>\n","protected":false},"excerpt":{"rendered":"<p>TUSK I PUTIN spotkali si\u0119 w Davos i odbyli ca\u0142kiem soczyst\u0105 rozmow\u0119 \u2013 to dobra wiadomo\u015b\u0107. Jeszcze kilka dni temu prezydent Kaczy\u0144ski \u2013 najbardziej antyrosyjski prezydent od 1989 r. \u2013 przypomina\u0142, \u017ce wydarzenia w Gruzji i na Ukrainie maj\u0105 ze sob\u0105 co\u015b wsp\u00f3lnego (czytaj: imperializm rosyjski, kt\u00f3ry faktycznie istnieje, ale stosunki z Polsk\u0105 to jednak [&hellip;]<\/p>\n","protected":false},"author":4,"featured_media":0,"comment_status":"open","ping_status":"open","sticky":false,"template":"","format":"standard","meta":{"footnotes":""},"categories":[1],"tags":[],"_links":{"self":[{"href":"https:\/\/blog.polityka.pl\/passent\/wp-json\/wp\/v2\/posts\/534"}],"collection":[{"href":"https:\/\/blog.polityka.pl\/passent\/wp-json\/wp\/v2\/posts"}],"about":[{"href":"https:\/\/blog.polityka.pl\/passent\/wp-json\/wp\/v2\/types\/post"}],"author":[{"embeddable":true,"href":"https:\/\/blog.polityka.pl\/passent\/wp-json\/wp\/v2\/users\/4"}],"replies":[{"embeddable":true,"href":"https:\/\/blog.polityka.pl\/passent\/wp-json\/wp\/v2\/comments?post=534"}],"version-history":[{"count":0,"href":"https:\/\/blog.polityka.pl\/passent\/wp-json\/wp\/v2\/posts\/534\/revisions"}],"wp:attachment":[{"href":"https:\/\/blog.polityka.pl\/passent\/wp-json\/wp\/v2\/media?parent=534"}],"wp:term":[{"taxonomy":"category","embeddable":true,"href":"https:\/\/blog.polityka.pl\/passent\/wp-json\/wp\/v2\/categories?post=534"},{"taxonomy":"post_tag","embeddable":true,"href":"https:\/\/blog.polityka.pl\/passent\/wp-json\/wp\/v2\/tags?post=534"}],"curies":[{"name":"wp","href":"https:\/\/api.w.org\/{rel}","templated":true}]}}