
{"id":5342,"date":"2019-05-03T18:36:15","date_gmt":"2019-05-03T16:36:15","guid":{"rendered":"https:\/\/passent.blog.polityka.pl\/?p=5342"},"modified":"2019-05-03T20:52:11","modified_gmt":"2019-05-03T18:52:11","slug":"tusk-nie-stawia-kropki-nad-i","status":"publish","type":"post","link":"https:\/\/blog.polityka.pl\/passent\/2019\/05\/03\/tusk-nie-stawia-kropki-nad-i\/","title":{"rendered":"Tusk nie stawia kropki nad i"},"content":{"rendered":"<p>Oczekiwany z du\u017cym zainteresowaniem wyk\u0142ad Donalda Tuska na Uniwersytecie Warszawskim spe\u0142ni\u0142 oczekiwania jego zwolennik\u00f3w, ale nie przyni\u00f3s\u0142 zaskocze\u0144. By\u0142y premier i nadzieja opozycji potwierdzi\u0142 swoj\u0105 wysok\u0105 form\u0119 polityczn\u0105 oraz intelektualn\u0105.<\/p>\n<p>Polityczn\u0105, poniewa\u017c pokaza\u0142, \u017ce \u015bledzi wydarzenia w Polsce, na bie\u017c\u0105co potrafi skomentowa\u0107 najnowsze pomys\u0142y i wypowiedzi obozu w\u0142adzy (Polska sercem Europy, NATO i UNIA do Konstytucji), umie wskaza\u0107 zagro\u017cenia dla Europy, takie jak z jednej strony nacjonalizm, d\u0105\u017cenie do hegemonii, a z drugiej rozpad i entropia. Jak zawsze, Tusk apelowa\u0142 o umiar i wstrzemi\u0119\u017aliwo\u015b\u0107 &#8211; po wyborach nadal b\u0119dziemy \u017cyli w tym samym kraju, w polityce nie mo\u017cna zmierza\u0107 do unicestwienia rywala, nikt nie ma prawa g\u0142osi\u0107, \u017ce Polska jest jego. Polska domem dla wszystkich. Przeprowadzi\u0142 obszerny wyw\u00f3d o potrzebie jedno\u015bci w r\u00f3\u017cnorodno\u015bci. Zamiast \u201dmy albo oni\u201d powinno by\u0107 \u201emy i oni\u201d. Tusk nazywa to \u201egramatyk\u0105 polityczn\u0105\u201d.<\/p>\n<p>Tusk dobrze sobie poradzi\u0142 z zarzutem \u201etargowicy\u201d, pokazuj\u0105c jak pod has\u0142ami dumy i niepodleg\u0142o\u015bci nast\u0105pi\u0142 pokaz cynizmu i propagandy. \u0141atwo przypochlebia\u0107 si\u0119 narodowym emocjom, a jednocze\u015bnie dzia\u0142a\u0107 na szkod\u0119 kraju. Istot\u0105 targowicy by\u0142o obalenie konstytucji, m\u00f3wi\u0142 Tusk, kt\u00f3ry po\u015bwi\u0119ci\u0142 konstytucji wiele uwagi, w tym preambule autorstwa Tadeusza Mazowieckiego, kt\u00f3r\u0105 radzi\u0142 zachowa\u0107 w ca\u0142o\u015bci (w\u0105tpi\u0119, czy to \u017cyczenie si\u0119 spe\u0142ni, nast\u0119pnym razem prawica tego nie prze\u0142knie). W jednej z kilku aluzji nawi\u0105za\u0142 do s\u0142\u00f3w prezesa Kaczy\u0144skiego, \u017ce nie nale\u017cy \u201enam\u201d przeszkadza\u0107, tylko nas wspiera\u0107. Przeciwnie, powiedzia\u0142 Tusk \u2013 nale\u017cy przeszkadza\u0107 , w\u0105tpi\u0107, broni\u0107 si\u0119 przed skleroz\u0105 przekona\u0144. Du\u017co m\u00f3wi\u0142 o zagro\u017ceniach globalnych \u2013 o \u015brodowisku naturalnym, czy te\u017c o nowej formie zniewolenia jednostki \u2013 w formie chi\u0144skiej, czy te\u017c ze strony gigant\u00f3w Internetu. Wspomnia\u0142 o swoim do\u015bwiadczeniu politycznym, si\u0119gaj\u0105c po Klub My\u015bli Politycznej im. Konstytucji 3 Maja, tak\u017ce pozwoli\u0142 sobie na kilka s\u0142\u00f3w aluzji: Nie mo\u017cna raz do roku \u015bwi\u0119towa\u0107 Konstytucj\u0119, a na co dzie\u0144 jej narusza\u0107.<\/p>\n<p>Swoim zwolennikom Tusk dodawa\u0142 otuchy, m\u00f3wi\u0142, \u017ce nie taki diabe\u0142 straszny, nie takich wodz\u00f3w \u017ce\u015bmy pokonali, ca\u0142y system zosta\u0142 obalony bez jednego wystrza\u0142u. G\u0142owa do g\u00f3ry, wesp\u00f3\u0142 w zesp\u00f3\u0142 zwyci\u0119\u017cymy \u2013 taki by\u0142 ton wyst\u0105pienia Donalda Tuska. Na pytanie, czy b\u0119dzie kandydowa\u0142 w wyborach prezydenckich, odpowiedzia\u0142 wymijaj\u0105co, \u017ce wybory b\u0119d\u0105 za 200 lat. Swoboda, werwa, rozmach wyk\u0142adu Tuska, a tak\u017ce entuzjazm s\u0142uchaczy w audytorium i na dziedzi\u0144cu Uniwersytetu potwierdzaj\u0105, \u017ce Tusk jest znacz\u0105c\u0105 postaci\u0105 na polskiej scenie politycznej, nie tai swoich intencji, ale nie postawi\u0142 jeszcze kropki nad i. Za to w\u0142adza i jej adwokaci nie omieszkaj\u0105 stwierdzi\u0107, \u017ce w Warszawie Tusk wiecuje przeciwko Polsce, miesza si\u0119 w wewn\u0119trzne sprawy naszego kraju, knuje i czai si\u0119 do skoku.<br \/>\nZAPROSZENIE<br \/>\nProf. Andrzej Rychard (PAN), Agata Szcze\u015bniak (OKO. PRESS), Jaros\u0142aw Guga\u0142a (Polsat) b\u0119d\u0105 moimi go\u015b\u0107mi w Radiu TOK FM w niedziel\u0119, 5 maja br. o godz. 10.05.<\/p>\n","protected":false},"excerpt":{"rendered":"<p>Tusk dobrze sobie poradzi\u0142 z zarzutem \u201etargowicy\u201d, pokazuj\u0105c jak pod has\u0142ami dumy i niepodleg\u0142o\u015bci nast\u0105pi\u0142 pokaz cynizmu i propagandy. <\/p>\n","protected":false},"author":4,"featured_media":5347,"comment_status":"open","ping_status":"closed","sticky":false,"template":"","format":"standard","meta":{"footnotes":""},"categories":[1],"tags":[],"_links":{"self":[{"href":"https:\/\/blog.polityka.pl\/passent\/wp-json\/wp\/v2\/posts\/5342"}],"collection":[{"href":"https:\/\/blog.polityka.pl\/passent\/wp-json\/wp\/v2\/posts"}],"about":[{"href":"https:\/\/blog.polityka.pl\/passent\/wp-json\/wp\/v2\/types\/post"}],"author":[{"embeddable":true,"href":"https:\/\/blog.polityka.pl\/passent\/wp-json\/wp\/v2\/users\/4"}],"replies":[{"embeddable":true,"href":"https:\/\/blog.polityka.pl\/passent\/wp-json\/wp\/v2\/comments?post=5342"}],"version-history":[{"count":5,"href":"https:\/\/blog.polityka.pl\/passent\/wp-json\/wp\/v2\/posts\/5342\/revisions"}],"predecessor-version":[{"id":5349,"href":"https:\/\/blog.polityka.pl\/passent\/wp-json\/wp\/v2\/posts\/5342\/revisions\/5349"}],"wp:featuredmedia":[{"embeddable":true,"href":"https:\/\/blog.polityka.pl\/passent\/wp-json\/wp\/v2\/media\/5347"}],"wp:attachment":[{"href":"https:\/\/blog.polityka.pl\/passent\/wp-json\/wp\/v2\/media?parent=5342"}],"wp:term":[{"taxonomy":"category","embeddable":true,"href":"https:\/\/blog.polityka.pl\/passent\/wp-json\/wp\/v2\/categories?post=5342"},{"taxonomy":"post_tag","embeddable":true,"href":"https:\/\/blog.polityka.pl\/passent\/wp-json\/wp\/v2\/tags?post=5342"}],"curies":[{"name":"wp","href":"https:\/\/api.w.org\/{rel}","templated":true}]}}