
{"id":535,"date":"2009-02-01T22:35:49","date_gmt":"2009-02-01T21:35:49","guid":{"rendered":"http:\/\/passent.blog.polityka.pl\/?p=535"},"modified":"2009-02-01T22:35:49","modified_gmt":"2009-02-01T21:35:49","slug":"mysli-przewodniczacego","status":"publish","type":"post","link":"https:\/\/blog.polityka.pl\/passent\/2009\/02\/01\/mysli-przewodniczacego\/","title":{"rendered":"My\u015bli przewodnicz\u0105cego"},"content":{"rendered":"<p><strong>Kongres PiS to ani prze\u0142om, ani stara \u015bpiewka. Co to by\u0142o, to si\u0119 dopiero oka\u017ce<\/strong>.<\/p>\n<p>W sferze teoretycznej, prezes wyg\u0142osi\u0142 troch\u0119 og\u00f3lnik\u00f3w w rodzaju \u201ecz\u0142owiek rodzi si\u0119 do \u017cycia we wsp\u00f3lnocie\u201d, pa\u0144stwo silne, ale nie kosztem obywatela, naszym celem narodowe pa\u0144stwo demokratyczne, solidarne i gwarantuj\u0105ce swoim obywatelom bezpiecze\u0144stwo. Og\u00f3lnie \u2013 wszystko prawda, a w praktyce oka\u017ce si\u0119, ile narodowego, a ile europejskiego, kiedy prezydent podpisze Lizbon\u0119, a Polska przejdzie na euro.<\/p>\n<p>W sferze politycznej prezes wytyczy\u0142 zadania, m.in. zmian\u0119 relacji prezydent \u2013 premier, ulepszenie procesu legislacyjnego i w\u0142adzy wykonawczej, ochron\u0119 telewizji publicznej oraz IPN, zmiana roli Trybuna\u0142u Konstytucyjnego. Nihil novi. Nie zabrak\u0142o \u201ebrudnych sieci\u201d, \u201eprojektu medialnego\u201d z \u201eGazet\u0105 Wyborcz\u0105\u201d na czele, klik i polityki \u201etransakcyjnej\u201d, kt\u00f3r\u0105 nb. PiS uprawia\u0142 z du\u017cym powodzeniem, kiedy by\u0142 u w\u0142adzy.<\/p>\n<p>Prezes zmieni\u0142 nie tylko garnitur, ale i j\u0119zyk. Pokaza\u0142 ga\u0142\u0105zk\u0119 oliwn\u0105, stara\u0142 si\u0119 zaprezentowa\u0107 PiS jako normaln\u0105 parti\u0119, skupion\u0105 na sprawach gospodarczych i socjalnych. Posun\u0105\u0142 si\u0119 do tego, \u017ce przeprosi\u0142 inteligent\u00f3w, ale oczywi\u015bcie tylko tych prawdziwych, etosowych. Nie krzycza\u0142 na przeciwnik\u00f3w, nie wymy\u015bla\u0142 od ZOMO, pseudoelity, moralnej zgnilizny uniwersytet\u00f3w, nie m\u00f3wi\u0142, \u017ce rz\u0105d wypuszcza z wi\u0119zie\u0144 gangster\u00f3w, kt\u00f3rzy obcinaj\u0105 palce. Ma\u0142o by\u0142o uk\u0142adu i postkomuny.<\/p>\n<p>Ustawiony na tle od\u015bwi\u0119tnie wystrojonej m\u0142odzie\u017cy w stylu pionier\u00f3w i komsomolc\u00f3w, du\u017co m\u00f3wi\u0142 o m\u0142odzie\u017cy, o nowoczesno\u015bci, o komputeryzacji, podbija\u0142 narodowego b\u0119benka, upominaj\u0105c si\u0119 o igrzyska olimpijskie. Zaprezentowa\u0142 si\u0119 jako polityk bardziej umiarkowany ni\u017c dotychczas, wyra\u017anie umizguj\u0105c si\u0119 do wyborc\u00f3w centrum, kt\u00f3rzy w miar\u0119 zu\u017cywania si\u0119 rz\u0105d\u00f3w Platformy b\u0119d\u0105 od niej odchodzi\u0107.<\/p>\n<p>Je\u015bli prawd\u0105 jest, \u017ce melodia czyni piosenk\u0119, to mamy do czynienia z piosenk\u0105 bardziej przyjemn\u0105 dla ucha. W tym sensie Tusk ma racj\u0119, \u017ce ten kongres to triumf jego polityki mi\u0142o\u015bci. Kto chce \u2013 niech wierzy prezesowi i w prezesa. Rozwa\u017cania o narodowym pa\u0144stwie demokratycznym, dzielenie w\u0142osa na czworo w sprawie si\u0142y pa\u0144stwa i praw jednostki i tym podobnych og\u00f3lnik\u00f3w, mam ju\u017c za sob\u0105. Analizowanie rozk\u0142adu akcent\u00f3w, np. narodowych i europejskich, rynkowych i etatystycznych, czyli studiowanie klasyk\u00f3w i referat\u00f3w programowych, nie wydaje mi si\u0119 ju\u017c owocne. Anegdoty w rodzaju \u201ePolityka pokoju wynika z mojej osobowo\u015bci\u201d ju\u017c mnie nie bawi\u0105. Odgadywanie my\u015bli prezesa (ma w g\u0142owie termin ust\u0105pienia, ale go nie zdradzi; s\u0105 w Platformie politycy, kt\u00f3rych ceni, ale ich nazwisk nie poda) pozostawiam innym. A tak\u017ce czerpanie nadziei, \u017ce od tego kongresu zacznie si\u0119 nowy rozdzia\u0142 \u2013 wszystko to ju\u017c chyba tylko dla tych, kt\u00f3rzy chc\u0105 jeszcze raz uwierzy\u0107 prezesowi. Przy takich okazjach najbardziej interesuj\u0105ce by\u0142y sprawy personalne, kto wszed\u0142 do Komitetu Politycznego, kto do Sekretariatu, a kto do Biura, ale tym razem i tego zabrak\u0142o.<\/p>\n<p>W sumie \u2013 \u201emuzyka melodii\u201d i s\u0142owa bardziej przyjemne dla ucha, ale przeboju z tego nie b\u0119dzie.<\/p>\n","protected":false},"excerpt":{"rendered":"<p>Kongres PiS to ani prze\u0142om, ani stara \u015bpiewka. Co to by\u0142o, to si\u0119 dopiero oka\u017ce. W sferze teoretycznej, prezes wyg\u0142osi\u0142 troch\u0119 og\u00f3lnik\u00f3w w rodzaju \u201ecz\u0142owiek rodzi si\u0119 do \u017cycia we wsp\u00f3lnocie\u201d, pa\u0144stwo silne, ale nie kosztem obywatela, naszym celem narodowe pa\u0144stwo demokratyczne, solidarne i gwarantuj\u0105ce swoim obywatelom bezpiecze\u0144stwo. Og\u00f3lnie \u2013 wszystko prawda, a w praktyce [&hellip;]<\/p>\n","protected":false},"author":4,"featured_media":0,"comment_status":"open","ping_status":"open","sticky":false,"template":"","format":"standard","meta":{"footnotes":""},"categories":[1],"tags":[],"_links":{"self":[{"href":"https:\/\/blog.polityka.pl\/passent\/wp-json\/wp\/v2\/posts\/535"}],"collection":[{"href":"https:\/\/blog.polityka.pl\/passent\/wp-json\/wp\/v2\/posts"}],"about":[{"href":"https:\/\/blog.polityka.pl\/passent\/wp-json\/wp\/v2\/types\/post"}],"author":[{"embeddable":true,"href":"https:\/\/blog.polityka.pl\/passent\/wp-json\/wp\/v2\/users\/4"}],"replies":[{"embeddable":true,"href":"https:\/\/blog.polityka.pl\/passent\/wp-json\/wp\/v2\/comments?post=535"}],"version-history":[{"count":0,"href":"https:\/\/blog.polityka.pl\/passent\/wp-json\/wp\/v2\/posts\/535\/revisions"}],"wp:attachment":[{"href":"https:\/\/blog.polityka.pl\/passent\/wp-json\/wp\/v2\/media?parent=535"}],"wp:term":[{"taxonomy":"category","embeddable":true,"href":"https:\/\/blog.polityka.pl\/passent\/wp-json\/wp\/v2\/categories?post=535"},{"taxonomy":"post_tag","embeddable":true,"href":"https:\/\/blog.polityka.pl\/passent\/wp-json\/wp\/v2\/tags?post=535"}],"curies":[{"name":"wp","href":"https:\/\/api.w.org\/{rel}","templated":true}]}}