
{"id":5364,"date":"2019-05-08T20:09:47","date_gmt":"2019-05-08T18:09:47","guid":{"rendered":"https:\/\/passent.blog.polityka.pl\/?p=5364"},"modified":"2019-05-08T20:32:23","modified_gmt":"2019-05-08T18:32:23","slug":"karol-wielki","status":"publish","type":"post","link":"https:\/\/blog.polityka.pl\/passent\/2019\/05\/08\/karol-wielki\/","title":{"rendered":"Karol Wielki"},"content":{"rendered":"<p>Setki, a mo\u017ce i ponad tysi\u0105c os\u00f3b przyby\u0142o 8 maja 2019 r. na pogrzeb prof. Karola Modzelewskiego na Cmentarzu Wojskowym na Pow\u0105zkach.<br \/>\n<!--more--><br \/>\nNie zamierza\u0142em o tym pisa\u0107, ale nie mog\u0119 oprze\u0107 si\u0119 potrzebie podzielenia si\u0119 tym, co powiedzieli liczni m\u00f3wcy, kt\u00f3rych zaraz wymieni\u0119. Przede wszystkim m\u00f3wiono o Karolu (znali\u015bmy si\u0119 od 1956 r.) jako o postaci nieposzlakowanej, cz\u0142owieku nies\u0142ychanie przyzwoitym, cz\u0119sto pada\u0142o s\u0142owo \u201eintegralno\u015b\u0107\u201d, cz\u0142owiek wielkiej integralno\u015bci.<\/p>\n<p>\u201eNigdy si\u0119 nie cofa\u0142\u201d \u2013 powiedzia\u0142 jeden z m\u00f3wc\u00f3w. \u017badnego kunktatorstwa, zero oportunizmu. M\u00f3wiono o dw\u00f3ch duszach Modzelewskiego \u2013 uczonego i dzia\u0142acza zwi\u0105zkowego oraz politycznego. Z jednej strony \u2013 wybitny historyk, mediewista, profesor Uniwersytetu Warszawskiego, ucze\u0144 prof. Gieysztora (taki, o jakim marzy ka\u017cdy profesor \u2013 m\u00f3wi\u0142 Krzysztof Pomian), autor takich ksi\u0105\u017cek jak \u201eBarbarzy\u0144ska Europa\u201d, kt\u00f3re nale\u017c\u0105 do klasyki mediewistyki, a tak\u017ce pisarz, autor m.in. znakomitej autobiografii\u00a0\u201eZaje\u017adzimy koby\u0142\u0119 historii\u201d.<\/p>\n<p>Z drugiej strony \u2013 rewolucjonista, buntownik, dzia\u0142acz polityczny, wsp\u00f3\u0142autor (razem z Jackiem Kuroniem) listu otwartego do cz\u0142onk\u00f3w partii, kt\u00f3ry raz wszed\u0142szy na drog\u0119 walki o warto\u015bci, jakie by\u0142y mu bliskie \u2013 nigdy z niej nie zszed\u0142.<\/p>\n<p>Przez ca\u0142e \u017cycie by\u0142 cz\u0142owiekiem lewicy. Za swoje przekonania zap\u0142aci\u0142 prawie dziewi\u0119cioma latami w wi\u0119zieniach PRL. Jak kto\u015b (chyba Adam Michnik) powiedzia\u0142, Karol Modzelewski, syn (adoptowany) ministra spraw zagranicznych, mia\u0142 wszelkie warunki, by zosta\u0107 \u201eczerwonym ksi\u0119ciem\u201d.<\/p>\n<p>Nie poszed\u0142 t\u0105 drog\u0105 \u2013 wybra\u0142 \u017cycie wi\u0119zienne zamiast komfortu bez zasad, wybra\u0142 zasady bez komfortu.<\/p>\n<p>Kolejny w\u0105tek: Modzelewski a robotnicy. W 1956 r. trafia do robotnik\u00f3w FSO na \u017beraniu, spotyka dzia\u0142acza robotniczego Lecha Go\u017adzika i od tamtego czasu robotnicy s\u0105 mu bardzo bliscy, zostaje jednym z dzia\u0142aczy i strateg\u00f3w \u201eSolidarno\u015bci\u201d, jej rzecznikiem, pomys\u0142odawc\u0105 i zwolennikiem utworzenia jednego, og\u00f3lnokrajowego zwi\u0105zku.<\/p>\n<p>Po upadku komunizmu jest krytyczny wobec reform Balcerowicza (pozostaje ich \u201ezwolennikiem, ale nie bezkrytycznym\u201d, jak powiedzia\u0142 jeden z m\u00f3wc\u00f3w). Uwa\u017ca\u0142, \u017ce brzemi\u0119 transformacji roz\u0142o\u017cone by\u0142o niesprawiedliwie, \u017ce \u00a0robotnicy czy \u2013 szerzej \u2013 ludzie pracy d\u017awigali zbyt wielki ci\u0119\u017car. Obawia\u0142 si\u0119, \u017ce b\u0119dzie to mia\u0142o konsekwencje polityczne i dzi\u015b ju\u017c wiadomo, \u017ce mia\u0142 du\u017co racji.<\/p>\n<p>W czasach obecnych by\u0142 pe\u0142en obaw o los demokracji w Polsce, widzia\u0142 zal\u0105\u017cek pa\u0144stwa policyjnego, przed kt\u00f3rym g\u0142o\u015bno ostrzega\u0142. Ostatnie wydarzenia w Polsce zdaj\u0105 si\u0119 \u015bwiadczy\u0107 o tym, \u017ce i tym razem instynkt go nie zawi\u00f3d\u0142. \u201eOdszed\u0142 jeden z ojc\u00f3w odzyskanej niepodleg\u0142o\u015bci\u201d \u2013 powiedzia\u0142 jeden z m\u00f3wc\u00f3w.<\/p>\n<p>G\u0142os zabrali m.in. (pisz\u0119 z pami\u0119ci, przepraszam za brak niekt\u00f3rych os\u00f3b, imion, kolejno\u015bci wyst\u0105pie\u0144, tytu\u0142\u00f3w oraz stanowisk): uroczysto\u015b\u0107 prowadzi\u0142 znany aktor prof. Wojciech Malajkat. Przemawiali m.in. byli prezydenci Aleksander Kwa\u015bniewski i Bronis\u0142aw Komorowski, marsza\u0142ek Senatu Bogdan Borusewicz, rzecznik praw obywatelskich Adam Bodnar, rzeczniczka praw obywatelskich Republiki Czech p. Sabatowa, prezydent Wroc\u0142awia Jacek Sutryk, wiceprezydent Warszawy Pawe\u0142 Rabiej (miasto walnie przyczyni\u0142o si\u0119 do organizacji pogrzebu), prof. Andrzej Friszke, prof. Krzysztof Pomian, W\u0142adys\u0142aw Frasyniuk, Adam Michnik, a tak\u017ce dyrektor stacji PAN w Pary\u017cu, gdzie niedawno prof. Modzelewski bra\u0142 udzia\u0142 w konferencji mi\u0119dzynarodowej, a tak\u017ce w wieczorze po\u015bwi\u0119conym jego osobie.<\/p>\n<p>Pogrzeb mia\u0142 charakter prywatny, acz publiczny, zapowiadany w mediach. Zacz\u0105\u0142 si\u0119 i zako\u0144czy\u0142 ulubionymi przez Karola piosenkami Bu\u0142ata Okud\u017cawy.<\/p>\n<p>Chocia\u017c Rodzina zdecydowa\u0142a si\u0119 na pogrzeb prywatny, zdumiewaj\u0105cy by\u0142 brak jakiegokolwiek gestu ze strony w\u0142adz \u2013 cho\u0107by listu lub dyskretnej, prywatnej obecno\u015bci kogokolwiek z obozu w\u0142adzy, kto chcia\u0142by po\u017cegna\u0107 Karola Wielkiego od siebie. W niczym to jednak nie zaszkodzi\u0142o m\u0105drej, wzruszaj\u0105cej uroczy\u015bci.<\/p>\n<p><strong>Zaproszenie<\/strong><br \/>\nPrezydent Aleksander Kwa\u015bniewski b\u0119dzie \u201eGo\u015bciem Daniela Passenta\u201d w Radiu TOK FM w niedziel\u0119 12 maja o godz. 10:05. W roli wsp\u00f3\u0142gospodarza wyst\u0105pi red. Marek Ostrowski (\u201ePolityka\u201d). Zapraszam!<\/p>\n","protected":false},"excerpt":{"rendered":"<p>\u201eNigdy si\u0119 nie cofa\u0142\u201d \u2013 powiedzia\u0142 jeden z m\u00f3wc\u00f3w. \u017badnego kunktatorstwa, zero oportunizmu. <\/p>\n","protected":false},"author":4,"featured_media":5367,"comment_status":"open","ping_status":"closed","sticky":false,"template":"","format":"standard","meta":{"footnotes":""},"categories":[1],"tags":[],"_links":{"self":[{"href":"https:\/\/blog.polityka.pl\/passent\/wp-json\/wp\/v2\/posts\/5364"}],"collection":[{"href":"https:\/\/blog.polityka.pl\/passent\/wp-json\/wp\/v2\/posts"}],"about":[{"href":"https:\/\/blog.polityka.pl\/passent\/wp-json\/wp\/v2\/types\/post"}],"author":[{"embeddable":true,"href":"https:\/\/blog.polityka.pl\/passent\/wp-json\/wp\/v2\/users\/4"}],"replies":[{"embeddable":true,"href":"https:\/\/blog.polityka.pl\/passent\/wp-json\/wp\/v2\/comments?post=5364"}],"version-history":[{"count":2,"href":"https:\/\/blog.polityka.pl\/passent\/wp-json\/wp\/v2\/posts\/5364\/revisions"}],"predecessor-version":[{"id":5366,"href":"https:\/\/blog.polityka.pl\/passent\/wp-json\/wp\/v2\/posts\/5364\/revisions\/5366"}],"wp:featuredmedia":[{"embeddable":true,"href":"https:\/\/blog.polityka.pl\/passent\/wp-json\/wp\/v2\/media\/5367"}],"wp:attachment":[{"href":"https:\/\/blog.polityka.pl\/passent\/wp-json\/wp\/v2\/media?parent=5364"}],"wp:term":[{"taxonomy":"category","embeddable":true,"href":"https:\/\/blog.polityka.pl\/passent\/wp-json\/wp\/v2\/categories?post=5364"},{"taxonomy":"post_tag","embeddable":true,"href":"https:\/\/blog.polityka.pl\/passent\/wp-json\/wp\/v2\/tags?post=5364"}],"curies":[{"name":"wp","href":"https:\/\/api.w.org\/{rel}","templated":true}]}}