
{"id":537,"date":"2009-02-08T19:32:08","date_gmt":"2009-02-08T18:32:08","guid":{"rendered":"http:\/\/passent.blog.polityka.pl\/?p=537"},"modified":"2009-02-08T19:32:08","modified_gmt":"2009-02-08T18:32:08","slug":"biala-i-czarna-legenda","status":"publish","type":"post","link":"https:\/\/blog.polityka.pl\/passent\/2009\/02\/08\/biala-i-czarna-legenda\/","title":{"rendered":"Bia\u0142a i czarna legenda"},"content":{"rendered":"<p>Wszystko jest dobre, \u017ceby to \u201eupolityczni\u0107\u201d i wykorzysta\u0107 na swoj\u0105 korzy\u015b\u0107. Tragiczna wiadomo\u015b\u0107 o zamordowaniu porwanego geologa polskiego w Pakistanie? Prosz\u0119 bardzo, od razu gen. Polko spieszy z przygan\u0105 dla premiera Tuska, i\u017c nie powinien by\u0142 m\u00f3wi\u0107, \u017ce Polska nie p\u0142aci okup\u00f3w. Polityk PiS Ryszard Czarnecki, podobno ju\u017c bliski prezesowi Kaczy\u0144skiemu, posun\u0105\u0142 si\u0119 jeszcze dalej w oskar\u017ceniach. \u2013 Premier nie powinien by\u0142 organizowa\u0107 konferencji prasowej w tej sprawie natychmiast po powrocie z konferencji w Monachium. No, c\u00f3\u017c, gdyby premier siedzia\u0142 cicho, to by mu zarzucono, \u017ce w drastycznej sprawie porwanego Polaka milczy i bryluje w Monachium. A wp\u0142yw\u00a0 strony polskiej na to, co dzieje si\u0119 \u2013 tak\u017ce z naszym rodakiem \u2013 na odleg\u0142ych terenach Pakistanu, jest minimalny. Tam sytuacji nie kontroluje nikt, ani Karaczi, kt\u00f3rego w\u0142adza jest ograniczona, ani Waszyngton, kt\u00f3ry bezskutecznie poluje na Bin Ladena, ani Warszawa. Sejmowa komisja do spraw s\u0142u\u017cb specjalnych\u00a0 powinna po zako\u0144czeniu sprawy zbada\u0107 post\u0119powanie w\u0142adz polskich, ale nie oczekujmy rewelacji.<\/p>\n<p>Tak\u017ce rocznica Okr\u0105g\u0142ego Sto\u0142u zosta\u0142a wykorzystana na r\u00f3\u017cne sposoby. Zamiast, \u017ceby Sejm, Senat, prezydent i rz\u0105d wsp\u00f3lnie uczcili to wielkie wydarzenie, np. w formie rezolucji Zgromadzenia Narodowego, odby\u0142o si\u0119 kilka spotka\u0144, ale \u017cadne w pe\u0142nym sk\u0142adzie. Jedno, \u201elewicowe\u201d w Sejmie, drugie \u2013 wybranych i dobranych historyk\u00f3w \u2013 u prezydenta, kt\u00f3ry przedstawi\u0142 \u201ebia\u0142\u0105\u201d i \u201eczarn\u0105\u201d legend\u0119 Okr\u0105g\u0142ego Sto\u0142u. W tej drugiej nie brak\u0142o akcent\u00f3w krytycznych: \u017ce by\u0142a to zmowa elit i niewykorzystana szansa. \u201eCzarna\u201d legenda bli\u017csza jest chyba sercu braci Kaczy\u0144skich, wedle kt\u00f3rych wtedy, przy Okr\u0105g\u0142ym Stole, pocz\u0119ta zosta\u0142a III RP. A gdyby po stronie opozycji zamiast Wa\u0142\u0119sy, Geremka, Mazowieckiego, siedzieli Gwiazda, Morawiecki i J.Kaczy\u0144ski \u2013 to nie by\u0142aby \u201ezmowa elit\u201d? Po prostu nie wszyscy byli w\u00f3wczas elit\u0105. Po\u00a0 stronie opozycji, w Solidarno\u015bci, najsilniejszy by\u0142 w\u00f3wczas nurt wywodz\u0105cy si\u0119 z KOR oraz Ko\u015bci\u00f3\u0142, radyka\u0142owie byli w mniejszo\u015bci, i tego ju\u017c si\u0119 zmieni\u0107 nie da, \u017ceby nie wiadomo jak pisa\u0107 histori\u0119 od nowa. Tak\u017ce spekulacje, jakoby mo\u017cna by\u0142o wytargowa\u0107 od komunist\u00f3w wi\u0119cej, brzmi\u0105 dzisiaj jak rozmowy genera\u0142\u00f3w o rozegranych bitwach. Co\u015b w rodzaju: \u201eczy Armia Czerwona mog\u0142a by\u0142a dotrze\u0107 na Zach\u00f3d dalej ni\u017c do Berlina?\u201d Najwa\u017cniejsze, \u017ce Okr\u0105g\u0142y St\u00f3\u0142 doszed\u0142 do skutku i otworzy\u0142 drog\u0119 do demokracji. Tym, kt\u00f3rzy czuj\u0105 si\u0119 nieusatysfakcjonowani, dobrze powiedzia\u0142 Leszek Miller: kto im broni\u0142 bra\u0107 ca\u0142\u0105 w\u0142adz\u0119 wtedy?<\/p>\n<p>W Monachium premier Tusk spotka\u0142 si\u0119 z wiceprezydentem Bidenem i zapewnia\u0142, \u017ce Polska trwa przy tarczy. Ale \u2013 jak by\u0142o do przewidzenia \u2013 nowy rz\u0105d USA nie ma w tej sprawie jeszcze wyrobionego zdania i znajduje si\u0119 od naciskiem Berlina oraz Moskwy. Berlin otwarcie wzywa Stany do rezygnacji z tarczy, a Moskwa kusi i grozi nie tylko rakietami Iskander, ale i perspektywami wsp\u00f3\u0142pracy w Afganistanie, na Bliskim Wschodzie, w Europie. Gdy do tego dodamy gazoci\u0105g p\u00f3\u0142nocny, to zobaczymy, \u017ce Polska jest nie tylko podmiotem, ale i przedmiotem polityki mi\u0119dzynarodowej, sprawy mog\u0105 by\u0107 za\u0142atwiane ponad naszymi g\u0142owami. Musimy wi\u0119c piel\u0119gnowa\u0107 stosunki ze wszystkimi najwa\u017cniejszymi aktorami \u2013 od Waszyngtonu do Moskwy.\u00a0 Dobrze by by\u0142o, gdyby\u015bmy na otarcie \u0142ez dostali stanowisko Sekretarza Generalnego NATO, ale \u201emy\u015bl\u0119, \u017ce w\u0105tpi\u0119\u201d, jak pisa\u0142 Wiech.<\/p>\n","protected":false},"excerpt":{"rendered":"<p>Wszystko jest dobre, \u017ceby to \u201eupolityczni\u0107\u201d i wykorzysta\u0107 na swoj\u0105 korzy\u015b\u0107. Tragiczna wiadomo\u015b\u0107 o zamordowaniu porwanego geologa polskiego w Pakistanie? Prosz\u0119 bardzo, od razu gen. Polko spieszy z przygan\u0105 dla premiera Tuska, i\u017c nie powinien by\u0142 m\u00f3wi\u0107, \u017ce Polska nie p\u0142aci okup\u00f3w. Polityk PiS Ryszard Czarnecki, podobno ju\u017c bliski prezesowi Kaczy\u0144skiemu, posun\u0105\u0142 si\u0119 jeszcze dalej [&hellip;]<\/p>\n","protected":false},"author":4,"featured_media":0,"comment_status":"open","ping_status":"open","sticky":false,"template":"","format":"standard","meta":{"footnotes":""},"categories":[1],"tags":[],"_links":{"self":[{"href":"https:\/\/blog.polityka.pl\/passent\/wp-json\/wp\/v2\/posts\/537"}],"collection":[{"href":"https:\/\/blog.polityka.pl\/passent\/wp-json\/wp\/v2\/posts"}],"about":[{"href":"https:\/\/blog.polityka.pl\/passent\/wp-json\/wp\/v2\/types\/post"}],"author":[{"embeddable":true,"href":"https:\/\/blog.polityka.pl\/passent\/wp-json\/wp\/v2\/users\/4"}],"replies":[{"embeddable":true,"href":"https:\/\/blog.polityka.pl\/passent\/wp-json\/wp\/v2\/comments?post=537"}],"version-history":[{"count":0,"href":"https:\/\/blog.polityka.pl\/passent\/wp-json\/wp\/v2\/posts\/537\/revisions"}],"wp:attachment":[{"href":"https:\/\/blog.polityka.pl\/passent\/wp-json\/wp\/v2\/media?parent=537"}],"wp:term":[{"taxonomy":"category","embeddable":true,"href":"https:\/\/blog.polityka.pl\/passent\/wp-json\/wp\/v2\/categories?post=537"},{"taxonomy":"post_tag","embeddable":true,"href":"https:\/\/blog.polityka.pl\/passent\/wp-json\/wp\/v2\/tags?post=537"}],"curies":[{"name":"wp","href":"https:\/\/api.w.org\/{rel}","templated":true}]}}