
{"id":5379,"date":"2019-05-19T17:30:52","date_gmt":"2019-05-19T15:30:52","guid":{"rendered":"https:\/\/passent.blog.polityka.pl\/?p=5379"},"modified":"2019-05-19T22:51:22","modified_gmt":"2019-05-19T20:51:22","slug":"ta-ostatnia-niedziela-2","status":"publish","type":"post","link":"https:\/\/blog.polityka.pl\/passent\/2019\/05\/19\/ta-ostatnia-niedziela-2\/","title":{"rendered":"Ta ostatnia niedziela"},"content":{"rendered":"<p>Obie strony s\u0105 ju\u017c chyba u kresu si\u0142, a wybory \u201eeuropejskie\u201d to przecie\u017c zaledwie pr\u00f3ba generalna przed wyborami polskimi.<br \/>\n<!--more--><br \/>\nJeszcze kilka dni temu wybory do PE wydawa\u0142y si\u0119 rozstrzygni\u0119te. PiS prowadzi\u0142 we wszystkich sonda\u017cach. Z jednej strony partia dysponuj\u0105ca niepodzieln\u0105 w\u0142adz\u0105, silna, zwarta i gotowa, z jasnym programem i ciemnym przyw\u00f3dc\u0105. Z drugiej \u2013 koalicja zlepiona na s\u0142owo honoru, bez wyrazistego programu i porywaj\u0105cego przyw\u00f3dcy.<\/p>\n<p>W obozie liberalno-lewicowym brakowa\u0142o entuzjazmu i wiary w zwyci\u0119stwo. A\u017c tu nagle \u2013 jak w bajce \u2013 na dom przy ul. Nowogrodzkiej spad\u0142y trzy bomby: \u201eniestosowne i niepowa\u017cne\u201d antyklerykalne wyst\u0105pienie Leszka Ja\u017cd\u017cewskiego, kt\u00f3ry przy\u0107mi\u0142 swojego mentora na UW, dalej \u201eMatka Boska T\u0119czowa\u201d, kt\u00f3ra skompromitowa\u0142a policj\u0119 i o\u015bmieszy\u0142a w\u0142adz\u0119, wreszcie bomba trzecia, atomowa \u2013 film braci Sekielskich \u201eTylko nie m\u00f3w nikomu\u201d. Film na temat raka pedofilii, jaki toczy Ko\u015bci\u00f3\u0142 hierarchiczny, bezmiar ob\u0142udy i zak\u0142amania na ten temat.<\/p>\n<p>Grunt by\u0142 ju\u017c przygotowany przez film \u201eKler\u201d Smarzowskiego (ok. 6 mln widz\u00f3w), ale darmowy dokument Sekielskich obejrza\u0142o ju\u017c ok. 20 mln widz\u00f3w. \u201eOko\u0142o\u201d, bo nie ka\u017cda ods\u0142ona r\u00f3wna si\u0119 obejrzeniu ca\u0142ego filmu przez tylko jedn\u0105 osob\u0119. Film wykonany praktycznie bezb\u0142\u0119dnie i taktownie okaza\u0142 si\u0119 nie do podwa\u017cenia. (Abp G\u0142\u00f3d\u017a pr\u00f3bowa\u0142, ale si\u0119 skompromitowa\u0142 i musia\u0142 wydusi\u0107 z siebie przeprosiny).<\/p>\n<p>Cz\u0119\u015b\u0107 hierarch\u00f3w, z prymasem i przewodnicz\u0105cym episkopatu (cho\u0107 \u017caden biskup nie zgodzi\u0142 si\u0119 wyst\u0105pi\u0107 w filmie), przeprosi\u0142a i nie kwestionowa\u0142a fakt\u00f3w opisanych w filmie. Dla Kaczy\u0144skiego by\u0142 to moment fatalny, poniewa\u017c akurat wygra\u017ca\u0142, \u017ce r\u0119ka podniesiona na Ko\u015bci\u00f3\u0142 to r\u0119ka podniesiona na Polsk\u0119, gdy Sekielscy wyprowadzili cios prawdy \u2013 trafili w sam splot s\u0142oneczny.<\/p>\n<p>Prezes zachwia\u0142 si\u0119 na nogach. W pierwszej rundzie odrzuca\u0142 jak\u0105kolwiek my\u015bl o komisji pa\u0144stwowo-ko\u015bcielnej do zbadania zjawiska pedofilii i bezprawia. W drugiej rundzie dystansowa\u0142 si\u0119, m\u00f3wi\u0142, \u017ce partia nie rz\u0105dzi Ko\u015bcio\u0142em etc. W trzeciej rundzie zgodzi\u0142 si\u0119 na komisj\u0119, ale nie wy\u0142\u0105cznie do zbadania pedofilii w Ko\u015bciele, tylko we wszystkich \u015brodowiskach. &#8222;Ani Nobel, ani Oscar, ani mi\u0119dzynarodowa s\u0142awa nie b\u0119d\u0105 ochron\u0105&#8221; \u2013 grzmia\u0142 wyra\u017anie podekscytowany Kaczy\u0144ski, a jego media podpowiada\u0142y nazwiska nie tylko Pola\u0144skiego.<\/p>\n<p>Pomys\u0142 z \u201ekomisj\u0105 og\u00f3ln\u0105\u201d jest bezsensowny \u2013 ma rozmy\u0107 spraw\u0119 w Ko\u015bciele i nigdy nie zako\u0144czy\u0107 swoich prac. Poza tym film i ca\u0142a sprawa dotyczy Ko\u015bcio\u0142a, a nie \u201ew og\u00f3le\u201d. Je\u017celi np. w wojsku ameryka\u0144skim stwierdzono wypadki molestowania kobiet, to nie badano jednocze\u015bnie \u015brodowisk nauczycieli, trener\u00f3w, prze\u0142o\u017conych w korporacjach etc. W Chile te\u017c ust\u0105pi\u0142 episkopat, a nie inne w\u0142adze, chocia\u017c znalaz\u0142yby si\u0119 przyk\u0142ady \u0142amania prawa w r\u00f3\u017cnych \u015brodowiskach. Nikt propozycji PiS nie potraktuje serio.<\/p>\n<p>Kto\u015b m\u0105drze powiedzia\u0142, \u017ce do czasu filmu Sekielskich znaczna cz\u0119\u015b\u0107 spo\u0142ecze\u0144stwa \u017cy\u0142a w dw\u00f3ch oddzielnych ba\u0144kach informacyjnych. Jedni mieli TVP, Polskie Radio, &#8222;Sieci&#8221;, &#8222;Gazet\u0119 Polsk\u0105&#8221; itp., a drudzy \u2013 TVN, &#8222;Wyborcz\u0105&#8221;, &#8222;Newsweek&#8221; i inne. Przemawiaj\u0105c u szczytu kryzysu, premier stara si\u0119 nie wym\u00f3wi\u0107 s\u0142owa \u201eKo\u015bci\u00f3\u0142\u201d.<\/p>\n<p>W ostatniej chwili rz\u0105d dorzuca napiwek ludziom z niepe\u0142nosprawno\u015bciami. A\u017c tu nagle&#8230; 20 mln ludzi zobaczy\u0142o i obejrza\u0142o to samo. Prawda jest jedna.<\/p>\n","protected":false},"excerpt":{"rendered":"<p>Obie strony s\u0105 ju\u017c chyba u kresu si\u0142.<\/p>\n","protected":false},"author":4,"featured_media":5165,"comment_status":"open","ping_status":"closed","sticky":false,"template":"","format":"standard","meta":{"footnotes":""},"categories":[1],"tags":[],"_links":{"self":[{"href":"https:\/\/blog.polityka.pl\/passent\/wp-json\/wp\/v2\/posts\/5379"}],"collection":[{"href":"https:\/\/blog.polityka.pl\/passent\/wp-json\/wp\/v2\/posts"}],"about":[{"href":"https:\/\/blog.polityka.pl\/passent\/wp-json\/wp\/v2\/types\/post"}],"author":[{"embeddable":true,"href":"https:\/\/blog.polityka.pl\/passent\/wp-json\/wp\/v2\/users\/4"}],"replies":[{"embeddable":true,"href":"https:\/\/blog.polityka.pl\/passent\/wp-json\/wp\/v2\/comments?post=5379"}],"version-history":[{"count":4,"href":"https:\/\/blog.polityka.pl\/passent\/wp-json\/wp\/v2\/posts\/5379\/revisions"}],"predecessor-version":[{"id":5383,"href":"https:\/\/blog.polityka.pl\/passent\/wp-json\/wp\/v2\/posts\/5379\/revisions\/5383"}],"wp:featuredmedia":[{"embeddable":true,"href":"https:\/\/blog.polityka.pl\/passent\/wp-json\/wp\/v2\/media\/5165"}],"wp:attachment":[{"href":"https:\/\/blog.polityka.pl\/passent\/wp-json\/wp\/v2\/media?parent=5379"}],"wp:term":[{"taxonomy":"category","embeddable":true,"href":"https:\/\/blog.polityka.pl\/passent\/wp-json\/wp\/v2\/categories?post=5379"},{"taxonomy":"post_tag","embeddable":true,"href":"https:\/\/blog.polityka.pl\/passent\/wp-json\/wp\/v2\/tags?post=5379"}],"curies":[{"name":"wp","href":"https:\/\/api.w.org\/{rel}","templated":true}]}}