
{"id":538,"date":"2009-02-10T11:01:48","date_gmt":"2009-02-10T10:01:48","guid":{"rendered":"http:\/\/passent.blog.polityka.pl\/?p=538"},"modified":"2009-02-10T12:58:22","modified_gmt":"2009-02-10T11:58:22","slug":"sadny-dzien","status":"publish","type":"post","link":"https:\/\/blog.polityka.pl\/passent\/2009\/02\/10\/sadny-dzien\/","title":{"rendered":"S\u0105dny dzie\u0144"},"content":{"rendered":"<p>Jak tylko z Pakistanu nadesz\u0142a fatalna wiadomo\u015b\u0107, politycy i dziennikarze urz\u0105dzili s\u0105dny dzie\u0144. Wykazali ca\u0142\u0105 swoja ob\u0142ud\u0119: Z jednej strony zastrzegali si\u0119, \u017ceby bro\u0144 Bo\u017ce nie wykorzystywa\u0107 morderstwa do cel\u00f3w politycznych, \u017ce trudno ocenia\u0107, poniewa\u017c nie wiadomo jeszcze jakie wysi\u0142ki czyni\u0142y w\u0142adze polskie, a z drugiej \u2013 rozpocz\u0119\u0142a si\u0119 seria wypowiedzi oraz rzekomo bezinteresownych pyta\u0144. \u201ePrzegrali\u015bmy! Terroryzm wygra\u0142. Ponie\u015bli\u015bmy kl\u0119sk\u0119 w walce z terroryzmem\u201d \u2013 zagrzmia\u0142 Grzegorz Napieralski z SLD. I doda\u0142, \u017ce Tusk powinien rozwa\u017cy\u0107 dymisj\u0119 Sikorskiego. Pose\u0142 Palikot, a nast\u0119pnie min. Sikorski i inni, rzucali gromkie, ale \u015bmieszne zapowiedzi w stylu \u201eZabijemy ich! Dopadniemy ich!\u201d<\/p>\n<p>Prezydencki minister od spraw zagranicznych, p. Waszczykowski, przez wszystkie przypadki odmienia\u0142 sformu\u0142owanie \u201eos\u0142ona dyplomatyczna\u201d, kt\u00f3rej to rzekomo zabrak\u0142o, poniewa\u017c od dawna nie by\u0142o w Pakistanie polskiego premiera lub ministra Spraw Zagranicznych, jak gdyby ewentualna wizyta p. Fotygi czy p. Sikorskiego mog\u0142a odbi\u0107 si\u0119 szerokim echem w g\u00f3rach na pograniczu Afganistanu i Pakistanu, zrobi\u0107 wra\u017cenie na porywaczach oraz ich wsp\u00f3lnikach w aparacie w\u0142adzy w Pakistanie. G\u0142upota wypowiedzi p. Napieralskiego oraz cynizm s\u0142\u00f3w p. Waszczykowskiego   by\u0142y uderzaj\u0105ce. Doda\u0142bym do tego naiwno\u015b\u0107 dziennikarki, kt\u00f3ra kilkakrotnie powraca\u0142a z pytaniem, czy nie mogli\u015bmy odbi\u0107 zak\u0142adnika. Dzi\u015b od rana dyskutanci w Radiu TOK FM ubolewali nad s\u0142abo\u015bci\u0105 pa\u0144stwa polskiego, jego ma\u0142\u0105 rol\u0105, skoro ani Stany Zjednoczone, ani Unia Europejska nie zaanga\u017cowa\u0142y si\u0119 w uwolnienie polskiego zak\u0142adnika.<\/p>\n<p>Wi\u0119kszo\u015b\u0107 tych wypowiedzi to nieporozumienie lub brak kompetencji. Gdyby w Islamabadzie by\u0142 polski minister, to krytycy powiedzieliby, \u017ce przebywa\u0142 tylko w stolicy i ba\u0142 si\u0119 pojecha\u0107 w g\u00f3ry, a w og\u00f3le to wykorzysta\u0142 tragedi\u0119 dla swojego PR i chodzi\u0142o o fotografi\u0119 dla medi\u00f3w. Gdyby Tusk podni\u00f3s\u0142 spraw\u0119 zak\u0142adnika w rozmowie z wiceprezydentem Bidenem w Monachium, to i tak by\u015bmy si\u0119 o tym nie dowiedzieli. Zbyt wiele jest niewiadomych, \u017ceby wyci\u0105ga\u0107 wnioski i miota\u0107 oskar\u017cenia. Polski geolog sta\u0142 si\u0119 zak\u0142adnikiem w cudzej wojnie, na najbardziej niebezpiecznym terytorium, gdzie nawet najwi\u0119ksze supermocarstwo nie mo\u017ce dopa\u015b\u0107 swojego wroga nr 1.<\/p>\n<p>Temat drugi: Zwr\u00f3ci\u0142 moj\u0105 uwag\u0119 artyku\u0142 dra Marka Migalskiego na temat: prezydent Sopotu, Jacek Karnowski a Platforma Obywatelska (\u201eRz.&#8221; 9.II). Jak przysta\u0142o na gazet\u0119 opozycyjna, \u201eRz.\u201d prowadzi codzienny ostrza\u0142 Karnowskiego i PO. Nic w tym dziwnego. Wczoraj Marek Migalski, ulubiony socjolog PiS, dzi\u015b w Radiu TOK FM red. Igor Janke chcia\u0142 wycisn\u0105\u0107 z Rafa\u0142a Dutkiewicza, prezydenta Wroc\u0142awia, czy wobec \u201epowa\u017cnych\u201d zarzut\u00f3w prokuratury Karnowski powinien ust\u0105pi\u0107. Dutkiewicz broni\u0142 si\u0119 mocno, powo\u0142uj\u0105c si\u0119 na domniemanie niewinno\u015bci, ale p. Janke nie dawa\u0142 za wygran\u0105, i wreszcie wydusi\u0142 od prezydenta D., \u017ce ten w podobnej sytuacji poszed\u0142by na urlop. Dutkiewicz nie omieszka\u0142 skrytykowa\u0107 post\u0119powania w\u0142adz w sprawie porwanego geologa (z ma\u0142o, za p\u00f3\u017ano etc.)<\/p>\n<p>Jednak najbardziej wy\u0142o\u017cy\u0142 karty Marek Migalski (to ten prze\u015bladowany socjolog, kt\u00f3remu \u2018uk\u0142ad\u2019 uniemo\u017cliwia habilitacj\u0119). Tytu\u0142 artyku\u0142u: \u201eKamie\u0144 u szyi Platformy\u201d. G\u0142\u00f3wne tezy: Karnowski mo\u017ce poci\u0105gn\u0105\u0107 Platform\u0119 na dno i by\u0107 Rywinem naszych czas\u00f3w. Wyborcy w Polsce nie kieruj\u0105 si\u0119 sytuacj\u0105 i polityk\u0105 gospodarcz\u0105, ale moralno\u015bci\u0105 i etyk\u0105 rz\u0105dz\u0105cych. W sprawie Karnowskiego premiera Tuska zawodzi s\u0142uch spo\u0142eczny. W\u015br\u00f3d tych, kt\u00f3rzy por\u0119czyli za prezydenta Sopotu, by\u0142o trzech wysokich dzia\u0142aczy PO, minister Czuma dopu\u015bci\u0142 jego niewinno\u015b\u0107, za Karnowskim stoj\u0105 murem dzia\u0142acze sopockiej Platformy, panuje \u201epowszechne mniemanie\u201d, \u017ce \u201epartia ta dziwnie mi\u0119kko post\u0119puje wobec prezydenta Sopotu\u201d. Migalski \u201esugeruje\u201d, \u017ce jest jaka\u015b \u201edziwna zale\u017cno\u015b\u0107\u201d niepozwalaj\u0105c\u0105 si\u0119 odci\u0105\u0107 od tego polityka. Tak jak Miller sko\u0144czy\u0142 na Rywinie, tak Tusk mo\u017ce sko\u0144czy\u0107 na Karnowskim \u2013 twierdzi socjolog.<\/p>\n<p>By\u0107 mo\u017ce w \u015brodowisku dra M.M. panuje powszechne mniemanie, \u017ce Platforma post\u0119puje mi\u0119kko wobec Karnowskiego, ale ja mam inne wra\u017cenie. Mianowicie, \u017ce kiedykolwiek Tusk pozbywa si\u0119 kogokolwiek z Platformy, m\u00f3wi si\u0119, \u017ce jest nielojalny i z zimn\u0105 krwi\u0105 usuwa ka\u017cdego, kto mo\u017ce by\u0107 dla\u0144 obci\u0105\u017ceniem. O ile wiem, Tusk z Karnowskim od dawna nie byli w za\u017cy\u0142o\u015bci. Karnowski przer\u00f3s\u0142 Sopot i mierzy\u0142 wy\u017cej, a Donald Tusk ogranicza\u0142 jego aspiracje do Sopotu. Karnowski i Tusk \u2013 ka\u017cdy ma sw\u00f3j problem, ale to, co robi socjolog M.M. to kolejny strza\u0142 w wojnie PiS z Platform\u0105. Ma on na celu nadawanie sprawie jak najwi\u0119kszego znaczenia, przekszta\u0142cenie jej w kryzys o wadze pa\u0144stwowej, kamie\u0144 u szyi Tuska. \u017beby by\u0142 to jego s\u0105dny dzie\u0144.<\/p>\n<p><strong>PS<\/strong>. Czy ogl\u0105dali Pa\u0144stwo prezesa Kaczy\u0144skiego w programie Tomasza Lisa? Publiczno\u015b\u0107 by\u0142a zdecydowanie po stronie go\u015bcia. Tym razem kto\u015b wyci\u0105gn\u0105\u0142 wnioski z debaty Tusk &#8211; Kaczy\u0144ski i zadba\u0142 o publiczno\u015b\u0107.<\/p>\n","protected":false},"excerpt":{"rendered":"<p>Jak tylko z Pakistanu nadesz\u0142a fatalna wiadomo\u015b\u0107, politycy i dziennikarze urz\u0105dzili s\u0105dny dzie\u0144. Wykazali ca\u0142\u0105 swoja ob\u0142ud\u0119: Z jednej strony zastrzegali si\u0119, \u017ceby bro\u0144 Bo\u017ce nie wykorzystywa\u0107 morderstwa do cel\u00f3w politycznych, \u017ce trudno ocenia\u0107, poniewa\u017c nie wiadomo jeszcze jakie wysi\u0142ki czyni\u0142y w\u0142adze polskie, a z drugiej \u2013 rozpocz\u0119\u0142a si\u0119 seria wypowiedzi oraz rzekomo bezinteresownych pyta\u0144. [&hellip;]<\/p>\n","protected":false},"author":4,"featured_media":0,"comment_status":"open","ping_status":"open","sticky":false,"template":"","format":"standard","meta":{"footnotes":""},"categories":[1],"tags":[],"_links":{"self":[{"href":"https:\/\/blog.polityka.pl\/passent\/wp-json\/wp\/v2\/posts\/538"}],"collection":[{"href":"https:\/\/blog.polityka.pl\/passent\/wp-json\/wp\/v2\/posts"}],"about":[{"href":"https:\/\/blog.polityka.pl\/passent\/wp-json\/wp\/v2\/types\/post"}],"author":[{"embeddable":true,"href":"https:\/\/blog.polityka.pl\/passent\/wp-json\/wp\/v2\/users\/4"}],"replies":[{"embeddable":true,"href":"https:\/\/blog.polityka.pl\/passent\/wp-json\/wp\/v2\/comments?post=538"}],"version-history":[{"count":0,"href":"https:\/\/blog.polityka.pl\/passent\/wp-json\/wp\/v2\/posts\/538\/revisions"}],"wp:attachment":[{"href":"https:\/\/blog.polityka.pl\/passent\/wp-json\/wp\/v2\/media?parent=538"}],"wp:term":[{"taxonomy":"category","embeddable":true,"href":"https:\/\/blog.polityka.pl\/passent\/wp-json\/wp\/v2\/categories?post=538"},{"taxonomy":"post_tag","embeddable":true,"href":"https:\/\/blog.polityka.pl\/passent\/wp-json\/wp\/v2\/tags?post=538"}],"curies":[{"name":"wp","href":"https:\/\/api.w.org\/{rel}","templated":true}]}}