
{"id":5384,"date":"2019-05-21T18:02:25","date_gmt":"2019-05-21T16:02:25","guid":{"rendered":"https:\/\/passent.blog.polityka.pl\/?p=5384"},"modified":"2019-05-21T18:22:35","modified_gmt":"2019-05-21T16:22:35","slug":"jedna-dzialka-wiele-pytan","status":"publish","type":"post","link":"https:\/\/blog.polityka.pl\/passent\/2019\/05\/21\/jedna-dzialka-wiele-pytan\/","title":{"rendered":"Jedna dzia\u0142ka \u2013 wiele pyta\u0144"},"content":{"rendered":"<p>Pozwol\u0119 sobie zada\u0107 kilka pyta\u0144 dotycz\u0105cych zakupienia dzia\u0142ki w Oporowie przez Pana Mateusza Morawieckiego, w\u00f3wczas radnego wojew\u00f3dzkiego i polityka AWS, a dzisiaj premiera RP.<br \/>\n<!--more--><br \/>\nPytanie pierwsze: czy dzia\u0142ka zosta\u0142a kupiona \u201epo znajomo\u015bci\u201d? Z wypowiedzi premiera wynika, \u017ce jego rodzina od dawna zna\u0142a kard. Gulbinowicza, \u017ce by\u0142a to znajomo\u015b\u0107 o charakterze religijno-towarzyskim, i \u017ce nie kto inny jak Gulbinowicz wskaza\u0142 dzia\u0142k\u0119, kt\u00f3ra sta\u0142a si\u0119 przedmiotem transakcji. Je\u017celi tak, to zgoda na zakup dzia\u0142ki i jej wyb\u00f3r pochodzi\u0142y od duchownego. Wszak nie jest normalne, \u017ce wysoki hierarcha Ko\u015bcio\u0142a zajmuje si\u0119 sprzeda\u017c\u0105 ziemi ornej. Ciekawe, czym kierowa\u0142 si\u0119 kardyna\u0142, podejmuj\u0105c decyzj\u0119 o sprzeda\u017cy? Sympati\u0105? Znajomo\u015bci\u0105? Ch\u0119ci\u0105 zyskania przychylno\u015bci m\u0142odego polityka AWS? Innymi wzgl\u0119dami? Form\u0105 nagrody? Je\u015bli tak, to za co?<\/p>\n<p>Pytanie drugie: w jaki spos\u00f3b zosta\u0142a ustalona cena ziemi, skoro sam premier m\u00f3wi, \u017ce znajdowa\u0142a si\u0119 ona na terenie przewidywanego (planowanego?) rozwoju okolic Wroc\u0142awia? Jakie to znajdowa\u0142o odbicie w cenie? Mateusz Morawiecki, jako radny, mia\u0142 \u0142atwy dost\u0119p do plan\u00f3w zagospodarowania przestrzennego i jako cz\u0142owiek my\u015bl\u0105cy, przysz\u0142y bankowiec, zapewne z tego dost\u0119pu skorzysta\u0142. Tak post\u0119puje chyba ka\u017cdy, kto inwestuje w ziemi\u0119. Kupuj\u0105c dzia\u0142k\u0119, PMM by\u0142 w sytuacji uprzywilejowanej w por\u00f3wnaniu z ewentualnymi innymi nabywcami: mia\u0142 poparcie kardyna\u0142a i \u0142atwe doj\u015bcie do PZP.<\/p>\n<p>Pytanie trzecie: dlaczego dzia\u0142ka nie zosta\u0142a sprzedana w drodze przetargu? Prawdopodobnie nie by\u0142o takiego obowi\u0105zku, a sprzeda\u017c \u201ez wolnej r\u0119ki\u201d pozwala\u0142a Ko\u015bcio\u0142owi wybra\u0107 nabywc\u0119 i ustali\u0107 cen\u0119. Gdyby dzia\u0142ka zosta\u0142a sprzedana na przetargu, cena nie budzi\u0142aby w\u0105tpliwo\u015bci.<\/p>\n<p>Pytanie czwarte: jaki cel mia\u0142o dwukrotne \u201eprzepisanie\u201d maj\u0105tku na \u017con\u0119? Co to jest za formu\u0142a prawna? Czy chodzi\u0142o o to, by nie przyznawa\u0107 si\u0119 do swojej zamo\u017cno\u015bci, uchodzi\u0107 za \u201ebiedniejszego\u201d, ni\u017c by\u0142o si\u0119 faktycznie, zdj\u0105\u0107 cz\u0119\u015b\u0107 swoich aktyw\u00f3w z wystawy i przenie\u015b\u0107 na zaplecze? I \u017ce media nie potrafi\u0105 doda\u0107 2+2?<\/p>\n<p>Pytanie pi\u0105te: je\u017celi wszystko by\u0142o zgodne z prawem i z etyk\u0105, to dlaczego Pani Morawiecka wyra\u017ca teraz gotowo\u015b\u0107 sprzedania w odpowiednim czasie cz\u0119\u015bci dzia\u0142ki w\u0142adzom Wroc\u0142awia, a uzyskane t\u0105 drog\u0105 pieni\u0105dze przeznaczy\u0107 na cel charytatywny?<\/p>\n<p>Wreszcie po sz\u00f3ste: dlaczego akurat dzisiaj prezes Kaczy\u0144ski wyst\u0105pi\u0142 z inicjatyw\u0105 ujawnienia dochod\u00f3w polityk\u00f3w oraz ich rodzin? Czy\u017cby zbli\u017ca\u0142y si\u0119 wybory?<\/p>\n<p><strong>Zaproszenie<\/strong><br \/>\nPi\u0142ka no\u017cna &#8211; opium dla ludu. W niedziel\u0119 26 maja (cisza wyborcza) zapraszamy na rozmow\u0119 o pi\u0142ce no\u017cnej. Go\u015b\u0107mi w Radiu TOK FM o godz. 10:05 b\u0119d\u0105 Marek Bie\u0144czyk (pisarz i eseista), Stefan Szczep\u0142ek (&#8222;Rzeczpospolita&#8221;) i Tomasz Zi\u00f3\u0142kowski (entuzjasta sportu).<\/p>\n","protected":false},"excerpt":{"rendered":"<p>Czy\u017cby zbli\u017ca\u0142y si\u0119 wybory?<\/p>\n","protected":false},"author":4,"featured_media":4544,"comment_status":"open","ping_status":"closed","sticky":false,"template":"","format":"standard","meta":{"footnotes":""},"categories":[1],"tags":[],"_links":{"self":[{"href":"https:\/\/blog.polityka.pl\/passent\/wp-json\/wp\/v2\/posts\/5384"}],"collection":[{"href":"https:\/\/blog.polityka.pl\/passent\/wp-json\/wp\/v2\/posts"}],"about":[{"href":"https:\/\/blog.polityka.pl\/passent\/wp-json\/wp\/v2\/types\/post"}],"author":[{"embeddable":true,"href":"https:\/\/blog.polityka.pl\/passent\/wp-json\/wp\/v2\/users\/4"}],"replies":[{"embeddable":true,"href":"https:\/\/blog.polityka.pl\/passent\/wp-json\/wp\/v2\/comments?post=5384"}],"version-history":[{"count":5,"href":"https:\/\/blog.polityka.pl\/passent\/wp-json\/wp\/v2\/posts\/5384\/revisions"}],"predecessor-version":[{"id":5389,"href":"https:\/\/blog.polityka.pl\/passent\/wp-json\/wp\/v2\/posts\/5384\/revisions\/5389"}],"wp:featuredmedia":[{"embeddable":true,"href":"https:\/\/blog.polityka.pl\/passent\/wp-json\/wp\/v2\/media\/4544"}],"wp:attachment":[{"href":"https:\/\/blog.polityka.pl\/passent\/wp-json\/wp\/v2\/media?parent=5384"}],"wp:term":[{"taxonomy":"category","embeddable":true,"href":"https:\/\/blog.polityka.pl\/passent\/wp-json\/wp\/v2\/categories?post=5384"},{"taxonomy":"post_tag","embeddable":true,"href":"https:\/\/blog.polityka.pl\/passent\/wp-json\/wp\/v2\/tags?post=5384"}],"curies":[{"name":"wp","href":"https:\/\/api.w.org\/{rel}","templated":true}]}}