
{"id":539,"date":"2009-02-12T23:51:13","date_gmt":"2009-02-12T22:51:13","guid":{"rendered":"http:\/\/passent.blog.polityka.pl\/?p=539"},"modified":"2009-02-12T23:51:13","modified_gmt":"2009-02-12T22:51:13","slug":"czuma-i-rokita-niepowazni-politycy","status":"publish","type":"post","link":"https:\/\/blog.polityka.pl\/passent\/2009\/02\/12\/czuma-i-rokita-niepowazni-politycy\/","title":{"rendered":"Czuma i Rokita &#8211; niepowa\u017cni politycy"},"content":{"rendered":"<p>Na czo\u0142\u00f3wkach gazet s\u0105 dzi\u015b panowie Czuma i Rokita \u2013 politycy nie ca\u0142kiem powa\u017cni. Andrzej Czuma ma pi\u0119kn\u0105 przesz\u0142o\u015b\u0107, to prawda, ale przesz\u0142o\u015b\u0107 by\u0142a dawno, i nie daje monopolu na racj\u0119 w ka\u017cdej sprawie. Nie podoba\u0142 mi si\u0119 ju\u017c fakt, \u017ce p. Czuma by\u0142 (jest?) zwolennikiem \u0142atwego dost\u0119pu do broni palnej. Po tym wszystkim, co zobaczy\u0142 w Stanach Zjednoczonych, po tych szale\u0144cach, kt\u00f3rzy mordowali w szko\u0142ach i w koled\u017cach \u2013 jak mo\u017cna by\u0107 zwolennikiem \u0142atwego dost\u0119pu do broni? Jeszcze w Stanach to ma jakie\u015b \u017ar\u00f3d\u0142a historyczne, Dziki Zach\u00f3d, samotne domki i osady, a tak\u017ce prawo do broni jako prawo obywatelskie. Ale w Polsce?<\/p>\n<p>Tu dygresja: Je\u017celi Donald Tusk zdymisjonowa\u0142 prof. \u0106wi\u0105kalskiego za jego wypowiedzi w sprawie Krzysztofa Olewnika \u2013 to pope\u0142ni\u0142 b\u0142\u0105d. Je\u017celi zdymisjonowa\u0142 ministra za wizyt\u0119 u Stok\u0142osy \u2013 to inna sprawa. Koniec dygresji. W ka\u017cdym razie Andrzej Czuma zosta\u0142 ministrem Sprawiedliwo\u015bci. Jego pierwsze spotkanie rodzin\u0105 PP. Olewnik\u00f3w trwa\u0142o d\u0142u\u017cej ni\u017c z jego poprzednikiem na stanowisku ministra (na co zwr\u00f3ci\u0142a uwag\u0119 Janina Paradowska). Na stanowisko ministra przyszed\u0142 cz\u0142owiek bez do\u015bwiadczenia, bez programu. Donald Tusk wyrz\u0105dzi\u0142 krzywd\u0119 pos\u0142owi Czumie mianuj\u0105c go ministrem. W ci\u0105gu kilku dni Czuma pope\u0142nia\u0142 gaf\u0119 za gaf\u0105. Powiedzia\u0142, \u017ce w Polsce jest 6 tys. prokurator\u00f3w, ale jedna czwarta z nich zajmuje si\u0119 walk\u0105 z przest\u0119pczo\u015bci\u0105. Zdradzi\u0142, \u017ce polski wywiad zna\u0142 nazwiska i krewnych bandyt\u00f3w z Pakistanu, i ze ciesz\u0105 si\u0119 oni poparciem w rz\u0105dzie. Wreszcie Czuma wprowadzi\u0142 do ministerstwa jako spo\u0142ecznego doradc\u0119 \u2013 swojego syna! To ju\u017c jest na prawd\u0119 curiosum. Je\u017celi syn jest zdolny i m\u0105dry, to przecie\u017c znajdzie sobie bez problemu zaj\u0119cie, a innych doradc\u00f3w nie brak.<\/p>\n<p>No i wreszcie ta bomba, kt\u00f3r\u0105 ujawni\u0142a \u201ePolityka\u201d \u2013 Czuma jako <a href=\"http:\/\/www.polityka.pl\/minster-na-debecie-2\/Lead33,933,282513,18\/\" target=\"_blank\"><strong>k\u0142opotliwy d\u0142u\u017cnik<\/strong><\/a>, kt\u00f3ry latami oci\u0105ga\u0142 si\u0119 ze sp\u0142acaniem wierzytelno\u015bci, do tego stopnia, \u017ce mia\u0142 sprawy w s\u0105dach. Nie dajcie sobie wm\u00f3wi\u0107, \u017ce to jest normalne i cz\u0119ste, bo w Ameryce ludzie \u017cyj\u0105 na kredyt. Sp\u0119dzi\u0142em w USA w sumie 7 lat, by\u0142em redaktorem na czele zespo\u0142u, byli w nim ludzie, kt\u00f3rzy sp\u0142acali kredyty (np. za studia), mieli k\u0142opoty finansowe, ale nie w s\u0105dach! W sumie \u2013 nominacja Andrzeja Czumy okaza\u0142a si\u0119 jego kompromitacj\u0105 i wpadk\u0105 premiera Tuska. Premier si\u0119 przeliczy\u0142, \u017ce etos zast\u0105pi Czumie umiar i rozs\u0105dek. Niestety, sta\u0142o si\u0119 inaczej. Zmiana na stanowisku ministra Sprawiedliwo\u015bci to najpowa\u017cniejszy dotychczas b\u0142\u0105d premiera Tuska. B\u0142\u0105d, z kt\u00f3rego trudno si\u0119 wycofa\u0107. Bracia Kaczy\u0144scy zobaczyli \u015bwiat\u0142o w tunelu.<\/p>\n<p>Jest jedno, co \u0142\u0105czy obu bohater\u00f3w dnia &#8211; Czum\u0119 i Rokit\u0119: brak powagi. Powa\u017cny minister nie ukrywa przed premierem swoich zasz\u0142o\u015bci finansowych, nie m\u00f3wi g\u0142upstw ani nie wprowadza syna na doradc\u0119. Powa\u017cny premier nie daje si\u0119 nabra\u0107. Powa\u017cny polityk, za jakiego pragn\u0105\u0142 uchodzi\u0107 Jan Maria Rokita, nie <a href=\"http:\/\/www.polityka.pl\/powrot-rokity\/Lead121,1335,282480,18\/\" target=\"_blank\"><strong>szarpie si\u0119<\/strong><\/a> ze stewardes\u0105. Owszem, stewardesy bywaj\u0105 nieprzyjemne (wiem to z w\u0142asnych obserwacji), Niemcy potrafi\u0105 by\u0107 s\u0142u\u017cbistami, ale do tanga trzeba dwojga. Powa\u017cny cz\u0142owiek pomy\u015bli, \u017ce stewardesa jest nieuprzejma, ale ile\u017c to razy w \u017cyciu zetkn\u0119li\u015bmy si\u0119 z nieuprzejm\u0105 obs\u0142ug\u0105 \u2013 zw\u0142aszcza my, wychowani w PRL? To jest troch\u0119 tak, jak z prowadzeniem samochodu. Kiedy kto\u015b zaje\u017cd\u017ca nam drog\u0119, to albo mu ust\u0105pimy, zaklniemy pod nosem i jedziemy dalej, albo tr\u0105bimy, wymy\u015blamy i wygra\u017camy, czyni\u0105c nieprzystojne gesty. Nie wierz\u0119, \u017ce na grzecznego i potulnego Rokit\u0119 rzuci\u0142a si\u0119 niemiecka policja. Najlepiej by by\u0142o, gdyby w samolocie by\u0142a kamera i wszystko zosta\u0142o nagrane.<\/p>\n<p>Dalszy ci\u0105g by\u0142 r\u00f3wnie \u017cenuj\u0105cy, Rokita stawia\u0142 op\u00f3r, a policja si\u0119 nie patyczkowa\u0142a, gdy\u017c nie zajrza\u0142a do Wikipedii i nie wiedzia\u0142a, z kim ma do czynienia \u2013 z publicyst\u0105 i z pos\u0142ank\u0105! Rokita si\u0119 opiera\u0142, poniewa\u017c nie wyobra\u017ca\u0142 sobie, \u017ce mo\u017ce zosta\u0107 potraktowany niesprawiedliwie, jak byle kto. Polscy politycy pospieszyli z odsiecz\u0105: \u201eNie mo\u017ce by\u0107 poniewierany Polak! Policja l\u017cy\u0142a Polaka, to jest nas \u2013 Polak\u00f3w\u201d \u2013 m\u00f3wili. \u201eJestem w ostrym konflikcie z pa\u0144stwem niemieckim\u201d \u2013 stwierdzi\u0142 Rokita. A Kamil Durczok z ca\u0142a powag\u0105 pyta\u0142, czy Rokita oczekuje reakcji polskich w\u0142adz. Z odsiecz\u0105 pospieszy\u0142 nawet pose\u0142 Palikot, kt\u00f3ry mia\u0142 podobny incydent i wzywa\u0142 do bojkotu Lufthansy. Ale nie zapominajmy, kim jest pose\u0142 Palikot. Ten jest w silnym konflikcie nawet z prezydentem, kt\u00f3rego nazwa\u0142 \u201echamem\u201d i z jego bratem, kt\u00f3remu zagl\u0105da\u0142 do \u0142\u00f3\u017cka. I zn\u00f3w \u2013 mo\u017cna to i owo my\u015ble\u0107, ale niekoniecznie ubli\u017ca\u0107.<\/p>\n<p>Moim zdaniem, gdyby obaj politycy odk\u0142adali p\u0142aszcze tam, gdzie wszyscy pasa\u017cerowie, i mieli ego nie wi\u0119ksze ni\u017c inni, to do wybuchu kolejnej wojny polsko \u2013 niemieckiej by nie dosz\u0142o.<\/p>\n","protected":false},"excerpt":{"rendered":"<p>Na czo\u0142\u00f3wkach gazet s\u0105 dzi\u015b panowie Czuma i Rokita \u2013 politycy nie ca\u0142kiem powa\u017cni. Andrzej Czuma ma pi\u0119kn\u0105 przesz\u0142o\u015b\u0107, to prawda, ale przesz\u0142o\u015b\u0107 by\u0142a dawno, i nie daje monopolu na racj\u0119 w ka\u017cdej sprawie. Nie podoba\u0142 mi si\u0119 ju\u017c fakt, \u017ce p. Czuma by\u0142 (jest?) zwolennikiem \u0142atwego dost\u0119pu do broni palnej. Po tym wszystkim, co [&hellip;]<\/p>\n","protected":false},"author":4,"featured_media":0,"comment_status":"open","ping_status":"open","sticky":false,"template":"","format":"standard","meta":{"footnotes":""},"categories":[1],"tags":[],"_links":{"self":[{"href":"https:\/\/blog.polityka.pl\/passent\/wp-json\/wp\/v2\/posts\/539"}],"collection":[{"href":"https:\/\/blog.polityka.pl\/passent\/wp-json\/wp\/v2\/posts"}],"about":[{"href":"https:\/\/blog.polityka.pl\/passent\/wp-json\/wp\/v2\/types\/post"}],"author":[{"embeddable":true,"href":"https:\/\/blog.polityka.pl\/passent\/wp-json\/wp\/v2\/users\/4"}],"replies":[{"embeddable":true,"href":"https:\/\/blog.polityka.pl\/passent\/wp-json\/wp\/v2\/comments?post=539"}],"version-history":[{"count":0,"href":"https:\/\/blog.polityka.pl\/passent\/wp-json\/wp\/v2\/posts\/539\/revisions"}],"wp:attachment":[{"href":"https:\/\/blog.polityka.pl\/passent\/wp-json\/wp\/v2\/media?parent=539"}],"wp:term":[{"taxonomy":"category","embeddable":true,"href":"https:\/\/blog.polityka.pl\/passent\/wp-json\/wp\/v2\/categories?post=539"},{"taxonomy":"post_tag","embeddable":true,"href":"https:\/\/blog.polityka.pl\/passent\/wp-json\/wp\/v2\/tags?post=539"}],"curies":[{"name":"wp","href":"https:\/\/api.w.org\/{rel}","templated":true}]}}