
{"id":5397,"date":"2019-05-27T11:08:49","date_gmt":"2019-05-27T09:08:49","guid":{"rendered":"https:\/\/passent.blog.polityka.pl\/?p=5397"},"modified":"2019-05-27T11:29:22","modified_gmt":"2019-05-27T09:29:22","slug":"cudu-nie-bylo","status":"publish","type":"post","link":"https:\/\/blog.polityka.pl\/passent\/2019\/05\/27\/cudu-nie-bylo\/","title":{"rendered":"Cudu nie by\u0142o"},"content":{"rendered":"<p>Spe\u0142ni\u0142y si\u0119, a\u017c z naddatkiem, najgorsze przewidywania zwolennik\u00f3w opozycji. Z jednej strony partia w\u0142adzy, kt\u00f3ra dysponuje wszelkimi profitami, z telewizj\u0105 publiczn\u0105 i Polskim Radiem bez ogranicze\u0144 i zahamowa\u0144. Partia najlepiej zorganizowana, silnie umocowana w terenie. Polska partia zjednoczona z jednym, niekwestionowanym liderem na czele. Partia szerokiego gestu, kt\u00f3ra rozdaje miliardy, \u017ceby utrzyma\u0107 si\u0119 u w\u0142adzy, nawet na koszt bud\u017cetu, czyli spo\u0142ecze\u0144stwa.<br \/>\n<!--more--><br \/>\nPolityka wed\u0142ug zasady \u201epo nas cho\u0107by potop\u201d. Partia dobrze zakorzeniona, kt\u00f3ra umiej\u0119tnie wyczu\u0142a zaniedbania socjalne, narastaj\u0105ce nier\u00f3wno\u015bci, gorycz Wschodniej \u015aciany, kt\u00f3rej nie bawi\u0105 programy Erasmusa, nie pasjonuj\u0105 prawa mniejszo\u015bci seksualnych i etnicznych, a ju\u017c w \u017cadnym wypadku \u201er\u0119ka podniesiona na Ko\u015bci\u00f3\u0142\u201d, Polska strachu przed Niemcami, przed unijn\u0105 okupacj\u0105, przed nowinkami obyczajowymi. Polska dumna ze swojej historii, z kt\u00f3rej wykre\u015bla lub przeinacza epizody wstydliwe.<\/p>\n<p>Polska dobrego samopoczucia, kt\u00f3rej nikt nie podskoczy. Ojczyzna \u2013 matka, surowa i sprawiedliwa, bezwzgl\u0119dna w tropieniu i karaniu przest\u0119pc\u00f3w i deprawator\u00f3w dzieci. Polska Jasnej G\u00f3ry i Torunia. Polska, w kt\u00f3rej k\u0142amcy i kr\u0119tacze robi\u0105 srebrne interesy i handluj\u0105 z Ko\u015bcio\u0142em. Polska scentralizowana, w kt\u00f3rej s\u0142u\u017cby specjalne, policja, prokuratura, s\u0105dy a\u017c po najwy\u017cszy trybuna\u0142 pozostaj\u0105 w jednych r\u0119kach.<\/p>\n<p>Z drugiej strony Polska brukselska. Lu\u017ana koalicja bez wyrazu, bez programu (poza anty-PiS), Polska demokratyczna i liberalna, wierna ideom Monteskiusza, o kt\u00f3rym nikt nie s\u0142ysza\u0142 i ma\u0142o kogo obchodzi. Koalicja, kt\u00f3ra nie porwa\u0142a wi\u0119kszo\u015bci wyborc\u00f3w, bo nie mia\u0142a armat. Nie ma sprawdzonego przyw\u00f3dcy \u00e0 la Kaczy\u0144ski ani m\u0142odego trybuna, koalicja, kt\u00f3ra pozwala\u0142a pisowcom narzuca\u0107 agend\u0119, a\u017c po walk\u0119 z \u017cydowskimi \u017c\u0105daniami i wzbudzanie nadziei na bilionowe odszkodowania od Niemiec.<\/p>\n<p>Koalicja bez wiernego elektoratu, kt\u00f3ry by \u015blepo uwierzy\u0142 w jej program (gdyby taki by\u0142). Koalicja otwarta, o\u015bwiecona, otwarta, a zarazem opieku\u0144cza, kt\u00f3ra dobrze si\u0119 czuje nie tylko na salonach, ale i w Polsce \u201eludowej\u201d, tradycyjnej, ubo\u017cszej \u2013 takiej koalicji brak. Co gorsza, nawet ta obecna koalicja mo\u017ce si\u0119 rozpa\u015b\u0107, poniewa\u017c przegrana dzieli, a zwyci\u0119stwo \u0142\u0105czy. Koalicja znalaz\u0142a si\u0119 w kleszczach. Albo pozostanie zjednoczona, albo niezdolna do opracowania wsp\u00f3lnego programu si\u0119 rozsypie.<\/p>\n<p>Wybory \u201eeuropejskie\u201d w du\u017cym stopniu przes\u0105dzaj\u0105 o wyborach parlamentarnych i prezydenckich. Wygra\u0142o Prawo i Sprawiedliwo\u015b\u0107, przed kt\u00f3rym prezes Kaczy\u0144ski stawia cel: zdobycie zwyk\u0142ej wi\u0119kszo\u015bci w Sejmie, cel realny, bo to zaledwie kilka procent g\u0142os\u00f3w wi\u0119cej ni\u017c obecnie. Wybory umocni\u0142y tak\u017ce pozycj\u0119 prezydenta Dudy. I postawi\u0142y znak zapytania nad najbli\u017csz\u0105 przysz\u0142o\u015bci\u0105 Donalda Tuska. Jak powiedzia\u0142 pewien m\u00f3j kolega: je\u017celi najwi\u0119cej g\u0142os\u00f3w w wyborach europejskich zdoby\u0142a \u201enasza Beata\u201d, to trudno b\u0119dzie Tuskowi wygra\u0107 z Dud\u0105.<\/p>\n<p>Najgorsze, co mog\u0142aby zrobi\u0107 opozycja, to ulec rezygnacji. Wr\u0119cz przeciwnie \u2013 powinna g\u0142o\u015bno i otwarcie rozliczy\u0107 si\u0119 z pora\u017cki, wyci\u0105gn\u0105\u0107 wnioski, policzy\u0107 si\u0119 od nowa i nie czeka\u0107 na cud.<\/p>\n","protected":false},"excerpt":{"rendered":"<p>Spe\u0142ni\u0142y si\u0119, a\u017c z naddatkiem, najgorsze przewidywania zwolennik\u00f3w opozycji.<\/p>\n","protected":false},"author":4,"featured_media":5404,"comment_status":"open","ping_status":"closed","sticky":false,"template":"","format":"standard","meta":{"footnotes":""},"categories":[1],"tags":[],"_links":{"self":[{"href":"https:\/\/blog.polityka.pl\/passent\/wp-json\/wp\/v2\/posts\/5397"}],"collection":[{"href":"https:\/\/blog.polityka.pl\/passent\/wp-json\/wp\/v2\/posts"}],"about":[{"href":"https:\/\/blog.polityka.pl\/passent\/wp-json\/wp\/v2\/types\/post"}],"author":[{"embeddable":true,"href":"https:\/\/blog.polityka.pl\/passent\/wp-json\/wp\/v2\/users\/4"}],"replies":[{"embeddable":true,"href":"https:\/\/blog.polityka.pl\/passent\/wp-json\/wp\/v2\/comments?post=5397"}],"version-history":[{"count":5,"href":"https:\/\/blog.polityka.pl\/passent\/wp-json\/wp\/v2\/posts\/5397\/revisions"}],"predecessor-version":[{"id":5403,"href":"https:\/\/blog.polityka.pl\/passent\/wp-json\/wp\/v2\/posts\/5397\/revisions\/5403"}],"wp:featuredmedia":[{"embeddable":true,"href":"https:\/\/blog.polityka.pl\/passent\/wp-json\/wp\/v2\/media\/5404"}],"wp:attachment":[{"href":"https:\/\/blog.polityka.pl\/passent\/wp-json\/wp\/v2\/media?parent=5397"}],"wp:term":[{"taxonomy":"category","embeddable":true,"href":"https:\/\/blog.polityka.pl\/passent\/wp-json\/wp\/v2\/categories?post=5397"},{"taxonomy":"post_tag","embeddable":true,"href":"https:\/\/blog.polityka.pl\/passent\/wp-json\/wp\/v2\/tags?post=5397"}],"curies":[{"name":"wp","href":"https:\/\/api.w.org\/{rel}","templated":true}]}}