
{"id":5405,"date":"2019-05-29T19:21:33","date_gmt":"2019-05-29T17:21:33","guid":{"rendered":"https:\/\/passent.blog.polityka.pl\/?p=5405"},"modified":"2019-05-29T20:33:16","modified_gmt":"2019-05-29T18:33:16","slug":"po-pierwsze-nie-mamy-armat","status":"publish","type":"post","link":"https:\/\/blog.polityka.pl\/passent\/2019\/05\/29\/po-pierwsze-nie-mamy-armat\/","title":{"rendered":"Po pierwsze \u2013 nie mamy armat"},"content":{"rendered":"<p>Najwa\u017cniejsz\u0105 przyczyn\u0105 pora\u017cki wyborczej opozycji by\u0142 (i jest!) brak programu. Jest to tak\u017ce gro\u017ana przestroga przed wyborami do parlamentu.<br \/>\n<!--more--><br \/>\nBrak jasnego, wyrazistego, przekonuj\u0105cego programu, wbijanego wyborcy do g\u0142owy w mediach, spotkaniach, podr\u00f3\u017cach po kraju. Jako jedn\u0105 z g\u0142\u00f3wnych przyczyn kl\u0119ski wyborczej opozycji wymienia si\u0119 te\u017c nieudoln\u0105 kampani\u0119, a miejscami nawet jej brak, oci\u0119\u017ca\u0142o\u015b\u0107, lenistwo, troch\u0119 podobnie jak w kampanii Komorowskiego. Patrz\u0105c wstecz, Platforma nie da\u0142a si\u0119 pozna\u0107 jako partia walki, raczej jako partia trwania.<\/p>\n<p>Dr hab. Andrzej Zybertowicz, doradca spo\u0142eczny prezydenta (obaj nie s\u0105 z mojej bajki), zada\u0142 ostatnio ciekawe pytanie (streszczam w\u0142asnymi s\u0142owami): jak to si\u0119 dzieje, \u017ce opozycja, kt\u00f3ra ma za sob\u0105 zdecydowan\u0105 wi\u0119kszo\u015b\u0107 inteligencji, przynajmniej tej akademickiej, nie potrafi\u0142a stworzy\u0107 programu, podczas gdy w\u0142adza program ma, posiada jasny przekaz, chocia\u017c wi\u0119kszo\u015b\u0107 intelektualist\u00f3w za ni\u0105 nie stoi?<\/p>\n<p>Pierwsza, nieco z\u0142o\u015bliwa odpowied\u017a brzmi: poniewa\u017c zaroi\u0142o si\u0119 od \u201eprofesor\u00f3w\u201d, pseudoprofesor\u00f3w, ich pog\u0142owie ro\u015bnie jak na dro\u017cd\u017cach (nie m\u00f3wi\u0119 o profesorach \u201ebelwederskich\u201d, kt\u00f3rych te\u017c si\u0119 przystrzy\u017ce w miar\u0119 zmian procedury i sk\u0142adu komisji). Dlatego poparcie wielu z nich niekoniecznie jest takie korzystne, nie zamienia si\u0119 w ciekawe idee.<\/p>\n<p>Po drugie, liberalna profesura nie jest g\u0142odna, jest raczej urz\u0105dzona. \u017byje skromnie, zw\u0142aszcza w por\u00f3wnaniu ze swoimi odpowiednikami na Zachodzie, ale do tego dochodzi presti\u017c, czasami wyjazd na wymian\u0119, konferencj\u0119, stypendium, sta\u017c, wsp\u00f3lne przedsi\u0119wzi\u0119cia mi\u0119dzynarodowe.<\/p>\n<p>Szerzej poj\u0119ta inteligencja, zwana tw\u00f3rcz\u0105, podnosi kwestie pierwszorz\u0119dne, np. dyskryminacj\u0119 kobiet i w og\u00f3le stosunek do mniejszo\u015bci etnicznych i seksualnych, walczy w obronie prawdy historycznej, fa\u0142szowanej przez dostawc\u00f3w oleodruk\u00f3w na zam\u00f3wienie w\u0142adz, broni muze\u00f3w, tworzy filmy, kt\u00f3re podbijaj\u0105 \u015bwiat (ale niekoniecznie s\u0105 dobrze widziane przez w\u0142adz\u0119), pisze pi\u0119kne ksi\u0105\u017cki. To nie wystarczy, bo nie ma zwi\u0105zku z codziennym do\u015bwiadczeniem wyborc\u00f3w.<\/p>\n<p>\u0141atwiej trafi\u0107 do wyborc\u00f3w pisowsk\u0105 wersj\u0105 historii \u2013 megaloma\u0144sk\u0105, ksenofobiczn\u0105, ale zaspokajaj\u0105c\u0105 potrzeb\u0119 dumy i \u201elepszo\u015bci\u201d. Podobnie walka z \u201eelitami\u201d, z Jand\u0105, Holland, Olbrychskim \u2013 wszystkimi, kt\u00f3rym si\u0119 nie podoba. K\u0142amstwo jest narz\u0119dziem PiS, podobnie jak strach \u2013 strach przed Uni\u0105, przed euro, przed Niemcami, przed Rosj\u0105, przed \u201epeda\u0142ami\u201d, przed ameryka\u0144skimi \u017bydami, przed norweskimi s\u0105dami, kt\u00f3re zabieraj\u0105 polskie dzieci.<\/p>\n<p>To wszystko jest nam obce i nie nadaje si\u0119 do programu partii centrowej, wszystko jedno: centrolewicowej czy centroprawicowej, tak\u017ce Koalicji Europejskiej. Ale co w zamian? Nie wystarczy wy\u015bmiewa\u0107 bredni medi\u00f3w rz\u0105dowych, trzeba przedstawi\u0107 w\u0142asn\u0105 (nomen omen) platform\u0119. Nie wystarcz\u0105 og\u00f3lniki w sprawie s\u0142u\u017cby zdrowia. T\u0142uste koty  musz\u0105 si\u0119 ruszy\u0107, to prawda, i to od jutra. Chyba jest ju\u017c za p\u00f3\u017ano, ale je\u015bli chcemy sprawi\u0107 cud, to dajmy Panu Bogu szans\u0119. Z czym ma ruszy\u0107 Koalicja do wyborc\u00f3w, je\u015bli nie ma armat?<br \/>\nZAPROSZENIE<br \/>\n4 czerwca tu\u017c, tu\u017c&#8230;<br \/>\nProf. Jan Sk\u00f3rzy\u0144ski, historyk Solidarno\u015bci, S\u0142awomir Sierakowski, tw\u00f3rca Krytyki Politycznej i dr Karolina Wigura, Kultura Liberalna i UW b\u0119d\u0105 naszymi go\u015b\u0107mi w Radiu TOK FM, niedziela, 2 czerwca, godz. 10.05.<\/p>\n","protected":false},"excerpt":{"rendered":"<p>Z czym ma ruszy\u0107 Koalicja do wyborc\u00f3w, je\u015bli nie ma armat?<\/p>\n","protected":false},"author":4,"featured_media":5006,"comment_status":"open","ping_status":"closed","sticky":false,"template":"","format":"standard","meta":{"footnotes":""},"categories":[1],"tags":[],"_links":{"self":[{"href":"https:\/\/blog.polityka.pl\/passent\/wp-json\/wp\/v2\/posts\/5405"}],"collection":[{"href":"https:\/\/blog.polityka.pl\/passent\/wp-json\/wp\/v2\/posts"}],"about":[{"href":"https:\/\/blog.polityka.pl\/passent\/wp-json\/wp\/v2\/types\/post"}],"author":[{"embeddable":true,"href":"https:\/\/blog.polityka.pl\/passent\/wp-json\/wp\/v2\/users\/4"}],"replies":[{"embeddable":true,"href":"https:\/\/blog.polityka.pl\/passent\/wp-json\/wp\/v2\/comments?post=5405"}],"version-history":[{"count":5,"href":"https:\/\/blog.polityka.pl\/passent\/wp-json\/wp\/v2\/posts\/5405\/revisions"}],"predecessor-version":[{"id":5410,"href":"https:\/\/blog.polityka.pl\/passent\/wp-json\/wp\/v2\/posts\/5405\/revisions\/5410"}],"wp:featuredmedia":[{"embeddable":true,"href":"https:\/\/blog.polityka.pl\/passent\/wp-json\/wp\/v2\/media\/5006"}],"wp:attachment":[{"href":"https:\/\/blog.polityka.pl\/passent\/wp-json\/wp\/v2\/media?parent=5405"}],"wp:term":[{"taxonomy":"category","embeddable":true,"href":"https:\/\/blog.polityka.pl\/passent\/wp-json\/wp\/v2\/categories?post=5405"},{"taxonomy":"post_tag","embeddable":true,"href":"https:\/\/blog.polityka.pl\/passent\/wp-json\/wp\/v2\/tags?post=5405"}],"curies":[{"name":"wp","href":"https:\/\/api.w.org\/{rel}","templated":true}]}}