
{"id":541,"date":"2009-02-18T23:28:57","date_gmt":"2009-02-18T22:28:57","guid":{"rendered":"http:\/\/passent.blog.polityka.pl\/?p=541"},"modified":"2009-02-19T12:51:32","modified_gmt":"2009-02-19T11:51:32","slug":"precz-z-paktem-milosci","status":"publish","type":"post","link":"https:\/\/blog.polityka.pl\/passent\/2009\/02\/18\/precz-z-paktem-milosci\/","title":{"rendered":"Precz z paktem mi\u0142o\u015bci"},"content":{"rendered":"<p>\u201ePrecz z paktem Tusk \u2013 Kaczy\u0144ski!\u201d, \u201ePrecz z POPiSem!\u201d \u2013 tyle chcia\u0142oby si\u0119 powiedzie\u0107 w odpowiedzi na pomys\u0142 prezydenta, kt\u00f3ry uwa\u017ca, \u017ce Polsce potrzebny jest pakt. Ta idea to dalszy ci\u0105g oferty PiS-u : pok\u00f3j \u2013 nie wojna, dialog, rywalizacja, dobre rady jak wyj\u015b\u0107 z kryzysu, polityka mi\u0142o\u015bci. Kto chce \u2013 niech wierzy.  Dobrze by by\u0142o, gdyby ga\u0142\u0105zka oliwna w r\u0119ku braci Kaczy\u0144skich by\u0142a autentyczna, ale trudno jest uwierzy\u0107, \u017ce najlepszy \u2013 zdaniem prezydenta \u2013 premier IV RP, z najlepszym \u2013 zdaniem prezydenta \u2013 rz\u0105dem od 1989 roku, b\u0119dzie paktowa\u0142 z najgorszym Tuskiem i jego najgorszym gabinetem, co do kt\u00f3rego bracia Kaczy\u0144scy nie ukrywali swojej wrogo\u015bci.  Oczywi\u015bcie, teraz, w obliczu kryzysu, trzeba przej\u015b\u0107 ponad podzia\u0142ami, ale\u2026<\/p>\n<p>Nawet, gdyby sta\u0142 si\u0119 cud i gruczo\u0142y PiS zamiast jadu zacz\u0119\u0142y wydziela\u0107 eliksir mi\u0142o\u015bci, to i tak by\u0142bym przeciw paktowi. Polsce potrzebna jest silna opozycja, z takim przyw\u00f3dc\u0105 jak Jaros\u0142aw Kaczy\u0144ski, politykiem zdolnym, nieprzeci\u0119tnym, ale stworzonym do opozycji, a  nie do rz\u0105dzenia. Rz\u0105dowi za\u015b potrzebna jest g\u0142o\u015bna krytyka, a tak\u0105 mo\u017ce zapewni\u0107 tylko partia opozycyjna. Nawet na media nie mo\u017cna liczy\u0107. W poniedzia\u0142ek ukaza\u0142a si\u0119 propozycja prezydenta, a ju\u017c  nazajutrz \u201eRz.\u201d mia\u0142a wyniki sonda\u017cu: ponad 1\/3 (36 proc.) Polak\u00f3w uwa\u017ca, \u017ce najlepsz\u0105 form\u0105 wsp\u00f3\u0142pracy by\u0142by wsp\u00f3lny rz\u0105d PO i PiS. My\u015bl\u0119, \u017ce b\u0119d\u0119 wyrazicielem pozosta\u0142ych 2\/3 proc. Polak\u00f3w, je\u015bli powiem NIE \u2013 precz z paktem!  Je\u017celi obie partie chc\u0105 wsp\u00f3\u0142pracowa\u0107, to od tego jest parlament, jego liczne komisje, w tym specjalne, \u017ceby mog\u0142y si\u0119 dogadywa\u0107. Je\u017celi PiS chce wr\u00f3ci\u0107 do w\u0142adzy (a chce), to od tego s\u0105 wybory. W ostatnich wyborach Polacy zdecydowali, \u017ce PiS ma by\u0107 w opozycji, a lewica na marginesie. \u017beby to zmieni\u0107 \u2013 trzeba wybory wygra\u0107, a nie wraca\u0107 do w\u0142adzy poprzez jaki\u015b pakt. Wszystkie dobre pomys\u0142y mo\u017cna wysuwa\u0107 na Wiejskiej i w mediach, w telewizji pe\u0142no jest prezesa Kaczy\u0144skiego, kt\u00f3ry zreszt\u0105 ostatnio dobrze wypad\u0142 i u Lisa, i u Olejnik, s\u0105 panowie Brudzi\u0144ski, Kamie\u0144ski, Macierewicz, pani Natalli-\u015awiat, Girzy\u0144ski, Cyma\u0144ski s\u0105 w ka\u017cdej chwili do obejrzenia i wys\u0142uchania.<\/p>\n<p>Gdyby pakt PO \u2013 PiS sta\u0142 si\u0119 faktem, to opozycja by\u0142aby jedynie lewicowa i zanikaj\u0105ca, PiS przebra\u0142by si\u0119  z partii destrukcyjnej w konstruktywn\u0105. Z partii niszczycielskiej, kt\u00f3rej my\u015bl\u0105 przewodni\u0105 jest \u201ewymiana elit\u201d, sta\u0142by si\u0119 parti\u0105 umiej\u0105c\u0105 rzekomo wsp\u00f3\u0142pracowa\u0107 cho\u0107by z \u0142\u017ce-elit\u0105, nawet z diab\u0142em, a wszystko dla dobra kraju. Partia prezesa Kaczy\u0144skiego potrafi zagry\u017a\u0107 z\u0119by i powr\u00f3ci\u0107 nawet do TVN, stacji o \u201eagenturalnych korzeniach\u201d, byle na tym skorzysta\u0107. Tymczasem dobro Polski wymaga, \u017ceby PiS by\u0142 w opozycji, a odpowiedzialno\u015b\u0107 Platformy za wyprowadzenie kraju z kryzysu by\u0142a niepodzielna.  Jakie mia\u0142yby by\u0107 pozytywne skutki takiego paktu dla Polski \u2013 nie wiadomo. Natomiast korzy\u015bci dla PiS by\u0142yby oczywiste \u2013 zosta\u0142by wpuszczony na salon, kt\u00f3ry jeszcze wczoraj usi\u0142owa\u0142 spustoszy\u0107. Gdyby mia\u0142o doj\u015b\u0107 do \u201epaktu T-K\u201d, to z czasem PiS m\u00f3g\u0142by powiedzie\u0107 to, co o okr\u0105g\u0142ym stole: pakt trzeba by\u0142o zawrze\u0107, ale nie trzeba by\u0142o go dotrzymywa\u0107.<\/p>\n<p>Wszystkie najwa\u017cniejsze pomys\u0142y PiS \u2013 wi\u0119kszy deficyt bud\u017cetowy, odsuni\u0119cie euro, wojna z Berlinem i z Moskw\u0105 \u2013 wszystko to Tusk i jego ministrowie mog\u0105 przeprowadzi\u0107 bez \u017cadnego paktu. Idea paktu to dalszy ci\u0105g kongresu PiS w Krakowie \u2013 wr\u00f3ci\u0107 do w\u0142adzy pod has\u0142em \u201eKochajmy si\u0119\u201d.<\/p>\n<p>***<\/p>\n<p><strong>PS<\/strong>. Na  kongresie w Krakowie mo\u017cna by\u0142o podobno kupi\u0107 album o PiS, w kt\u00f3rym zabrak\u0142o miejsca dla weteran\u00f3w partii: PP.  Dorna, Jurka, Ujazdowskiego, s\u0105 natomiast osobne portrety PP. Gosiewskiego, Ziobro, Lipi\u0144skiego i im podobnych. Zwr\u00f3ci\u0142a na to uwag\u0119 Janina Paradowska w Radiu TOK, i \u2013 oczywi\u015bcie \u2013 \u201eGazeta\u201d, ale wi\u0119kszo\u015b\u0107 medi\u00f3w nie skupi\u0142a si\u0119 na tym.  A to przecie\u017c praktyka cz\u0119sto stosowana w stalinowskiej Rosji (acz nie tylko, tak\u017ce w USA ju\u017c w XIX wieku). Polecamy dwie strony internetowe, gdzie mo\u017cna obejrze\u0107 przyk\u0142ady wygumkowania z fotografii, w tym stare fotografie ameryka\u0144skie, a tak\u017ce Lenina z wpatrzonym we\u0144 Trockim (<a href=\"http:\/\/www.tc.umn.edu\/~hick0088\/classes\/csci_2101\/false.html\" target=\"_blank\"><strong>i ju\u017c bez Trockiego<\/strong><\/a>), Hitlera w towarzystwie pi\u0119knych pa\u0144 z Goebbelsem i <a href=\"http:\/\/orwell.blog.pl\/archiwum\/index.php?nid=14073453\" target=\"_blank\"><strong>bez Goebbelsa<\/strong><\/a>, Stalina z Je\u017cowem i bez niego, wreszcie foto ze spotkania Bre\u017cniew \u2013 Brandt, kt\u00f3rzy siedz\u0105 za suto zastawionym sto\u0142em, ale na fotografii jaka ukaza\u0142a si\u0119 w \u201ePrawdzie\u201d st\u00f3\u0142 by\u0142 uprz\u0105tni\u0119ty, pozosta\u0142a na nim nie wi\u0119cej ni\u017c  popielniczka i woda mineralna (zapewne Narzan albo Bor\u017comi).<\/p>\n<p>Dla blogowicz\u00f3w, kt\u00f3rym nie chce si\u0119 w\u0119drowa\u0107 w Sieci, podajemy trzy kolejne wersje fotografii J\u00f3zefa Stalina z jego towarzyszami, kt\u00f3rych ubywa z fotografii na fotografi\u0119 (wystarczy policzy\u0107). Reprodukowana strona  pochodzi z ksi\u0105\u017cki o m\u0142odym Stalinie, pi\u00f3ra S.S. Montefiore. Spo\u015br\u00f3d starych bolszewik\u00f3w osta\u0142 si\u0119 tylko w\u00f3dz.<\/p>\n<p>Na pierwszym (oryginalnym) zdj\u0119ciu Stalin stoi w g\u00f3rnym rz\u0119dzie, trzeci od lewej.<\/p>\n<p><a href=\"\/wp-content\/uploads\/2009\/02\/0stalin1.jpg\"><img loading=\"lazy\" decoding=\"async\" class=\"aligncenter size-full wp-image-543\" title=\"0stalin1\" src=\"\/wp-content\/uploads\/2009\/02\/0stalin1.jpg\" alt=\"\" width=\"350\" height=\"216\" srcset=\"\/passent\/wp-content\/uploads\/2009\/02\/0stalin1.jpg 350w, \/passent\/wp-content\/uploads\/2009\/02\/0stalin1-300x185.jpg 300w\" sizes=\"(max-width: 350px) 100vw, 350px\" \/><\/a><\/p>\n<p><a href=\"\/wp-content\/uploads\/2009\/02\/0stalin2.jpg\"><img loading=\"lazy\" decoding=\"async\" class=\"aligncenter size-full wp-image-544\" title=\"0stalin2\" src=\"\/wp-content\/uploads\/2009\/02\/0stalin2.jpg\" alt=\"\" width=\"350\" height=\"248\" srcset=\"\/passent\/wp-content\/uploads\/2009\/02\/0stalin2.jpg 350w, \/passent\/wp-content\/uploads\/2009\/02\/0stalin2-300x212.jpg 300w\" sizes=\"(max-width: 350px) 100vw, 350px\" \/><\/a><\/p>\n<p><a href=\"\/wp-content\/uploads\/2009\/02\/0stalin3.jpg\"><img loading=\"lazy\" decoding=\"async\" class=\"aligncenter size-full wp-image-542\" title=\"0stalin3\" src=\"\/wp-content\/uploads\/2009\/02\/0stalin3.jpg\" alt=\"\" width=\"350\" height=\"256\" srcset=\"\/passent\/wp-content\/uploads\/2009\/02\/0stalin3.jpg 350w, \/passent\/wp-content\/uploads\/2009\/02\/0stalin3-300x219.jpg 300w\" sizes=\"(max-width: 350px) 100vw, 350px\" \/><\/a><\/p>\n","protected":false},"excerpt":{"rendered":"<p>\u201ePrecz z paktem Tusk \u2013 Kaczy\u0144ski!\u201d, \u201ePrecz z POPiSem!\u201d \u2013 tyle chcia\u0142oby si\u0119 powiedzie\u0107 w odpowiedzi na pomys\u0142 prezydenta, kt\u00f3ry uwa\u017ca, \u017ce Polsce potrzebny jest pakt. Ta idea to dalszy ci\u0105g oferty PiS-u : pok\u00f3j \u2013 nie wojna, dialog, rywalizacja, dobre rady jak wyj\u015b\u0107 z kryzysu, polityka mi\u0142o\u015bci. Kto chce \u2013 niech wierzy. Dobrze by [&hellip;]<\/p>\n","protected":false},"author":4,"featured_media":0,"comment_status":"open","ping_status":"open","sticky":false,"template":"","format":"standard","meta":{"footnotes":""},"categories":[1],"tags":[],"_links":{"self":[{"href":"https:\/\/blog.polityka.pl\/passent\/wp-json\/wp\/v2\/posts\/541"}],"collection":[{"href":"https:\/\/blog.polityka.pl\/passent\/wp-json\/wp\/v2\/posts"}],"about":[{"href":"https:\/\/blog.polityka.pl\/passent\/wp-json\/wp\/v2\/types\/post"}],"author":[{"embeddable":true,"href":"https:\/\/blog.polityka.pl\/passent\/wp-json\/wp\/v2\/users\/4"}],"replies":[{"embeddable":true,"href":"https:\/\/blog.polityka.pl\/passent\/wp-json\/wp\/v2\/comments?post=541"}],"version-history":[{"count":0,"href":"https:\/\/blog.polityka.pl\/passent\/wp-json\/wp\/v2\/posts\/541\/revisions"}],"wp:attachment":[{"href":"https:\/\/blog.polityka.pl\/passent\/wp-json\/wp\/v2\/media?parent=541"}],"wp:term":[{"taxonomy":"category","embeddable":true,"href":"https:\/\/blog.polityka.pl\/passent\/wp-json\/wp\/v2\/categories?post=541"},{"taxonomy":"post_tag","embeddable":true,"href":"https:\/\/blog.polityka.pl\/passent\/wp-json\/wp\/v2\/tags?post=541"}],"curies":[{"name":"wp","href":"https:\/\/api.w.org\/{rel}","templated":true}]}}