
{"id":5412,"date":"2019-06-05T12:22:29","date_gmt":"2019-06-05T10:22:29","guid":{"rendered":"https:\/\/passent.blog.polityka.pl\/?p=5412"},"modified":"2019-06-05T12:22:29","modified_gmt":"2019-06-05T10:22:29","slug":"cala-wstecz","status":"publish","type":"post","link":"https:\/\/blog.polityka.pl\/passent\/2019\/06\/05\/cala-wstecz\/","title":{"rendered":"Ca\u0142a wstecz!"},"content":{"rendered":"<p>Ze Szwecji do Polski jest blisko, ale z Polski do Szwecji \u2013 daleko, bardzo daleko. Anna Nowacka-Isaksson pisze w \u201eRzeczpospolitej\u201d, \u017ce w Szwecji panuje uczucie wstydu z powodu latania samolotami, nazywa si\u0119 to flygskam. &#8222;Pojawia si\u0119, gdy kto\u015b np. zapowiada, \u017ce zamierza polecie\u0107 na safari do Kenii w celach czysto rekreacyjnych&#8221; \u2013 czytamy. Cho\u0107 od razu t\u0142umaczy si\u0119, \u017ce jest wegetarianinem, co ma r\u00f3wnowa\u017cy\u0107 korzystanie z samolotu, kt\u00f3ry przyczynia si\u0119 do emisji gaz\u00f3w cieplarnianych. \u201eElektrycznych samolot\u00f3w wszak nie ma\u201d \u2013 pisze Nowacka-Isaksson.<br \/>\n<!--more--><br \/>\nBohaterk\u0105 sezonu, a mo\u017ce i wi\u0119cej, jest bardzo popularna 16-letnia dzia\u0142aczka ekologiczna Greta Thunberg. Jej rodzice (ojciec \u2013 aktor, matka &#8211; \u015bpiewaczka) przestali lata\u0107 samolotami. Mama zrezygnowa\u0142a z kariery mi\u0119dzynarodowej, by nie by\u0107 zmuszon\u0105 do latania, i pracuje tylko w Sztokholmie. Greta, kt\u00f3ra jest dzia\u0142aczk\u0105 na skal\u0119 mi\u0119dzynarodow\u0105, by\u0142a ostatnio w Davos. Podr\u00f3\u017c tam i z powrotem zaj\u0119\u0142a jej 65 godzin, kt\u00f3re wykorzysta\u0142a \u201ena pisanie przem\u00f3wie\u0144\u201d. Odm\u00f3wi\u0142a przyj\u0119cia nagrody dla dzieci i m\u0142odzie\u017cy za prac\u0119 na rzecz zr\u00f3wnowa\u017conego rozwoju, poniewa\u017c finali\u015bci z ca\u0142ego \u015bwiata mieli przylecie\u0107 do Sztokholmu samolotami. We wrze\u015bniu Greta wybiera si\u0119 do USA i Chile \u2013 nie wiadomo jeszcze, w jaki spos\u00f3b zamierza tam dotrze\u0107 i jak d\u0142ugo w zwi\u0105zku z tym potrwa podr\u00f3\u017c. Jako ambasador w Chile lata\u0142em nie raz na podobnej trasie, trwa\u0142o to przy jednej przesiadce mniej wi\u0119cej 15-20 godzin, i ju\u017c wydawa\u0142o mi si\u0119 wieczno\u015bci\u0105.<\/p>\n<p>Ok. 80 proc. Szwed\u00f3w uznaje zmiany klimatyczne za najbardziej pal\u0105c\u0105 kwesti\u0119 do rozwi\u0105zania, wa\u017cniejsz\u0105 nawet ni\u017c problem imigrant\u00f3w, kt\u00f3ry dotychczas zajmowa\u0142 pierwsze miejsce. \u201eTo bez w\u0105tpienia efekt Grety Thunberg\u201d \u2013 czytamy w \u201eRzeczpospolitej\u201d. Czytam te wiadomo\u015bci z mieszanymi uczuciami. Od pewnego czasu zmiany klimatyczne i ochrona \u015brodowiska staj\u0105 si\u0119 jednym z najpowa\u017cniejszych zada\u0144 ludzko\u015bci. Do niedawna tak nie by\u0142o, priorytetami by\u0142o zachowanie pokoju na \u015bwiecie, wy\u017cywienie mieszka\u0144c\u00f3w naszej planety. Teraz politycy na pierwszym miejscu wymieniaj\u0105 zmiany klimatyczne.<\/p>\n<p>Nasuwa si\u0119 jednak pytanie, ile \u201ekosztuje\u201d walka z ociepleniem klimatycznym? Nie tylko w sensie finansowym, ale i jakiej wymaga zmiany trybu \u017cycia. Czy 65 godzin podr\u00f3\u017cy ze Szwecji do Szwajcarii nie jest dro\u017csze ni\u017c lot samolotem na tej trasie? Czy mamy si\u0119 cofn\u0105\u0107 do czas\u00f3w machiny parowej i \u017caglowc\u00f3w? Przez ponad dwie doby mo\u017cna zrobi\u0107 ca\u0142kiem du\u017co (w ci\u0105gu godziny robotnik tworzy produkt wart od kilku do kilkudziesi\u0119ciu euro), a ponadto trzeba si\u0119 utrzyma\u0107, ogrza\u0107 itd. W sumie ochrona klimatu i \u015brodowiska \u2013 jak najbardziej \u201eza\u201d, ale nie dajmy si\u0119 zwariowa\u0107 i nie o\u015bmieszajmy sprawy numer jeden.<\/p>\n<p><strong>Zaproszenie<\/strong><br \/>\nS\u0142awomir SIERAKOWSKI (za\u0142o\u017cyciel \u201eKrytyki Politycznej\u201d, publicysta \u201ePolityki\u201d) i Marek \u015aWIERCZY\u0143SKI (Polityka Insight), oraz trzecia osoba, kt\u00f3r\u0105 trzymamy jeszcze w tajemnicy, b\u0119d\u0105 naszymi go\u015b\u0107mi w Radiu TOK FM, niedziela 9 czerwca, jak zwykle o godz. 10:05. Zapraszam!<\/p>\n","protected":false},"excerpt":{"rendered":"<p>Bohaterk\u0105 sezonu jest bardzo popularna 16-letnia dzia\u0142aczka ekologiczna Greta Thunberg.<\/p>\n","protected":false},"author":4,"featured_media":5414,"comment_status":"open","ping_status":"closed","sticky":false,"template":"","format":"standard","meta":{"footnotes":""},"categories":[1],"tags":[],"_links":{"self":[{"href":"https:\/\/blog.polityka.pl\/passent\/wp-json\/wp\/v2\/posts\/5412"}],"collection":[{"href":"https:\/\/blog.polityka.pl\/passent\/wp-json\/wp\/v2\/posts"}],"about":[{"href":"https:\/\/blog.polityka.pl\/passent\/wp-json\/wp\/v2\/types\/post"}],"author":[{"embeddable":true,"href":"https:\/\/blog.polityka.pl\/passent\/wp-json\/wp\/v2\/users\/4"}],"replies":[{"embeddable":true,"href":"https:\/\/blog.polityka.pl\/passent\/wp-json\/wp\/v2\/comments?post=5412"}],"version-history":[{"count":1,"href":"https:\/\/blog.polityka.pl\/passent\/wp-json\/wp\/v2\/posts\/5412\/revisions"}],"predecessor-version":[{"id":5413,"href":"https:\/\/blog.polityka.pl\/passent\/wp-json\/wp\/v2\/posts\/5412\/revisions\/5413"}],"wp:featuredmedia":[{"embeddable":true,"href":"https:\/\/blog.polityka.pl\/passent\/wp-json\/wp\/v2\/media\/5414"}],"wp:attachment":[{"href":"https:\/\/blog.polityka.pl\/passent\/wp-json\/wp\/v2\/media?parent=5412"}],"wp:term":[{"taxonomy":"category","embeddable":true,"href":"https:\/\/blog.polityka.pl\/passent\/wp-json\/wp\/v2\/categories?post=5412"},{"taxonomy":"post_tag","embeddable":true,"href":"https:\/\/blog.polityka.pl\/passent\/wp-json\/wp\/v2\/tags?post=5412"}],"curies":[{"name":"wp","href":"https:\/\/api.w.org\/{rel}","templated":true}]}}