
{"id":5416,"date":"2019-06-09T18:59:07","date_gmt":"2019-06-09T16:59:07","guid":{"rendered":"https:\/\/passent.blog.polityka.pl\/?p=5416"},"modified":"2019-06-10T01:03:15","modified_gmt":"2019-06-09T23:03:15","slug":"kawa-u-premiera","status":"publish","type":"post","link":"https:\/\/blog.polityka.pl\/passent\/2019\/06\/09\/kawa-u-premiera\/","title":{"rendered":"Kawa u premiera"},"content":{"rendered":"<p>\u201eChamstwo jest charakterystyczn\u0105 cech\u0105 tej grupy politycznej\u201d \u2013 powiedzia\u0142 eurodeputowany Ryszard Legutko po tym, jak Danuta H\u00fcbner, R\u00f3\u017ca Thun i Bartosz Ar\u0142ukowicz nie podali r\u0119ki premierowi Morawieckiemu podczas uroczystego odbierania za\u015bwiadcze\u0144 o wyborze do Parlamentu Europejskiego.<br \/>\n<!--more--><br \/>\nNie podzielam opinii prof. Legutki, a wr\u0119cz przeciwnie \u2013 uwa\u017cam, \u017ce w dziedzinie chamstwa prowadzi ob\u00f3z w\u0142adzy, ale i opozycja nie jest bez winy. W tej konkretnej sprawie uwa\u017cam, \u017ce skoro si\u0119 przysz\u0142o i odebra\u0142o za\u015bwiadczenia, to nale\u017ca\u0142o r\u0119k\u0119 poda\u0107. Jest tyle innych sposob\u00f3w pot\u0119pienia premiera i w\u0142adzy w og\u00f3le \u2013 liczne wypowiedzi w mediach niezale\u017cnych (pp. Ar\u0142ukowicz, H\u00fcbner i Thun maj\u0105 do nich swobodny dost\u0119p), bojkot uroczysto\u015bci, trybuna sejmowa i wiele innych.<\/p>\n<p>Premier Morawiecki absolutnie zas\u0142u\u017cy\u0142 na dezaprobat\u0119, cho\u0107by za spos\u00f3b \u201eujawniania\u201d swojego maj\u0105tku, za z\u0142o\u017cenie kwiat\u00f3w ku czci Brygady \u015awi\u0119tokrzyskiej, za to, co powiedzia\u0142 w Monachium o stosunkach polsko-\u017cydowskich podczas wojny, za post\u0119powanie prokuratury w sprawie KNF i Srebrnej itd., itp., wreszcie za aroganckie zignorowanie prezydent Gda\u0144ska Aleksandry Dulkiewicz 4 czerwca.<\/p>\n<p>Kto\u015b widocznie zwr\u00f3ci\u0142 premierowi uwag\u0119 na niestosowno\u015b\u0107 jego zachowania, skoro zaprosi\u0142 p. Dulkiewicz na kaw\u0119 i zaproszenie zosta\u0142o przyj\u0119te. To ostatnie witam z zadowoleniem i oby to nie by\u0142 ostatni raz. Ka\u017cda pr\u00f3ba cywilizowania panuj\u0105cych obyczaj\u00f3w zas\u0142uguje na uznanie. Mo\u017ce p. prezydent wyt\u0142umaczy premierowi, \u017ce dob\u00f3r momentu rekonstrukcji rz\u0105du akurat w czasie uroczysto\u015bci gda\u0144skich przynosi premierowi wstyd. Ale kaw\u0119 popieram.<\/p>\n<p>Premier jest g\u0142adki, obyty, na pierwszy rzut oka robi lepsze wra\u017cenie ni\u017c \u201enasza Beata\u201d lub jej nast\u0119pca Jacek Sasin. Ale pozory myl\u0105. Kilka lat temu ujawniono ta\u015bm\u0119, na kt\u00f3rej \u00f3wczesny prezes WBK Mateusz Morawiecki powiedzia\u0142 o Robercie Kubicy: \u201ena szcz\u0119\u015bcie z\u0142ama\u0142 r\u0119k\u0119 raz, drugi\u201d. Co wtedy zrobi\u0142 premier? Spowodowa\u0142, \u017ceby Orlen, wielka sp\u00f3\u0142ka skarbu pa\u0144stwa, zaanga\u017cowa\u0142a miliony w promocj\u0119 naszego rajdowcy i naszego kraju. Kubica zosta\u0142 skutecznie wyciszony, sprawa zosta\u0142a zasypana publicznymi pieni\u0119dzmi. Bez skrupu\u0142\u00f3w.<\/p>\n<p>Utkwi\u0142a mi w pami\u0119ci pokazana w TVN (bo chyba nie TVP) scena, jak kilka lat temu, podczas uroczysto\u015bci  na Westerplatte, o godz. 4 rano prezydent elekt Andrzej Duda kr\u0119ci\u0142 si\u0119 jak m\u00f3g\u0142, byle tylko sta\u0107 plecami do \u00f3wczesnej premier Ewy Kopacz, i nie poda\u0142 jej r\u0119ki. To post\u0119powanie niegodne prezydenta i d\u017centelmena.<\/p>\n<p>Oby kawa u premiera nie by\u0142a gorzka i stanowi\u0142a wyj\u0105tek od panuj\u0105cych obyczaj\u00f3w, wskaz\u00f3wk\u0119, \u017ce mo\u017cna inaczej.<\/p>\n","protected":false},"excerpt":{"rendered":"<p>\u201eChamstwo jest charakterystyczn\u0105 cech\u0105 tej grupy politycznej\u201d.<\/p>\n","protected":false},"author":4,"featured_media":5420,"comment_status":"open","ping_status":"closed","sticky":false,"template":"","format":"standard","meta":{"footnotes":""},"categories":[1],"tags":[],"_links":{"self":[{"href":"https:\/\/blog.polityka.pl\/passent\/wp-json\/wp\/v2\/posts\/5416"}],"collection":[{"href":"https:\/\/blog.polityka.pl\/passent\/wp-json\/wp\/v2\/posts"}],"about":[{"href":"https:\/\/blog.polityka.pl\/passent\/wp-json\/wp\/v2\/types\/post"}],"author":[{"embeddable":true,"href":"https:\/\/blog.polityka.pl\/passent\/wp-json\/wp\/v2\/users\/4"}],"replies":[{"embeddable":true,"href":"https:\/\/blog.polityka.pl\/passent\/wp-json\/wp\/v2\/comments?post=5416"}],"version-history":[{"count":3,"href":"https:\/\/blog.polityka.pl\/passent\/wp-json\/wp\/v2\/posts\/5416\/revisions"}],"predecessor-version":[{"id":5419,"href":"https:\/\/blog.polityka.pl\/passent\/wp-json\/wp\/v2\/posts\/5416\/revisions\/5419"}],"wp:featuredmedia":[{"embeddable":true,"href":"https:\/\/blog.polityka.pl\/passent\/wp-json\/wp\/v2\/media\/5420"}],"wp:attachment":[{"href":"https:\/\/blog.polityka.pl\/passent\/wp-json\/wp\/v2\/media?parent=5416"}],"wp:term":[{"taxonomy":"category","embeddable":true,"href":"https:\/\/blog.polityka.pl\/passent\/wp-json\/wp\/v2\/categories?post=5416"},{"taxonomy":"post_tag","embeddable":true,"href":"https:\/\/blog.polityka.pl\/passent\/wp-json\/wp\/v2\/tags?post=5416"}],"curies":[{"name":"wp","href":"https:\/\/api.w.org\/{rel}","templated":true}]}}