
{"id":5421,"date":"2019-06-11T22:48:58","date_gmt":"2019-06-11T20:48:58","guid":{"rendered":"https:\/\/passent.blog.polityka.pl\/?p=5421"},"modified":"2019-06-12T07:22:18","modified_gmt":"2019-06-12T05:22:18","slug":"falenta-gra-va-banque","status":"publish","type":"post","link":"https:\/\/blog.polityka.pl\/passent\/2019\/06\/11\/falenta-gra-va-banque\/","title":{"rendered":"Falenta gra va banque"},"content":{"rendered":"<p>Opozycja w Polsce ma niebywa\u0142e szcz\u0119\u015bcie i je\u015bli nie wygra tych wybor\u00f3w, to nadaje si\u0119 do domu spokojnej staro\u015bci. Prezent nr 1 \u2013 film \u201eKler\u201d. Prezent nr 2: Film \u201eTylko nie m\u00f3w nikomu\u201d. Oba te filmy zaskoczy\u0142y sojusz o\u0142tarza i tronu, pokaza\u0142y, \u017ce idea\u0142 Polaka katolika pozostawia to i owo do \u017cyczenia. Prezent nr 3: Cudowne odnalezienie Marka Falenty.<br \/>\n<!--more--><br \/>\nNajpierw polskie s\u0142u\u017cby z policj\u0105 na czele pozwoli\u0142y skazanemu wyjecha\u0107 za granic\u0119, a potem, kiedy zrozumia\u0142y sw\u00f3j b\u0142\u0105d, dosta\u0142y go, jak sma\u017cy\u0142 si\u0119 w s\u0142o\u0144cu Hiszpanii. Pogo\u0144 za Falent\u0105 by\u0142a konieczna, poniewa\u017c nie wiadomo, czy i co ten go\u015b\u0107 jeszcze ma. I na kogo?<\/p>\n<p>List Falenty do prezydenta Dudy to kuriozum, szczyt bezczelno\u015bci, \u017ceby typ spod ciemnej gwiazdy szanta\u017cowa\u0142 g\u0142ow\u0119 pa\u0144stwa. Jak to mo\u017cliwe? Ano tak, \u017ce kiedy ta\u015bmy z restauracji skompromitowa\u0142y polityk\u00f3w PO i pomog\u0142y obali\u0107 rz\u0105d PO-PSL, nowa w\u0142adza, z prokuratur\u0105 na czele, potraktowa\u0142a Falent\u0119 niezwykle \u0142agodnie.<\/p>\n<p>Zbigniew Ziobro i jego szef, prezes, od czasu do czasu grzmi\u0105, \u017ceby zaostrza\u0107 kary i ju\u017c wkr\u00f3tce za przej\u015bcie przez jezdni\u0119 w miejscu niedozwolonym lub \u2013 nie daj Bo\u017ce! \u2013 za obraz\u0119 ministra mo\u017cna b\u0119dzie trafi\u0107 do aresztu. (Ale nie za wieszanie na szubienicach fotografii polityk\u00f3w opozycji). Kiedy trzeba, byle sprawa wypadku drogowego z udzia\u0142em premiera wlecze si\u0119 dwa lata, a z udzia\u0142em ministra obrony &#8211; w og\u00f3le nie ma sprawy!<\/p>\n<p>Afera ta\u015bmowa zosta\u0142a wyciszona i w prokuraturze zaw\u0119\u017cona do minimum. Mimo \u017ce ta\u015bmy w podejrzany spos\u00f3b (a mo\u017ce w\u0142a\u015bnie dlatego) obci\u0105\u017ca\u0142y polityk\u00f3w tylko jednego obozu, przestano doszukiwa\u0107 si\u0119 ca\u0142ej prawdy. Nigdy nie ujawniono, kto sta\u0142 za Falent\u0105. &#8222;Bez Falenty PiS nie dosz\u0142oby do pe\u0142ni w\u0142adzy&#8221; \u2013 m\u00f3wi Marek Biernacki, by\u0142y minister z Platformy. &#8222;Afera ta\u015bmowa by\u0142a gwo\u017adziem do trumny rz\u0105du PO i PSL&#8221; \u2013 pisze Szu\u0142drzy\u0144ski w \u201eRz\u201d.<\/p>\n<p>By\u0142o wysoce prawdopodobne, \u017ce Falenta mia\u0142 kontakty ze s\u0142u\u017cbami, wielomiesi\u0119czna dzia\u0142alno\u015b\u0107 tego typu nie mog\u0142a uj\u015b\u0107 uwadze str\u00f3\u017c\u00f3w bezpiecze\u0144stwa, CBA i innych. Sam Falenta nie zaprzecza\u0142, \u017ce informowa\u0142 \u201eorgana\u201d o kontaktach z biznesmenami, sam w dodatku dzia\u0142a\u0142 \u201ena kierunku\u201d wschodnim. Gdyby, powtarzam: gdyby F. ujawni\u0142 ta\u015bmy z nagraniami polityk\u00f3w PiS, dawno ju\u017c by\u0142by za kratkami. Ale poniewa\u017c Murzyn zrobi\u0142 swoje \u2013 Murzyn mo\u017ce odej\u015b\u0107.<\/p>\n<p>Falenta jednak broni si\u0119 jak umie. W li\u015bcie twierdzi, \u017ce ma nagranie premiera Morawieckiego, i wymienia swoje rzekome kontakty w hierarchii s\u0142u\u017cb. Nikt mu nie wierzy, ma zero wiarygodno\u015bci, ale skoro szanta\u017cuje prezydenta \u2013 \u015bledztwo musi chyba by\u0107 wszcz\u0119te.<\/p>\n<p>Je\u017celi b\u0119dzie prowadzone r\u00f3wnie gorliwie jak \u015bledztwo w sprawie Srebrnej, to przed wyborami nie dowiemy si\u0119 od prokuratury niczego, ale trzeba do ko\u0144ca wyja\u015bni\u0107, czy Falenta nie blefuje. To, oczywi\u015bcie, b\u0119dzie trwa\u0142o latami, biegli, psychiatrzy, eksperci, przynajmniej dop\u00f3ki b\u0119dzie rz\u0105dzi\u0142 PiS, a potem sprawa si\u0119 przedawni albo w inny spos\u00f3b zostanie jej ukr\u0119cony \u0142eb. Chyba, chyba \u017ce&#8230;<\/p>\n<p><strong>Zaproszenie<\/strong><br \/>\nPrezydent w USA, Falenta w ciupie, a w TOK FM: prof. Zbigniew Lewicki (znany amerykanista) i Zuzanna D\u0105browska (&#8222;Rzeczpospolita&#8221;) b\u0119d\u0105 naszymi go\u015b\u0107mi w niedziel\u0119 16 czerwca o godz. 10:05.<\/p>\n","protected":false},"excerpt":{"rendered":"<p>Najpierw polskie s\u0142u\u017cby z policj\u0105 na czele pozwoli\u0142y skazanemu wyjecha\u0107 za granic\u0119.<\/p>\n","protected":false},"author":4,"featured_media":5424,"comment_status":"open","ping_status":"closed","sticky":false,"template":"","format":"standard","meta":{"footnotes":""},"categories":[1],"tags":[],"_links":{"self":[{"href":"https:\/\/blog.polityka.pl\/passent\/wp-json\/wp\/v2\/posts\/5421"}],"collection":[{"href":"https:\/\/blog.polityka.pl\/passent\/wp-json\/wp\/v2\/posts"}],"about":[{"href":"https:\/\/blog.polityka.pl\/passent\/wp-json\/wp\/v2\/types\/post"}],"author":[{"embeddable":true,"href":"https:\/\/blog.polityka.pl\/passent\/wp-json\/wp\/v2\/users\/4"}],"replies":[{"embeddable":true,"href":"https:\/\/blog.polityka.pl\/passent\/wp-json\/wp\/v2\/comments?post=5421"}],"version-history":[{"count":3,"href":"https:\/\/blog.polityka.pl\/passent\/wp-json\/wp\/v2\/posts\/5421\/revisions"}],"predecessor-version":[{"id":5425,"href":"https:\/\/blog.polityka.pl\/passent\/wp-json\/wp\/v2\/posts\/5421\/revisions\/5425"}],"wp:featuredmedia":[{"embeddable":true,"href":"https:\/\/blog.polityka.pl\/passent\/wp-json\/wp\/v2\/media\/5424"}],"wp:attachment":[{"href":"https:\/\/blog.polityka.pl\/passent\/wp-json\/wp\/v2\/media?parent=5421"}],"wp:term":[{"taxonomy":"category","embeddable":true,"href":"https:\/\/blog.polityka.pl\/passent\/wp-json\/wp\/v2\/categories?post=5421"},{"taxonomy":"post_tag","embeddable":true,"href":"https:\/\/blog.polityka.pl\/passent\/wp-json\/wp\/v2\/tags?post=5421"}],"curies":[{"name":"wp","href":"https:\/\/api.w.org\/{rel}","templated":true}]}}