
{"id":5426,"date":"2019-06-12T22:57:40","date_gmt":"2019-06-12T20:57:40","guid":{"rendered":"https:\/\/passent.blog.polityka.pl\/?p=5426"},"modified":"2019-06-13T08:11:56","modified_gmt":"2019-06-13T06:11:56","slug":"duda-w-usa-kosztowny-poczatek","status":"publish","type":"post","link":"https:\/\/blog.polityka.pl\/passent\/2019\/06\/12\/duda-w-usa-kosztowny-poczatek\/","title":{"rendered":"Duda w USA \u2013 kosztowny pocz\u0105tek"},"content":{"rendered":"<p>Za wcze\u015bnie na bilans pierwszego, najwa\u017cniejszego dnia wizyty pary prezydenckiej w USA. Pierwsze uwagi: najwi\u0119kszym beneficjentem wizyty jest sam prezydent Duda.<br \/>\n<!--more--><br \/>\nOd tej chwili b\u0119dzie pokazywany jako ten, kt\u00f3ry doprowadzi\u0142 do zwi\u0119kszonej obecno\u015bci wojskowej Stan\u00f3w w Polsce, do wzrostu znaczenia naszego kraju na wschodnich rubie\u017cach NATO, do poprawy stanu naszego bezpiecze\u0144stwa, do wzrostu rangi dow\u00f3dztwa w Poznaniu etc.<\/p>\n<p>Trudno mie\u0107 o to pretensje. Nie zapominajmy, \u017ce Andrzej Duda nie jest pierwszym polskim prezydentem w USA, przed nim wizyty (i to pa\u0144stwowe, a wi\u0119c wy\u017cszej rangi) sk\u0142adali Lech Wa\u0142\u0119sa i Aleksander Kwa\u015bniewski.<\/p>\n<p>Czego\u015b na miar\u0119 \u201ewe, the people\u201d Duda nie powiedzia\u0142. Nie wspomnia\u0142 tak\u017ce bardzo popularnego w USA Lecha Wa\u0142\u0119sy. Nie jest tak\u017ce przewidziane jego wyst\u0105pienie do obu Izb Kongresu.<\/p>\n<p>Ile za pierwsze sukcesy prezydenta Dudy zap\u0142aci nasz kraj \u2013 o tym mo\u017cna i trzeba dyskutowa\u0107. \u015awietny biznesmen Trump wylicza\u0142 po kolei: 32 samoloty F-35 (po 100 mln dol. lub wi\u0119cej), ca\u0142kowite pokrycie przez Polsk\u0119 koszt\u00f3w stacjonowania oko\u0142o tysi\u0105ca dodatkowych \u017co\u0142nierzy ameryka\u0144skich, koszty infrastruktury itd. I jeszcze gaz&#8230;<\/p>\n<p>Polska zap\u0142aci, Ameryka pomo\u017ce znale\u017a\u0107 pieni\u0105dze. Dalece nie wszystko da si\u0119 przeliczy\u0107 na pieni\u0105dze, bezpiecze\u0144stwo musi kosztowa\u0107, ale ile? Poczekajmy, a\u017c odezw\u0105 si\u0119 eksperci.<\/p>\n<p>Na plus Dudzie mo\u017cna zapisa\u0107, i\u017c kilkakrotnie w swoim przem\u00f3wieniu, przemy\u015blanym przecie\u017c wcze\u015bniej, powo\u0142ywa\u0142 si\u0119 na nasz\u0105 obecno\u015b\u0107 w Unii Europejskiej, kt\u00f3r\u0105 jeszcze niedawno nazywa\u0142 \u201ewyimaginowan\u0105\u201d wsp\u00f3lnot\u0105. Natomiast w \u017caden spos\u00f3b nie mo\u017cna zgodzi\u0107 si\u0119 z Dud\u0105, kiedy m\u00f3wi\u0142 o S\u0105dzie Najwy\u017cszym w Polsce, uog\u00f3lniaj\u0105c pojedyncze przypadki do komunistycznej jaczejki.<\/p>\n<p>Podobnie jak przesadzi\u0142, m\u00f3wi\u0105c, \u017ce \u017bo\u0142nierze Wykl\u0119ci walczyli w Polsce jeszcze 20 lat po wojnie. By\u0142y to fragmenty przem\u00f3wienia skierowane na rynek wewn\u0119trzny, polski, ale i tak niepotrzebne. Bzdury o SN i o przestrzeganiu w Polsce wszystkich regu\u0142 demokracji m\u00f3g\u0142 sobie prezydent darowa\u0107, nie przynosz\u0105 one chluby g\u0142owie pa\u0144stwa.<\/p>\n<p>Niedobrze si\u0119 sta\u0142o, \u017ce po wyst\u0105pieniu Andrzeja Dudy prezydent USA poczu\u0142 si\u0119 zobowi\u0105zany do wypowiedzenia kilku pozytywnych zda\u0144 na temat mo\u017cliwo\u015bci lepszych stosunk\u00f3w z Rosj\u0105.<\/p>\n<p>W sumie pierwszy dzie\u0144 wizyty pozytywny, ale mog\u0142o by\u0107 lepiej, a mo\u017ce i taniej.<\/p>\n","protected":false},"excerpt":{"rendered":"<p>Czego\u015b na miar\u0119 \u201ewe, the people\u201d Duda nie powiedzia\u0142.<\/p>\n","protected":false},"author":4,"featured_media":5431,"comment_status":"open","ping_status":"closed","sticky":false,"template":"","format":"standard","meta":{"footnotes":""},"categories":[1],"tags":[],"_links":{"self":[{"href":"https:\/\/blog.polityka.pl\/passent\/wp-json\/wp\/v2\/posts\/5426"}],"collection":[{"href":"https:\/\/blog.polityka.pl\/passent\/wp-json\/wp\/v2\/posts"}],"about":[{"href":"https:\/\/blog.polityka.pl\/passent\/wp-json\/wp\/v2\/types\/post"}],"author":[{"embeddable":true,"href":"https:\/\/blog.polityka.pl\/passent\/wp-json\/wp\/v2\/users\/4"}],"replies":[{"embeddable":true,"href":"https:\/\/blog.polityka.pl\/passent\/wp-json\/wp\/v2\/comments?post=5426"}],"version-history":[{"count":3,"href":"https:\/\/blog.polityka.pl\/passent\/wp-json\/wp\/v2\/posts\/5426\/revisions"}],"predecessor-version":[{"id":5430,"href":"https:\/\/blog.polityka.pl\/passent\/wp-json\/wp\/v2\/posts\/5426\/revisions\/5430"}],"wp:featuredmedia":[{"embeddable":true,"href":"https:\/\/blog.polityka.pl\/passent\/wp-json\/wp\/v2\/media\/5431"}],"wp:attachment":[{"href":"https:\/\/blog.polityka.pl\/passent\/wp-json\/wp\/v2\/media?parent=5426"}],"wp:term":[{"taxonomy":"category","embeddable":true,"href":"https:\/\/blog.polityka.pl\/passent\/wp-json\/wp\/v2\/categories?post=5426"},{"taxonomy":"post_tag","embeddable":true,"href":"https:\/\/blog.polityka.pl\/passent\/wp-json\/wp\/v2\/tags?post=5426"}],"curies":[{"name":"wp","href":"https:\/\/api.w.org\/{rel}","templated":true}]}}