
{"id":5432,"date":"2019-06-13T22:30:10","date_gmt":"2019-06-13T20:30:10","guid":{"rendered":"https:\/\/passent.blog.polityka.pl\/?p=5432"},"modified":"2019-06-14T08:12:54","modified_gmt":"2019-06-14T06:12:54","slug":"duda-slowo-wroblem-wylecialo","status":"publish","type":"post","link":"https:\/\/blog.polityka.pl\/passent\/2019\/06\/13\/duda-slowo-wroblem-wylecialo\/","title":{"rendered":"Duda: s\u0142owo wr\u00f3blem wylecia\u0142o"},"content":{"rendered":"<p>\u201eS\u0142owo wr\u00f3blem wylatuje, a wo\u0142em powraca\u201d \u2013 m\u00f3wi popularne przys\u0142owie. Taki wr\u00f3bel wylecia\u0142 z ust prezydenta Dudy, kt\u00f3ry podczas pierwszego dnia triumfalnej podr\u00f3\u017cy po Stanach Zjednoczonych na wsp\u00f3lnej z Donaldem Trumpem konferencji prasowej zosta\u0142 zapytany: \u201eCzy postrzega pan Rosj\u0119 jako sojusznika, czy jako przeciwnika?\u201d.<br \/>\n<!--more--><br \/>\nOto pocz\u0105tek d\u0142u\u017cszej odpowiedzi (w wi\u0119kszo\u015bci nie na temat) prezydenta:<\/p>\n<blockquote><p>Bardzo bym chcia\u0142, \u017ceby Rosja by\u0142a przyjacielem Polski, bo jest wielkim naszym s\u0105siadem, jest pa\u0144stwem du\u017co wi\u0119kszym od Polski, o wi\u0119kszym ni\u017c Polska potencjale pod ka\u017cdym wzgl\u0119dem, mo\u017ce za wyj\u0105tkiem jednego: ja uwa\u017cam, \u017ce w nas jest wi\u0119cej m\u0119stwa, \u017ce jeste\u015bmy odwa\u017cniejsi i potrafimy walczy\u0107 do samego ko\u0144ca niezale\u017cnie od wszystkiego.<\/p><\/blockquote>\n<p>W dalszym ci\u0105gu odpowiedzi prezydent s\u0142awi bohaterstwo Polak\u00f3w od Bitwy Warszawskiej po \u017bo\u0142nierzy Wykl\u0119tych.<\/p>\n<p>W odpowiedzi prezydenta Dudy s\u0142ycha\u0107 dysonans: my jeste\u015bmy bardziej m\u0119\u017cni od Rosjan i bardziej ni\u017c oni  potrafimy bi\u0107 si\u0119 do ko\u0144ca. Tak g\u0142owa pa\u0144stwa polskiego ocenia Polak\u00f3w i Rosjan.<\/p>\n<p>Po pierwsze, m\u00f3wienie per \u201emy\u201d nie jest do ko\u0144ca usprawiedliwione, poniewa\u017c wielu z nas, w tym  prezydent Duda, nie da\u0142o jeszcze dowod\u00f3w m\u0119stwa, ale zak\u0142adam, \u017ce chodzi o nas, Polak\u00f3w. Wynosz\u0105c \u201enasze, polskie\u201d bohaterstwo ponad m\u0119stwo i wytrwa\u0142o\u015b\u0107 Rosjan &#8211; na czym si\u0119 prezydent Polski opiera Jakie stosuje kryteria?<\/p>\n<p>W swoich oczach nar\u00f3d rosyjski jest najwi\u0119ksz\u0105 albo jedn\u0105 z najwi\u0119kszych ofiar stalinowskiego terroru,  II wojny \u015bwiatowej, zbrodniczej polityki rosyjskich komunist\u00f3w oraz niemieckich faszyst\u00f3w. W czasie II wojny \u015bwiatowej nar\u00f3d rosyjski da\u0142 dowody bezprzyk\u0142adnego bohaterstwa, jak cho\u0107by w czasie trwaj\u0105cego dwa i p\u00f3\u0142 roku obl\u0119\u017cenia przez Niemcy Sankt Petersburga (w\u00f3wczas Leningradu), miasta, kt\u00f3rego w du\u017cym stopniu broni\u0142y kobiety i dzieci, w warunkach g\u0142odu, epidemii, skrajnego wyczerpania, a nawet przypadk\u00f3w kanibalizmu.<\/p>\n<p>W mie\u015bcie zgin\u0119\u0142o p\u00f3\u0142tora miliona ludzi. To, \u017ce by\u0142o obl\u0119\u017cone przez armi\u0119 hitlerowsk\u0105 \u2013 wczorajszego sojusznika w napa\u015bci na Polsk\u0119 \u2013 to jedno, to, \u017ce w czasie wojny by\u0142 Katy\u0144 i by\u0142 Babi Jar, i by\u0142 Stalingrad \u2013 to drugie.<\/p>\n<p>Powiedzie\u0107, \u017ce \u201enasze\u201d m\u0119stwo wi\u0119ksze jest (by\u0142o) od \u201eich\u201d m\u0119stwa, jest niem\u0105dre i niepotrzebne. Oczywi\u015bcie, \u017cadnego m\u0119stwa nie wymaga\u0142o rozstrzeliwanie tysi\u0119cy bezbronnych je\u0144c\u00f3w. Ale II wojna to nie tylko rosyjskie zbrodnie, to tak\u017ce wydarzenia, kt\u00f3rych nar\u00f3d nie m\u00f3g\u0142 przewidzie\u0107, najwi\u0119ksza pr\u00f3ba, jak\u0105 ten nar\u00f3d \u2013 dowodzony przez zbrodniarzy &#8211; przeszed\u0142.<\/p>\n<p>Wyobra\u017amy sobie, \u017ce prezydent Putin w obecno\u015bci prezydenta USA m\u00f3wi, i\u017c m\u0119stwo Rosjan wi\u0119ksze jest od m\u0119stwa Polak\u00f3w. Dla nas by\u0142by to policzek. Dlaczego prezydent Duda to zrobi\u0142, po co?<\/p>\n","protected":false},"excerpt":{"rendered":"<p>W odpowiedzi prezydenta Dudy s\u0142ycha\u0107 dysonans.<\/p>\n","protected":false},"author":4,"featured_media":5436,"comment_status":"open","ping_status":"closed","sticky":false,"template":"","format":"standard","meta":{"footnotes":""},"categories":[1],"tags":[],"_links":{"self":[{"href":"https:\/\/blog.polityka.pl\/passent\/wp-json\/wp\/v2\/posts\/5432"}],"collection":[{"href":"https:\/\/blog.polityka.pl\/passent\/wp-json\/wp\/v2\/posts"}],"about":[{"href":"https:\/\/blog.polityka.pl\/passent\/wp-json\/wp\/v2\/types\/post"}],"author":[{"embeddable":true,"href":"https:\/\/blog.polityka.pl\/passent\/wp-json\/wp\/v2\/users\/4"}],"replies":[{"embeddable":true,"href":"https:\/\/blog.polityka.pl\/passent\/wp-json\/wp\/v2\/comments?post=5432"}],"version-history":[{"count":3,"href":"https:\/\/blog.polityka.pl\/passent\/wp-json\/wp\/v2\/posts\/5432\/revisions"}],"predecessor-version":[{"id":5435,"href":"https:\/\/blog.polityka.pl\/passent\/wp-json\/wp\/v2\/posts\/5432\/revisions\/5435"}],"wp:featuredmedia":[{"embeddable":true,"href":"https:\/\/blog.polityka.pl\/passent\/wp-json\/wp\/v2\/media\/5436"}],"wp:attachment":[{"href":"https:\/\/blog.polityka.pl\/passent\/wp-json\/wp\/v2\/media?parent=5432"}],"wp:term":[{"taxonomy":"category","embeddable":true,"href":"https:\/\/blog.polityka.pl\/passent\/wp-json\/wp\/v2\/categories?post=5432"},{"taxonomy":"post_tag","embeddable":true,"href":"https:\/\/blog.polityka.pl\/passent\/wp-json\/wp\/v2\/tags?post=5432"}],"curies":[{"name":"wp","href":"https:\/\/api.w.org\/{rel}","templated":true}]}}