
{"id":5446,"date":"2019-06-20T19:26:36","date_gmt":"2019-06-20T17:26:36","guid":{"rendered":"https:\/\/passent.blog.polityka.pl\/?p=5446"},"modified":"2019-06-20T20:26:39","modified_gmt":"2019-06-20T18:26:39","slug":"himalaje-glupoty","status":"publish","type":"post","link":"https:\/\/blog.polityka.pl\/passent\/2019\/06\/20\/himalaje-glupoty\/","title":{"rendered":"Himalaje g\u0142upoty"},"content":{"rendered":"<p>W nocy pod ko\u0142dr\u0105 nuc\u0119 sobie piosenk\u0119 \u201eCiemna dzi\u015b noc\u201d. Jest to piosenka sowiecka zakazana przez re\u017cim i kiedy\u015b b\u0119dzie figurowa\u0142a w zbiorze \u201eZakazane piosenki\u201d (\u201eO nowej to hucie piosenka, o nowej to hucie s\u0105 s\u0142owa&#8230;\u201d). Kiedy\u015b zakazane by\u0142y piosenki ameryka\u0144skie (\u201ePrawa noga w lewo, lewa noga w prawo, jazz i boogie woogie\u201d).<br \/>\n<!--more--><br \/>\nSp\u0119dzi\u0142em wiecz\u00f3r w gronie znajomych z opozycji, kt\u00f3ra jest moim \u015brodowiskiem naturalnym. Atmosfera pogrzebowa, nikt nie widzi, jak powstrzyma\u0107 PiS, a jeste\u015bmy ju\u017c w wieku, w kt\u00f3rym trudno \u2013 cho\u0107by czasowo \u2013 wyjecha\u0107 za granic\u0119.<\/p>\n<p>Przeciwnicy PiS mi\u0119dzy sob\u0105 nie kryj\u0105 uznania dla poci\u0105gu pancernego z Kaczy\u0144skim jako maszynist\u0105. Fabryka kie\u0142basy wyborczej pracuje na pe\u0142nych obrotach, przed wyborami rzuc\u0105 narodowi kolejne och\u0142apy \u2013 wyprawka szkolna, trzymiesi\u0119czne 800+, dodatek zimowy, jeszcze par\u0119 miliard\u00f3w i b\u0119dzie po wyborach. Jedyna satysfakcja, to \u017ce po wyborach to rz\u0105d PiS b\u0119dzie sobie musia\u0142 radzi\u0107 ze swoim bud\u017cetem.<\/p>\n<p>G\u0142upota rz\u0105dz\u0105cych wcale im nie szkodzi. Przyk\u0142ad pierwszy: zapowied\u017a ministra Ziobry, \u017ce profesura z Uniwersytetu Jagiello\u0144skiego, a dok\u0142adnie autorzy krytycznej opinii na temat projektu kodeksu karnego, (w dodatku \u201erozpatrywanego\u201d w trybie nadzwyczajnym, jak gdyby si\u0119 pali\u0142o), zostanie pozwana do s\u0105du za \u201ek\u0142amstwa\u201d.<\/p>\n<p>Ka\u017cdy w miar\u0119 rozgarni\u0119ty cz\u0142owiek widzi, \u017ce to ma zastraszy\u0107 uczonych, \u017ce jest to kneblowanie naukowc\u00f3w, \u017ce to \u015bmierdzi wyci\u0105ganiem konsekwencji za opinie, recenzje, publikacje, wyk\u0142ady. Po co otwiera\u0107 nowy front? Ale PiS to lubi. Czy Ziobro ma deficyt wyobra\u017ani? Jego pewno\u015b\u0107 siebie,  zapiek\u0142o\u015b\u0107, ma\u0142ostkowo\u015b\u0107 s\u0105 odpychaj\u0105ce. Na szcz\u0119\u015bcie Ziobro wycofa\u0142 si\u0119 z tej pogr\u00f3\u017cki.<\/p>\n<p>W okresie festiwalu Woodstock w Kostrzynie kolej (Przewozy Regionalne) postanowi\u0142a zawiesi\u0107 komunikacj\u0119 z tym miastem i okolic\u0105. Mia\u0142a to by\u0107 kolejna szykana i represja wobec niecierpianego przez w\u0142adze festiwalu Owsiaka. (Wcze\u015bniej zakazali udzia\u0142u wojska itp.). Pretekstem mia\u0142o by\u0107 demolowanie wagon\u00f3w przez pasa\u017cerki i pasa\u017cer\u00f3w spod znaku Owsiaka.<\/p>\n<p>Jest to, oczywi\u015bcie, pretekst, gdy\u017c istniej\u0105 sposoby pilnowania porz\u0105dku na kolei, od tego mamy przecie\u017c pani\u0105 minister Witek. I znowu: gdy podnios\u0142y si\u0119 protesty, pa\u0144stwo musia\u0142o ust\u0105pi\u0107, a konkretnie premier Morawiecki m\u00f3g\u0142 okaza\u0107 swoj\u0105 \u0142askawo\u015b\u0107 i kaza\u0142 poci\u0105gi i komunikacj\u0119 utrzyma\u0107. I po co to wszystko by\u0142o? Czy wiadomo, co to za nadgorliwiec, a mo\u017ce i karierowicz podj\u0105\u0142 t\u0119 decyzj\u0119? Stanowiska dyrektorskie obejmuje ju\u017c nowe pokolenie g\u0142uptas\u00f3w \u2013 karierowicz\u00f3w.<\/p>\n<p>Kolejny przyk\u0142ad g\u0142upoty i ma\u0142ostkowo\u015bci to zakaz grania melodii \u201eCiemna noc\u201d w Muzeum II Wojny  \u015awiatowej w Gda\u0144sku. Autorem tej \u017ca\u0142osnej decyzji jest nowy, s\u0142uszny dyrektor muzeum dr Karol Nawrocki (nowe pokolenie), kt\u00f3ry zast\u0105pi\u0142 nies\u0142usznego prof. Machcewicza.<\/p>\n<p>Ktokolwiek zapozna\u0142 si\u0119 z dorobkiem nowego dyrektora, mo\u017ce kwestionowa\u0107 jego kompetencje. W ka\u017cdym razie decyzja w sprawie piosenki jest niem\u0105dra i \u017cenuj\u0105ca. Melodia jest pi\u0119kna, a fakt, \u017ce by\u0142a to radziecka czy sowiecka piosenka wojskowa, tego nie zmienia.<\/p>\n<p>Pa\u0142ac Kultury te\u017c ma szemrany rodow\u00f3d, a mimo to zosta\u0142 uznany za zabytek i mam (s\u0142abn\u0105c\u0105) nadziej\u0119, \u017ce hunwejbini go nie zburz\u0105. Chocia\u017c g\u0142upota, jaka nas otacza, wi\u0119ksza jest od pa\u0142acu.<\/p>\n","protected":false},"excerpt":{"rendered":"<p>G\u0142upota, jaka nas otacza, wi\u0119ksza jest od pa\u0142acu.<\/p>\n","protected":false},"author":4,"featured_media":5131,"comment_status":"open","ping_status":"closed","sticky":false,"template":"","format":"standard","meta":{"footnotes":""},"categories":[1],"tags":[],"_links":{"self":[{"href":"https:\/\/blog.polityka.pl\/passent\/wp-json\/wp\/v2\/posts\/5446"}],"collection":[{"href":"https:\/\/blog.polityka.pl\/passent\/wp-json\/wp\/v2\/posts"}],"about":[{"href":"https:\/\/blog.polityka.pl\/passent\/wp-json\/wp\/v2\/types\/post"}],"author":[{"embeddable":true,"href":"https:\/\/blog.polityka.pl\/passent\/wp-json\/wp\/v2\/users\/4"}],"replies":[{"embeddable":true,"href":"https:\/\/blog.polityka.pl\/passent\/wp-json\/wp\/v2\/comments?post=5446"}],"version-history":[{"count":3,"href":"https:\/\/blog.polityka.pl\/passent\/wp-json\/wp\/v2\/posts\/5446\/revisions"}],"predecessor-version":[{"id":5450,"href":"https:\/\/blog.polityka.pl\/passent\/wp-json\/wp\/v2\/posts\/5446\/revisions\/5450"}],"wp:featuredmedia":[{"embeddable":true,"href":"https:\/\/blog.polityka.pl\/passent\/wp-json\/wp\/v2\/media\/5131"}],"wp:attachment":[{"href":"https:\/\/blog.polityka.pl\/passent\/wp-json\/wp\/v2\/media?parent=5446"}],"wp:term":[{"taxonomy":"category","embeddable":true,"href":"https:\/\/blog.polityka.pl\/passent\/wp-json\/wp\/v2\/categories?post=5446"},{"taxonomy":"post_tag","embeddable":true,"href":"https:\/\/blog.polityka.pl\/passent\/wp-json\/wp\/v2\/tags?post=5446"}],"curies":[{"name":"wp","href":"https:\/\/api.w.org\/{rel}","templated":true}]}}