
{"id":545,"date":"2009-02-23T05:27:55","date_gmt":"2009-02-23T04:27:55","guid":{"rendered":"http:\/\/passent.blog.polityka.pl\/?p=545"},"modified":"2009-02-23T05:27:55","modified_gmt":"2009-02-23T04:27:55","slug":"lewico-%e2%80%93-ucz-sie","status":"publish","type":"post","link":"https:\/\/blog.polityka.pl\/passent\/2009\/02\/23\/lewico-%e2%80%93-ucz-sie\/","title":{"rendered":"Lewico \u2013 ucz si\u0119!"},"content":{"rendered":"<p><strong>Obrona Krzysztofa Skowro\u0144skiego jako szefa radiowej Tr\u00f3jki musi budzi\u0107 uznanie dla jego zwolennik\u00f3w<\/strong>.<\/p>\n<p>Od pewnego czasu trwa w prasie kampania na rzecz Skowro\u0144skiego, kilka dni temu ukaza\u0142a si\u0119 w jego obronie petycja podpisana przez wiele os\u00f3b, mniej lub bardziej znanych. Podobno pod listem podpisa\u0142o si\u0119 ju\u017c w Internecie ponad 1500 os\u00f3b. Przypomina to obron\u0119 Bronis\u0142awa Wildsteina (jednego z sygnatariuszy listu), kiedy by\u0142 zwalniany, najpierw z \u201eRzeczpospolitej\u201d (do kt\u00f3rej p\u00f3\u017aniej, po zmianie orientacji pisma na prawicow\u0105, powr\u00f3ci\u0142), jak i ze stanowiska prezesa TVP. Dzi\u015b Bronis\u0142aw Wildstein solidarnie broni Krzysztofa Skowro\u0144skiego. Solidarno\u015b\u0107 \u2013 oto czego nasza po\u017cal si\u0119 Bo\u017ce lewica, powinna uczy\u0107 si\u0119 od prawicy. By\u0142 czas, kiedy prawica by\u0142a rozdrobniona i s\u0142aba, a lewica zjednoczona i silna. Dzi\u015b jest odwrotnie. Nie przypominam sobie, \u017ceby lewica broni\u0142a kogo\u015b tak zdecydowanie, wytrwale i otwarcie, jak broniony jest Krzysztof Skowro\u0144ski.<\/p>\n<p>Na temat zalet i wad Tr\u00f3jki nie mog\u0119 si\u0119 wypowiedzie\u0107, poniewa\u017c nie jestem jej s\u0142uchaczem. Kiedy\u015b, dawno temu, by\u0142em jej wsp\u00f3\u0142pracownikiem i s\u0142uchaczem, ale to by\u0142o dawno. Dzi\u015b tamte czasy uchodz\u0105 w dziejach Tr\u00f3jki za \u201elegendarne\u201d, co mi pachnie nostalgi\u0105 za PRL. W artykule \u201eKto szuka haka na Skowro\u0144skiego i \u2018Tr\u00f3jk\u0119\u2019\u201d (\u201eDziennik\u201d) czytamy, \u017ce Skowro\u0144ski \u201echce przywr\u00f3ci\u0107 legendarne radio\u201d, \u201ewielki radiowy comeback\u201d, \u201elegendarne programy\u201d przenosi z oko\u0142o p\u00f3\u0142nocy na wcze\u015bniejsze godziny, wracaj\u0105 \u201eprawdziwe legendy\u201d, \u201eodrodzi\u0142 \u2018dawn\u0105 Tr\u00f3jk\u0119\u2019\u201d, \u201ezachwytowi elit nad reaktywacj\u0105 \u2018Tr\u00f3jki\u2019 towarzyszy\u0142y du\u017co bardziej wymierne efekty \u2013 wzrost s\u0142uchalno\u015bci\u201d, \u201estworzy\u0142 \u015bwietn\u0105 anten\u0119\u201d, \u201ema najlepsze wyniki od lat\u201d. Itd. Itp.<\/p>\n<p>Krzysztofowi Skowro\u0144skiemu mo\u017cna tylko pogratulowa\u0107, \u017ce ma tak oddanych obro\u0144c\u00f3w. Nie wiem, czy s\u0105 to komplementy zas\u0142u\u017cone, ale s\u0105, i to si\u0119 liczy. Nikt z desantu PiS na media nie doczeka\u0142 si\u0119 takiej obrony, ani prezesi Polskiego Radia, ani szefowie anten, ani prezesi TVP, ani nawet panie Gargas, Kania i Kotecka, ani szefowie PAP, ani dyrektorzy o\u015brodk\u00f3w regionalnych, ani, ani\u2026 Gdzie s\u0105 ci wszyscy, kt\u00f3rych namiestnicy PiS wyrzucili z pracy jako z\u0142ogi PRL, starcy, ofiary lustracji, beztalencia?<\/p>\n<p>Energiczna obrona dyrektora radiowej Tr\u00f3jki zbieg\u0142a si\u0119 w czasie z fiaskiem wysi\u0142k\u00f3w o zjednoczenie lewicy przed wyborami do Parlamentu Europejskiego. Lewica okopa\u0142a si\u0119 w swoich grajdo\u0142ach i tam zapewne przysypie j\u0105 piach historii. Powinna si\u0119 uczy\u0107 od obro\u0144c\u00f3w Krzysztofa Skowro\u0144skiego.<\/p>\n","protected":false},"excerpt":{"rendered":"<p>Obrona Krzysztofa Skowro\u0144skiego jako szefa radiowej Tr\u00f3jki musi budzi\u0107 uznanie dla jego zwolennik\u00f3w. Od pewnego czasu trwa w prasie kampania na rzecz Skowro\u0144skiego, kilka dni temu ukaza\u0142a si\u0119 w jego obronie petycja podpisana przez wiele os\u00f3b, mniej lub bardziej znanych. Podobno pod listem podpisa\u0142o si\u0119 ju\u017c w Internecie ponad 1500 os\u00f3b. Przypomina to obron\u0119 Bronis\u0142awa [&hellip;]<\/p>\n","protected":false},"author":4,"featured_media":0,"comment_status":"open","ping_status":"open","sticky":false,"template":"","format":"standard","meta":{"footnotes":""},"categories":[1],"tags":[],"_links":{"self":[{"href":"https:\/\/blog.polityka.pl\/passent\/wp-json\/wp\/v2\/posts\/545"}],"collection":[{"href":"https:\/\/blog.polityka.pl\/passent\/wp-json\/wp\/v2\/posts"}],"about":[{"href":"https:\/\/blog.polityka.pl\/passent\/wp-json\/wp\/v2\/types\/post"}],"author":[{"embeddable":true,"href":"https:\/\/blog.polityka.pl\/passent\/wp-json\/wp\/v2\/users\/4"}],"replies":[{"embeddable":true,"href":"https:\/\/blog.polityka.pl\/passent\/wp-json\/wp\/v2\/comments?post=545"}],"version-history":[{"count":0,"href":"https:\/\/blog.polityka.pl\/passent\/wp-json\/wp\/v2\/posts\/545\/revisions"}],"wp:attachment":[{"href":"https:\/\/blog.polityka.pl\/passent\/wp-json\/wp\/v2\/media?parent=545"}],"wp:term":[{"taxonomy":"category","embeddable":true,"href":"https:\/\/blog.polityka.pl\/passent\/wp-json\/wp\/v2\/categories?post=545"},{"taxonomy":"post_tag","embeddable":true,"href":"https:\/\/blog.polityka.pl\/passent\/wp-json\/wp\/v2\/tags?post=545"}],"curies":[{"name":"wp","href":"https:\/\/api.w.org\/{rel}","templated":true}]}}