
{"id":5456,"date":"2019-06-25T23:40:47","date_gmt":"2019-06-25T21:40:47","guid":{"rendered":"https:\/\/passent.blog.polityka.pl\/?p=5456"},"modified":"2019-06-26T07:40:49","modified_gmt":"2019-06-26T05:40:49","slug":"wasz-prezydent-nasz-premier","status":"publish","type":"post","link":"https:\/\/blog.polityka.pl\/passent\/2019\/06\/25\/wasz-prezydent-nasz-premier\/","title":{"rendered":"Wasz prezydent \u2013 nasz premier"},"content":{"rendered":"<p>Ojczyzna w niebezpiecze\u0144stwie \u2013 wo\u0142aj\u0105 cz\u0142onkowie i sympatycy opozycji. Tego samego dnia w dw\u00f3ch  g\u0142\u00f3wnych pismach \u201eantypisu\u201d ukazuj\u0105 si\u0119 przygn\u0119biaj\u0105ce i dramatyczne publikacje.<br \/>\n<!--more--><br \/>\n\u201eDlaczego najwi\u0119ksza polska partia opozycyjna cztery miesi\u0105ce przed wyborami wywiesi\u0142a bia\u0142\u0105 flag\u0119?\u201d \u2013 pyta by\u0142a ambasador Katarzyna Pe\u0142czy\u0144ska-Na\u0142\u0119cz w li\u015bcie do Grzegorza Schetyny (&#8222;GW&#8221; 25 VI). \u201eBezwolnie odpuszczamy walk\u0119 o najwi\u0119ksze wsp\u00f3lne dobro &#8211; nasz\u0105 Ojczyzn\u0119. Ludzie b\u0119d\u0105 odzierani z godno\u015bci, dobrego imienia, pozbawiani spokojnego \u017cycia, a mo\u017ce i wolno\u015bci. A Pan i Pana koledzy b\u0119dziecie na to patrze\u0107 bezsilnie\u201d \u2013 przestrzega autorka i ma racj\u0119. Na koniec dodaje nutk\u0119 optymizmu: \u201ePana partia ci\u0105gle ma szanse wygra\u0107 demokratyczn\u0105 Polsk\u0119\u201d.<\/p>\n<p>Nast\u0119pnego dnia, w najnowszej \u201ePolityce\u201d, ukaza\u0142 si\u0119 artyku\u0142 \u201eFala ojkofobii\u201d Mariusza Janickiego o rozgoryczeniu i niech\u0119ci opozycji do samej siebie. \u201ePowyborcza depresja\u201d, \u201eopozycja nagle wydaje si\u0119 ma\u0142a i \u015bmieszna wobec pot\u0119gi rz\u0105dz\u0105cych&#8230; opozycja i jej wyborcy nigdy nie wygraj\u0105, je\u015bli nie wyjd\u0105 ze stanu g\u0142\u0119bokiej ojkofobii, dop\u00f3ki nie przestan\u0105 si\u0119 sami nienawidzi\u0107 \u2013 oczywi\u015bcie pod pozorem g\u0142\u0119bokiej troski. Bo ta troska, zanim uleczy, mo\u017ce wcze\u015bniej zabi\u0107\u201d \u2013 konkluduje zast\u0119pca redaktora naczelnego, jeden z tych kilku, kt\u00f3rzy wytyczaj\u0105 lini\u0119 polityczn\u0105 pisma.<\/p>\n<p>Oba teksty \u015bwiadcz\u0105 o g\u0142\u0119bokiej depresji, wr\u0119cz panice, w jakiej znalaz\u0142a si\u0119 opozycja. Trudno si\u0119 z tym nie zgodzi\u0107, ich autorzy maj\u0105 racj\u0119, ale jak d\u0142ugo mo\u017cna le\u017ce\u0107 na kozetce u psychoanalityka, dzwoni\u0107 na alarm, liza\u0107 rany, szlocha\u0107 i biadoli\u0107?<\/p>\n<p>Tylko krok znacz\u0105cy, dramatyczny mo\u017ce wyprowadzi\u0107 opozycj\u0119 z depresji i pchn\u0105\u0107 na w\u0142a\u015bciwe tory. Takim krokiem by\u0142oby wskazanie przysz\u0142ego, po wygranych wyborach do Sejmu, nowego szefa rz\u0105du. Prezydentem pozostanie Andrzej Duda, a kto stanie na czele rz\u0105du?<\/p>\n<p>Z Grzegorzem Schetyn\u0105 na czele opozycja wybor\u00f3w nie wygra. Owszem, Schetyna ma historyczn\u0105 zas\u0142ug\u0119, \u017ce odbudowa\u0142 Platform\u0119 i doprowadzi\u0142 do powstania Koalicji Europejskiej. Ale co dalej? Opozycja znajduje si\u0119 na r\u00f3wni pochy\u0142ej, Zjednoczona Prawica jej ucieka \u2013 silna, zwarta i gotowa si\u0119ga po kolejne zwyci\u0119stwo, kt\u00f3re pogr\u0105\u017cy nasz kraj na lata.<\/p>\n<p>Odnowa jest konieczna. Proponuj\u0119 (nie ja pierwszy ani jedyny, kt\u00f3ry tak my\u015bli), \u017ceby opozycja wskaza\u0142a swojego kandydata na premiera. Na czele koalicji m\u00f3g\u0142by nadal sta\u0107 Grzegorz Schetyna (w pewnej symetrii do Jaros\u0142awa Kaczy\u0144skiego), ale potrzebna jest nowa twarz, nowy styl, nowy program, entuzjazm, nowa nadzieja. Tej Schetyna nie daje. Do\u015b\u0107 szanta\u017cu, \u017ce krytyka opozycji czy Grzegorza Schetyny to dzia\u0142anie na rzecz PiS. Wyplujmy ten knebel.<\/p>\n<p>W opozycji nie brak odpowiednich ludzi (pomijaj\u0105c ju\u017c fakt, \u017ce i poza opozycj\u0105 mo\u017cna szuka\u0107). Mam na my\u015bli takich ludzi jak dr Adam Bodnar, znakomity i zaprawiony w bojach RPO. Dr Rafa\u0142 Trzaskowski (47 lat), prezydent Warszawy. Co prawda zarzeka\u0142 si\u0119, na pewno szczerze, \u017ce w \u017cadnym wypadku, ale je\u017celi ojczyzna powo\u0142a?<\/p>\n<p>Jacek Karnowski (55 lat), od ponad 20 lat prezydent Sopotu, najlepszej gminy w Polsce. El\u017cbieta \u0141ukacijewska z Cisnej, pos\u0142anka od trzech kadencji, bohaterka wybor\u00f3w do Parlamentu Europejskiego. Dr Krzysztof Brejza (36 lat) &#8211; wybijaj\u0105cy si\u0119 pose\u0142 i polityk Platformy. Wadim Tyszkiewicz, wieloletni burmistrz Nowej Soli, dzia\u0142acz samorz\u0105dowy ciesz\u0105cy si\u0119 nies\u0142abn\u0105cym uznaniem 70\u201380 proc. mieszka\u0144c\u00f3w. Dr Janusz Jankowiak (62 lata), ekonomista, publicysta, zwi\u0105zany z Polsk\u0105 Rad\u0105 Biznesu i na sw\u00f3j spos\u00f3b z Platform\u0105. Poza tym liczne grono prawnik\u00f3w, kt\u00f3rzy stan\u0119li w obronie praworz\u0105dno\u015bci.<\/p>\n<p>Opozycja powinna si\u0119 przegrupowa\u0107 i postawi\u0107 na przysz\u0142ego premiera. Inaczej nie wygra.<\/p>\n","protected":false},"excerpt":{"rendered":"<p>Ojczyzna w niebezpiecze\u0144stwie \u2013 wo\u0142aj\u0105 cz\u0142onkowie i sympatycy opozycji.<\/p>\n","protected":false},"author":4,"featured_media":5461,"comment_status":"open","ping_status":"closed","sticky":false,"template":"","format":"standard","meta":{"footnotes":""},"categories":[1],"tags":[],"_links":{"self":[{"href":"https:\/\/blog.polityka.pl\/passent\/wp-json\/wp\/v2\/posts\/5456"}],"collection":[{"href":"https:\/\/blog.polityka.pl\/passent\/wp-json\/wp\/v2\/posts"}],"about":[{"href":"https:\/\/blog.polityka.pl\/passent\/wp-json\/wp\/v2\/types\/post"}],"author":[{"embeddable":true,"href":"https:\/\/blog.polityka.pl\/passent\/wp-json\/wp\/v2\/users\/4"}],"replies":[{"embeddable":true,"href":"https:\/\/blog.polityka.pl\/passent\/wp-json\/wp\/v2\/comments?post=5456"}],"version-history":[{"count":4,"href":"https:\/\/blog.polityka.pl\/passent\/wp-json\/wp\/v2\/posts\/5456\/revisions"}],"predecessor-version":[{"id":5460,"href":"https:\/\/blog.polityka.pl\/passent\/wp-json\/wp\/v2\/posts\/5456\/revisions\/5460"}],"wp:featuredmedia":[{"embeddable":true,"href":"https:\/\/blog.polityka.pl\/passent\/wp-json\/wp\/v2\/media\/5461"}],"wp:attachment":[{"href":"https:\/\/blog.polityka.pl\/passent\/wp-json\/wp\/v2\/media?parent=5456"}],"wp:term":[{"taxonomy":"category","embeddable":true,"href":"https:\/\/blog.polityka.pl\/passent\/wp-json\/wp\/v2\/categories?post=5456"},{"taxonomy":"post_tag","embeddable":true,"href":"https:\/\/blog.polityka.pl\/passent\/wp-json\/wp\/v2\/tags?post=5456"}],"curies":[{"name":"wp","href":"https:\/\/api.w.org\/{rel}","templated":true}]}}