
{"id":5463,"date":"2019-06-29T23:40:23","date_gmt":"2019-06-29T21:40:23","guid":{"rendered":"https:\/\/passent.blog.polityka.pl\/?p=5463"},"modified":"2019-06-30T05:35:42","modified_gmt":"2019-06-30T03:35:42","slug":"wyrywanie-mediom-klow","status":"publish","type":"post","link":"https:\/\/blog.polityka.pl\/passent\/2019\/06\/29\/wyrywanie-mediom-klow\/","title":{"rendered":"Wyrywanie mediom k\u0142\u00f3w"},"content":{"rendered":"<p>O tym, \u017ce PiS nie cierpi medi\u00f3w niezale\u017cnych, wiadomo nie od dzi\u015b. Prezes Kaczy\u0144ski nie udziela \u201ewrogim\u201d mediom wywiad\u00f3w. Sp\u00f3\u0142ki skarbu pa\u0144stwa i inne instytucje pa\u0144stwowe nie zamieszczaj\u0105 w nich reklam ani og\u0142osze\u0144, \u017ceby \u201ewrogie\u201d media zdech\u0142y z g\u0142odu.<br \/>\n<!--more--><br \/>\nKolejnym krokiem ma by\u0107 tzw. repolonizacja medi\u00f3w, zapowiadana przez Jaros\u0142awa Gowina na po zwyci\u0119skich wyborach. Dla Gowina jest jasne, \u017ce Polak patriota, w\u0142a\u015bciciel medium we Francji, w razie konfliktu obu kraj\u00f3w we\u017amie stron\u0119 Polski.<\/p>\n<p>\u201eJest to ob\u0142\u0119dna hipoteza zak\u0142adaj\u0105ca, \u017ce obecnie pracuj\u0105cy w mediach o zagranicznym kapitale polscy dziennikarze nie s\u0105 do ko\u0144ca Polakami\u201d \u2013 m\u00f3wi znany medioznawca, prof. W. Godzic w rozmowie z J. Nizinkiewiczem (\u201eRz.\u201d). \u201eEksperymenty my\u015blowe min. Gowina s\u0105 niebezpieczne \u2013 m\u00f3wi dalej Godzic. Wkr\u00f3tce dojdziemy do tego, \u017ce nauczyciel w Polsce b\u0119dzie nie tylko musia\u0142 by\u0107 Polakiem, ale r\u00f3wnie\u017c patriot\u0105 polskim, kt\u00f3rego ramy wyznacza w\u0142adza\u201d.<\/p>\n<p>Tymczasem Godzic nie wymaga od dziennikarzy, \u017ceby byli patriotami, ale \u017ceby dobrze robili swoje \u2013 informowali, patrzyli na r\u0119ce, krytykowali. Na wspomnienie, \u017ce Jacek Sasin m\u00f3wi\u0142, i\u017c TVN mog\u0142oby si\u0119 uczy\u0107 obiektywizmu od TVP, Godzic si\u0119 po prostu \u015bmieje.<\/p>\n<p>TVN jest wa\u017cnym bastionem wolno\u015bci i pluralizmu medi\u00f3w w Polsce i nale\u017cy do korporacji ameryka\u0144skiej Discovery. Nie wiadomo, jak by w przypadku repolonizacji (ograniczenia przep\u0142ywu kapita\u0142\u00f3w) zareagowa\u0142 Donald Trump, kt\u00f3ry ostatnio powiedzia\u0142, i\u017c w Polsce nie ma problem\u00f3w z demokracj\u0105 (cho\u0107 jeszcze rok\u2013dwa lata temu rzecznik USA radzi\u0142, by rz\u0105d polski trzyma\u0142 si\u0119 z dala od medi\u00f3w prywatnych).<\/p>\n<p>\u201eW\u0142a\u015bcicielem TVN \u2013 m\u00f3wi Godzic \u2013 jest ameryka\u0144ski koncern zajmuj\u0105cy si\u0119 na \u015bwiecie nie newsami i polityk\u0105, ale g\u0142\u00f3wnie segmentem <em>life<\/em> oraz <em>home and gardening<\/em>. Mo\u017ce si\u0119 okaza\u0107, \u017ce Amerykanie dojd\u0105 do wniosku, i\u017c nie czas i miejsce, by anga\u017cowa\u0107 si\u0119 w polskie sprawy, i b\u0119d\u0105 dbali o to, by cz\u0119\u015b\u0107 rozrywkowa i ogrodnicza rozwija\u0142a si\u0119 w polskich mediach prywatnych. Chc\u0105c wci\u0105\u017c robi\u0107 w Polsce interesy w segmencie TV, b\u0119d\u0105 musieli przerzuci\u0107 si\u0119 z informacji i polityki na rozrywk\u0119 i lifestyle\u201d \u2013 m\u00f3wi prof. Godzic.<\/p>\n<p>Trudno taki scenariusz wykluczy\u0107. By\u0142oby to bardzo smutne. Nie nale\u017cy jednak zapomina\u0107, \u017ce Polska i Stany Zjednoczone s\u0105 sygnatariuszami wielu um\u00f3w i traktat\u00f3w mi\u0119dzynarodowych, wolno\u015b\u0107 gospodarcza jest  jednym z filar\u00f3w demokracji, a republikanie i PiS nie b\u0119d\u0105 rz\u0105dzi\u0107 wiecznie.<\/p>\n<p>Demokraci w Stanach i demokraci w Polsce na pewno nie b\u0119d\u0105 mordowa\u0107 wolnych medi\u00f3w. Tak\u017ce Niemcy, Szwajcaria i inne kraje zainteresowane rynkiem medi\u00f3w w Polsce nie pozosta\u0142yby oboj\u0119tne. We wszystkich tych krajach Polska ma swoje interesy, kt\u00f3rych nie b\u0119dzie chcia\u0142a wystawia\u0107 na szwank. Warto jednak pami\u0119ta\u0107, \u017ce czarny scenariusz istnieje.<\/p>\n<p><em>Zaproszenie<\/em><br \/>\nDr Katarzyna Pe\u0142czy\u0144ska-Na\u0142\u0119cz (by\u0142a ambasador RP w Rosji), Eliza Olczyk (&#8222;Wprost&#8221;) i Adam Krzemi\u0144ski (&#8222;Polityka&#8221;, \u201enaczelny germanista kraju\u201d) b\u0119d\u0105 naszymi go\u015b\u0107mi w Radiu TOK FM &#8211; niedziela 30 czerwca o godz. 10:05.<\/p>\n","protected":false},"excerpt":{"rendered":"<p>Kolejnym krokiem ma by\u0107 tzw. repolonizacja medi\u00f3w.<\/p>\n","protected":false},"author":4,"featured_media":4514,"comment_status":"open","ping_status":"closed","sticky":false,"template":"","format":"standard","meta":{"footnotes":""},"categories":[1],"tags":[],"_links":{"self":[{"href":"https:\/\/blog.polityka.pl\/passent\/wp-json\/wp\/v2\/posts\/5463"}],"collection":[{"href":"https:\/\/blog.polityka.pl\/passent\/wp-json\/wp\/v2\/posts"}],"about":[{"href":"https:\/\/blog.polityka.pl\/passent\/wp-json\/wp\/v2\/types\/post"}],"author":[{"embeddable":true,"href":"https:\/\/blog.polityka.pl\/passent\/wp-json\/wp\/v2\/users\/4"}],"replies":[{"embeddable":true,"href":"https:\/\/blog.polityka.pl\/passent\/wp-json\/wp\/v2\/comments?post=5463"}],"version-history":[{"count":3,"href":"https:\/\/blog.polityka.pl\/passent\/wp-json\/wp\/v2\/posts\/5463\/revisions"}],"predecessor-version":[{"id":5467,"href":"https:\/\/blog.polityka.pl\/passent\/wp-json\/wp\/v2\/posts\/5463\/revisions\/5467"}],"wp:featuredmedia":[{"embeddable":true,"href":"https:\/\/blog.polityka.pl\/passent\/wp-json\/wp\/v2\/media\/4514"}],"wp:attachment":[{"href":"https:\/\/blog.polityka.pl\/passent\/wp-json\/wp\/v2\/media?parent=5463"}],"wp:term":[{"taxonomy":"category","embeddable":true,"href":"https:\/\/blog.polityka.pl\/passent\/wp-json\/wp\/v2\/categories?post=5463"},{"taxonomy":"post_tag","embeddable":true,"href":"https:\/\/blog.polityka.pl\/passent\/wp-json\/wp\/v2\/tags?post=5463"}],"curies":[{"name":"wp","href":"https:\/\/api.w.org\/{rel}","templated":true}]}}