
{"id":547,"date":"2009-03-01T18:44:28","date_gmt":"2009-03-01T17:44:28","guid":{"rendered":"http:\/\/passent.blog.polityka.pl\/?p=547"},"modified":"2009-03-01T18:44:28","modified_gmt":"2009-03-01T17:44:28","slug":"tajemnice-kremla","status":"publish","type":"post","link":"https:\/\/blog.polityka.pl\/passent\/2009\/03\/01\/tajemnice-kremla\/","title":{"rendered":"Tajemnice Kremla"},"content":{"rendered":"<p>Nie wiem jak Pa\u0144stwo, ale ja nie bardzo rozumiem kremlinolog\u00f3w i media. Jeszcze dwa lata temu twierdzili, \u017ce Putin nie odda w\u0142adzy, zmieni konstytucj\u0119 \u201epod siebie\u201d etc. Kiedy w Rosji zapowiedziano wybory \u2013 media twierdzi\u0142y, \u017ce b\u0119d\u0105 sfa\u0142szowane. Kiedy Putin wysun\u0105\u0142 kandydatur\u0119 Miedwiediewa, m\u00f3wiono, \u017ce b\u0119dzie on figurantem i marionetk\u0105 na przeczekanie jednej kadencji, zanim Putin nie wr\u00f3ci do w\u0142adzy.<\/p>\n<p>I oto kilka dni temu w mediach pojawi\u0142 si\u0119 nowy, odwrotny komunikat: \u201eOdsuwanie Putina\u201d. W \u201eGazecie\u201d czytamy, \u017ce odby\u0142a si\u0119 demonstracja przeciwko Putinowi i nikt jej nie rozp\u0119dzi\u0142, rz\u0105d Putina jest krytykowany za nieskuteczn\u0105 walk\u0119 z kryzysem, Miedwiediew publicznie gani\u0142 ekip\u0119 Putina, z gruntown\u0105 krytyk\u0105 programu Putina wyst\u0105pili eksperci Instytutu Rozwoju Wsp\u00f3\u0142czesnego pod patronatem Miedwiediewa, prezydent staje si\u0119 pierwsz\u0105 postaci\u0105 w mediach, \u201eopozycyjna prasa\u201d (nie wiedzia\u0142em, \u017ce taka istnieje) \u201ewidzi w tym wszystkim oznaki narastaj\u0105cego konfliktu w monolitycznym do tej porze tandemie rz\u0105dz\u0105cym Rosj\u0105\u201d. Wa\u017cny ekspert Fiodorow przewiduje, \u017ce Putin w ci\u0105gu roku przestanie by\u0107 szefem rz\u0105du.<\/p>\n<p>Nic z tego nie rozumiem. Czy to, co m\u00f3wiono o Rosji wczoraj \u2013 dzi\u015b jest ju\u017c nieaktualne? A obecni znawcy i eksperci rozumiej\u0105 z Rosji tyle, co kremlinolodzy dwadzie\u015bcia lat temu, kt\u00f3rych upadek \u201ezwi\u0105zunia\u201d ca\u0142kowicie zaskoczy\u0142. Nigdy nie s\u0142ysza\u0142em, \u017ceby z\u0142o\u017cyli samokrytyk\u0119.<\/p>\n<p>Bardzo prosz\u0119 o opinie Szanownego Blogowiska, a sam udaj\u0119 si\u0119 na urlop. Dyskutujcie, czujcie si\u0119 jak u siebie w domu i do zobaczenia za dwa tygodnie!<\/p>\n","protected":false},"excerpt":{"rendered":"<p>Nie wiem jak Pa\u0144stwo, ale ja nie bardzo rozumiem kremlinolog\u00f3w i media. Jeszcze dwa lata temu twierdzili, \u017ce Putin nie odda w\u0142adzy, zmieni konstytucj\u0119 \u201epod siebie\u201d etc. Kiedy w Rosji zapowiedziano wybory \u2013 media twierdzi\u0142y, \u017ce b\u0119d\u0105 sfa\u0142szowane. Kiedy Putin wysun\u0105\u0142 kandydatur\u0119 Miedwiediewa, m\u00f3wiono, \u017ce b\u0119dzie on figurantem i marionetk\u0105 na przeczekanie jednej kadencji, zanim [&hellip;]<\/p>\n","protected":false},"author":4,"featured_media":0,"comment_status":"open","ping_status":"open","sticky":false,"template":"","format":"standard","meta":{"footnotes":""},"categories":[1],"tags":[],"_links":{"self":[{"href":"https:\/\/blog.polityka.pl\/passent\/wp-json\/wp\/v2\/posts\/547"}],"collection":[{"href":"https:\/\/blog.polityka.pl\/passent\/wp-json\/wp\/v2\/posts"}],"about":[{"href":"https:\/\/blog.polityka.pl\/passent\/wp-json\/wp\/v2\/types\/post"}],"author":[{"embeddable":true,"href":"https:\/\/blog.polityka.pl\/passent\/wp-json\/wp\/v2\/users\/4"}],"replies":[{"embeddable":true,"href":"https:\/\/blog.polityka.pl\/passent\/wp-json\/wp\/v2\/comments?post=547"}],"version-history":[{"count":0,"href":"https:\/\/blog.polityka.pl\/passent\/wp-json\/wp\/v2\/posts\/547\/revisions"}],"wp:attachment":[{"href":"https:\/\/blog.polityka.pl\/passent\/wp-json\/wp\/v2\/media?parent=547"}],"wp:term":[{"taxonomy":"category","embeddable":true,"href":"https:\/\/blog.polityka.pl\/passent\/wp-json\/wp\/v2\/categories?post=547"},{"taxonomy":"post_tag","embeddable":true,"href":"https:\/\/blog.polityka.pl\/passent\/wp-json\/wp\/v2\/tags?post=547"}],"curies":[{"name":"wp","href":"https:\/\/api.w.org\/{rel}","templated":true}]}}