
{"id":5473,"date":"2019-07-03T23:13:34","date_gmt":"2019-07-03T21:13:34","guid":{"rendered":"https:\/\/passent.blog.polityka.pl\/?p=5473"},"modified":"2019-07-04T11:16:19","modified_gmt":"2019-07-04T09:16:19","slug":"sukces-polski-niemka-czele-unii","status":"publish","type":"post","link":"https:\/\/blog.polityka.pl\/passent\/2019\/07\/03\/sukces-polski-niemka-czele-unii\/","title":{"rendered":"Sukces Polski:  Niemka na czele Unii"},"content":{"rendered":"<p>Ten Szczyt Unii Europejskiej by\u0142 chyba najgorszy dla naszego kraju od lat. Delegacja z premierem Morawieckim wr\u00f3ci\u0142a tylko z jednym trofeum: wsp\u00f3lnie z Grup\u0105 Wyszehradzk\u0105 i z cz\u0119\u015bci\u0105 deputowanych europejskiej prawicy, uda\u0142o si\u0119 utr\u0105ci\u0107 awans Fransa Timmermansa na przewodnicz\u0105cego Komisji Europejskiej. Holenderski socjalista i obro\u0144ca praworz\u0105dno\u015bci w Europie, pozostanie nadal na swoim stanowisku \u201ewice\u201d do spraw praworz\u0105dno\u015bci. Blokada jego kandydatury przez Polsk\u0119 i innych poskutkowa\u0142a obj\u0119ciem najwa\u017cniejszego stanowiska w Unii przez niemieck\u0105 minister obrony Ursul\u0119 van der Leyen. Politycy PiS, jak Mariusz B\u0142aszczak, prze\u015bcigaj\u0105 si\u0119 ju\u017c w zapewnieniach, \u017ce maj\u0105 z ni\u0105 dobre stosunki. To gdzie si\u0119 podzia\u0142 dziadek z Wehrmachtu i od kiedy zapomnieli\u015bmy, \u017ce Tusk by\u0142 \u201ekandydatem niemieckim\u201d? Od kiedy to ambasador polski w Berlinie przestaje si\u0119 uskar\u017ca\u0107 na wrogi stosunek Niemiec, zw\u0142aszcza ich medi\u00f3w, do Polski?<!--more--><\/p>\n<p>Je\u017celi wyb\u00f3r niemieckiej polityk, bliskiej kanclerz Merkel, zostanie zatwierdzony przez Parlament Europejski, to b\u0119dzie to sukces Niemiec i ca\u0142ej Unii. Ale niespecjalnie Polski, kt\u00f3ra jeszcze wczoraj skar\u017cy\u0142a si\u0119 na dominacj\u0119 Niemiec w Unii Europejskiej. No, to przyczynili\u015bmy si\u0119 do wzmocnienia pozycji Republiki Federalnej w Europie i na \u015bwiecie. Donald Trump, nasz najwi\u0119kszy sojusznik, nie b\u0119dzie z tego zadowolony. Wszak w czasie ostatnich pi\u0119ciu lat, kiedy ministrem obrony RFN jest pani van der Leyen, Niemcy s\u0105 traktowane przez Donalda Trumpa jako pa\u0144stwo niemal wrogie, kt\u00f3re przeznacza zdecydowanie za ma\u0142o na wydatki wojskowe.<\/p>\n<p>Kolejny sukces Polski: dominacja du\u017cych pa\u0144stw strefy Euro w Unii. Polska od lat uskar\u017ca si\u0119 na dominacj\u0119 du\u017cych kraj\u00f3w Unii. No, to mamy rezultat: rozdzielone na Szczycie najwa\u017cniejsze stanowiska przypad\u0142y najwi\u0119kszym ( z jednym wyj\u0105tkiem Belgii) pa\u0144stwom Unii: Francji, Niemcom, W\u0142ochom, Hiszpanii. Bior\u0105c udzia\u0142 w utr\u0105ceniu Timmermansa, kt\u00f3ry by\u0142 popierany przez Niemcy, Polska przyczyni\u0142a si\u0119 do umocnienia pozycji Francji w Unii. A Francja Macrona to zawzi\u0119ty krytyk \u201edobrej zmiany\u201d, adwokat Unii dw\u00f3ch pr\u0119dko\u015bci, kraj, z kt\u00f3rym nasze stosunki oficjalne s\u0105 o wiele ch\u0142odniejsze ni\u017c z Niemcami, a i te s\u0105 ch\u0142odne, bo Niemcy podobno staraj\u0105 si\u0119 przerzuci\u0107 na nas swoj\u0105 odpowiedzialno\u015b\u0107 za zbrodnie wojenne i pozostaj\u0105 g\u0142usi na wysi\u0142ki pos\u0142a Mularczyka w sprawie reparacji wojennych. Trudno uzna\u0107 za sukces, \u017ce wszystkie rozdane na Szczycie stanowiska przypad\u0142y w udziale krajom Euro, kt\u00f3re raczej nie b\u0119d\u0105 na nas czeka\u0107 z dalsz\u0105 integracj\u0105. Polska dostanie kilka mniej istotnych stanowisk, jak np. jeden z dwunastu foteli wiceprzewodnicz\u0105cych. Himalaje to nie s\u0105, a niecierpiany Donald Tusk na d\u0142ugo jeszcze pozostanie Polakiem, kt\u00f3ry zajmowa\u0142 najwy\u017csze stanowisko polityczne w Unii i na \u015bwiecie.<br \/>\nPremier Morawiecki usi\u0142uje zag\u0142uszy\u0107 wi\u0119cej ni\u017c skromne sukcesy gadanin\u0105 o wstawaniu z kolan, o kraju, kt\u00f3rego nie mo\u017cna odes\u0142a\u0107 do k\u0105ta, bez kt\u00f3rego nie mog\u0105 by\u0107 podejmowane wa\u017cne decyzje itp. Tkwi w tym racjonalne j\u0105dro, ale \u017ceby wzmocni\u0107 swoj\u0105 pozycj\u0119 nie wystarczy tylko opowiada\u0107 o rzekomych sukcesach. Trzeba je faktycznie odnosi\u0107.<\/p>\n<p>ZAPROSZENIE<br \/>\nDoborowe grono! Prof. Monika P\u0142atek (karnistka i dzia\u0142aczka spo\u0142eczna, UW), ambasador Jan Truszczy\u0144ski (g\u0142\u00f3wny negocjator Polski przy akcesji do Unii Europejskiej, a p\u00f3\u017aniej jej wysoki urz\u0119dnik) i redaktor Andrzej Stankiewicz (Onet), jeden z najlepiej poinformowanych publicyst\u00f3w, b\u0119d\u0105 naszymi go\u015b\u0107mi w Radiu TOK FM, niedziela, 7 lipca, godz. 10.05. Gor\u0105co zapraszam.<\/p>\n","protected":false},"excerpt":{"rendered":"<p>Je\u017celi wyb\u00f3r niemieckiej polityk, bliskiej kanclerz Merkel, zostanie zatwierdzony przez Parlament Europejski, to b\u0119dzie to sukces Niemiec i ca\u0142ej Unii. <\/p>\n","protected":false},"author":4,"featured_media":5478,"comment_status":"open","ping_status":"closed","sticky":false,"template":"","format":"standard","meta":{"footnotes":""},"categories":[1],"tags":[],"_links":{"self":[{"href":"https:\/\/blog.polityka.pl\/passent\/wp-json\/wp\/v2\/posts\/5473"}],"collection":[{"href":"https:\/\/blog.polityka.pl\/passent\/wp-json\/wp\/v2\/posts"}],"about":[{"href":"https:\/\/blog.polityka.pl\/passent\/wp-json\/wp\/v2\/types\/post"}],"author":[{"embeddable":true,"href":"https:\/\/blog.polityka.pl\/passent\/wp-json\/wp\/v2\/users\/4"}],"replies":[{"embeddable":true,"href":"https:\/\/blog.polityka.pl\/passent\/wp-json\/wp\/v2\/comments?post=5473"}],"version-history":[{"count":4,"href":"https:\/\/blog.polityka.pl\/passent\/wp-json\/wp\/v2\/posts\/5473\/revisions"}],"predecessor-version":[{"id":5477,"href":"https:\/\/blog.polityka.pl\/passent\/wp-json\/wp\/v2\/posts\/5473\/revisions\/5477"}],"wp:featuredmedia":[{"embeddable":true,"href":"https:\/\/blog.polityka.pl\/passent\/wp-json\/wp\/v2\/media\/5478"}],"wp:attachment":[{"href":"https:\/\/blog.polityka.pl\/passent\/wp-json\/wp\/v2\/media?parent=5473"}],"wp:term":[{"taxonomy":"category","embeddable":true,"href":"https:\/\/blog.polityka.pl\/passent\/wp-json\/wp\/v2\/categories?post=5473"},{"taxonomy":"post_tag","embeddable":true,"href":"https:\/\/blog.polityka.pl\/passent\/wp-json\/wp\/v2\/tags?post=5473"}],"curies":[{"name":"wp","href":"https:\/\/api.w.org\/{rel}","templated":true}]}}