
{"id":548,"date":"2009-03-10T22:21:51","date_gmt":"2009-03-10T21:21:51","guid":{"rendered":"http:\/\/passent.blog.polityka.pl\/?p=548"},"modified":"2009-03-10T22:21:51","modified_gmt":"2009-03-10T21:21:51","slug":"miss-blogu","status":"publish","type":"post","link":"https:\/\/blog.polityka.pl\/passent\/2009\/03\/10\/miss-blogu\/","title":{"rendered":"Miss Blogu"},"content":{"rendered":"<p>Tadeusz Konwicki w jednej ze swych powie\u015bci (&#8222;Czytad\u0142o&#8221;) zaproponowa\u0142, \u017ceby Polsk\u0119 przykry\u0107 kloszem, niczym wielki stadion, i sprzedawa\u0107 bilety dla publiczno\u015bci, kt\u00f3ra b\u0119dzie ogl\u0105da\u0107 nasz dziwny kraj. Tak si\u0119 w\u0142a\u015bnie dzi\u015b czuj\u0119 &#8211; bardziej jak widz ni\u017c jak uczestnik.<\/p>\n<p>&#8222;Na dzie\u0144 dzisiejszy&#8221;, czyli &#8222;aktualnie&#8221; przebywam na nartach (emeryt to ma klawe \u017cycie). Zjecha\u0142em tylko do internetu i co ja widz\u0119?<\/p>\n<p><strong>W\u0141ODZIMIERZ CIMOSZEWICZ<\/strong> otrzyma\u0142 od premiera Tuska propozycj\u0119 kandydowania na przewodnicz\u0105cego Rady Europy &#8211; stanowisko marginalne, ale presti\u017cowe. Tusk chce w ten spos\u00f3b rozbroi\u0107 Cimoszewicza, wobec kt\u00f3rego ma nieczyste sumienie. Brochwicz, Jarucka, K. Miodowicz &#8211; ludzie Tuska &#8211; przy pomocy prowokacji utr\u0105cili Cimoszewicza w wyborach prezydenckich. Ale Tusk kieruje si\u0119 nie tylko sumieniem. Chce zyska\u0107 przychylno\u015b\u0107 zwolennik\u00f3w Cimoszewicza w wyborach prezydenckich 2010 r. Czy Cimoszewicz powinien da\u0107 si\u0119 skorumpowa\u0107 i przyj\u0105\u0107 propozycj\u0119? Moim zdaniem &#8211; tak. Nie jest on w stanie zjednoczy\u0107 wok\u00f3\u0142 siebie sk\u0142\u00f3conej lewicy, nie jest te\u017c w stanie rozliczy\u0107 Tuska z wyborczego faulu, pozostaje wi\u0119c wyb\u00f3r: Bia\u0142owie\u017ca czy Europa? Moim zdaniem, bardziej przyda si\u0119 w Europie ni\u017c w Bia\u0142owie\u017cy.<\/p>\n<p><strong>DONALD TUSK<\/strong> strzeli\u0142 sobie gola samob\u00f3jczego, czyli gra\u0142 w pi\u0142k\u0119 zamiast by\u0107 w Sejmie i bra\u0107 udzia\u0142 w g\u0142osowaniu. Zap\u0142aci symboliczn\u0105 kar\u0119 &#8211; tym r\u00f3\u017cni si\u0119 od wagarowicz\u00f3w z PiS. Ale to ma\u0142o. G\u0142\u00f3wna kara to umocnienie g\u0119by beztroskiego lenia, kt\u00f3r\u0105 usi\u0142uje mu przyprawi\u0107 opozycja. Faktycznie jest to gafa, kt\u00f3ra \u015bwiadczy o niefrasobliwo\u015bci premiera lub stra\u017cnika jego kalendarza. Mniej mnie jednak ona przera\u017ca ni\u017c demonstracyjna nieobecno\u015b\u0107 braci K. na debacie kryzysowej w Sejmie. Wola\u0142bym jednak premiera, kt\u00f3ry pilnuje swojej bramki.<\/p>\n<p><strong>KAZIMIERA SZCZUKA<\/strong> zosta\u0142a przez jednego z naszych blogowicz\u00f3w (chyba z okazji 8 marca) uznana za wz\u00f3r wszelki cn\u00f3t. Podpisuj\u0119 si\u0119 obiema r\u0119kami (&#8222;tymi r\u0119cami&#8221;). Krytyk literacki ze szko\u0142y profesor Marii Janion, wykszta\u0142cona, &#8222;czytata i pisata&#8221;, niezale\u017cna, odwa\u017cna (nie boi si\u0119 w telewizji spiera\u0107 z lud\u017ami, kt\u00f3rych kto inny omija\u0142by szerokim \u0142ukiem), feministka, ale w granicach zdrowego rozs\u0105dku, obdarzona \u015bwietnym poczuciem humoru, utalentowana parodystka, w dodatku bardzo medialna. To jest prawdziwa Miss Polonia.<\/p>\n<p><strong>MAGRUD<\/strong> &#8211; jedna z najbardziej aktywnych i cennych autorek na naszym blogu, ujawni\u0142a swoj\u0105 to\u017csamo\u015b\u0107, a tak\u017ce doczeka\u0142a si\u0119 zas\u0142u\u017conych s\u0142\u00f3w uznania. Mo\u017ce zostanie Miss Blogu? Gospodarz nie jest od tego, \u017ceby chwali\u0107 lub gani\u0107, ale mo\u017ce si\u0119 cieszy\u0107, \u017ce na tym blogu przewa\u017ca ton \u017cyczliwy, wi\u0119cej jest autentycznej dyskusji ni\u017c wyzwisk i obelg. Przeczyta\u0142em 300 wpisow pod poprzednim postem (&#8222;<a href=\"http:\/\/passent.blog.polityka.pl\/?p=547\" target=\"_blank\"><strong>Tajemnice Kremla<\/strong><\/a>&#8222;) i szczerze je podziwiam. Okazuje si\u0119, \u017ce nie ca\u0142y intenet to &#8222;chambeaux&#8221;.<\/p>\n","protected":false},"excerpt":{"rendered":"<p>Tadeusz Konwicki w jednej ze swych powie\u015bci (&#8222;Czytad\u0142o&#8221;) zaproponowa\u0142, \u017ceby Polsk\u0119 przykry\u0107 kloszem, niczym wielki stadion, i sprzedawa\u0107 bilety dla publiczno\u015bci, kt\u00f3ra b\u0119dzie ogl\u0105da\u0107 nasz dziwny kraj. Tak si\u0119 w\u0142a\u015bnie dzi\u015b czuj\u0119 &#8211; bardziej jak widz ni\u017c jak uczestnik. &#8222;Na dzie\u0144 dzisiejszy&#8221;, czyli &#8222;aktualnie&#8221; przebywam na nartach (emeryt to ma klawe \u017cycie). Zjecha\u0142em tylko do [&hellip;]<\/p>\n","protected":false},"author":4,"featured_media":0,"comment_status":"open","ping_status":"open","sticky":false,"template":"","format":"standard","meta":{"footnotes":""},"categories":[1],"tags":[],"_links":{"self":[{"href":"https:\/\/blog.polityka.pl\/passent\/wp-json\/wp\/v2\/posts\/548"}],"collection":[{"href":"https:\/\/blog.polityka.pl\/passent\/wp-json\/wp\/v2\/posts"}],"about":[{"href":"https:\/\/blog.polityka.pl\/passent\/wp-json\/wp\/v2\/types\/post"}],"author":[{"embeddable":true,"href":"https:\/\/blog.polityka.pl\/passent\/wp-json\/wp\/v2\/users\/4"}],"replies":[{"embeddable":true,"href":"https:\/\/blog.polityka.pl\/passent\/wp-json\/wp\/v2\/comments?post=548"}],"version-history":[{"count":0,"href":"https:\/\/blog.polityka.pl\/passent\/wp-json\/wp\/v2\/posts\/548\/revisions"}],"wp:attachment":[{"href":"https:\/\/blog.polityka.pl\/passent\/wp-json\/wp\/v2\/media?parent=548"}],"wp:term":[{"taxonomy":"category","embeddable":true,"href":"https:\/\/blog.polityka.pl\/passent\/wp-json\/wp\/v2\/categories?post=548"},{"taxonomy":"post_tag","embeddable":true,"href":"https:\/\/blog.polityka.pl\/passent\/wp-json\/wp\/v2\/tags?post=548"}],"curies":[{"name":"wp","href":"https:\/\/api.w.org\/{rel}","templated":true}]}}