
{"id":549,"date":"2009-03-16T00:11:17","date_gmt":"2009-03-15T23:11:17","guid":{"rendered":"http:\/\/passent.blog.polityka.pl\/?p=549"},"modified":"2009-03-16T00:27:01","modified_gmt":"2009-03-15T23:27:01","slug":"agonia-lewicy-2","status":"publish","type":"post","link":"https:\/\/blog.polityka.pl\/passent\/2009\/03\/16\/agonia-lewicy-2\/","title":{"rendered":"Agonia lewicy"},"content":{"rendered":"<p>Kiedy Donald Tusk z\u0142o\u017cy\u0142 W\u0142odzimierzowi Cimoszewiczowi \u201epropozycj\u0119 nie do odrzucenia\u201d (\u017ceby kandydowa\u0142 na stanowisko przewodnicz\u0105cego Rady Europy), <a href=\"http:\/\/passent.blog.polityka.pl\/?p=548\">napisa\u0142em, \u017ce Cimoszewicz powinien t\u0119 propozycj\u0119 przyj\u0105\u0107<\/a>, poniewa\u017c lewicy nie zjednoczy, a w Bia\u0142owie\u017cy zginie. Ale co jest dobre dla Cimoszewicza, nie musi by\u0107 dobre dla lewicy.\u00a0 Teraz, kiedy propozycj\u0119 przyj\u0105\u0142, nasuwaj\u0105 si\u0119 dwa pytania \u2013 co ten krok oznacza dla lewicy i dla niego samego?<\/p>\n<p>Dla lewicy jest to oznaka jej upadku. To znaczy ni mniej ni wi\u0119cej, tylko, \u017ce jeden z jej by\u0142ych lider\u00f3w i kandydat na prezydenta, mo\u017ce si\u0119 z lewic\u0105 w og\u00f3le nie liczy\u0107, \u017ce odwr\u00f3cenie si\u0119 od lewicy nic, albo prawie nic nie kosztuje. Lewicy nie trzeba si\u0119 ba\u0107. Mo\u017cna si\u0119 do niej odwr\u00f3ci\u0107 ty\u0142em. Ona sama si\u0119 boi. (\u201eNie b\u00f3j si\u0119, ja sam w strachu\u201d \u2013 m\u00f3wi\u0142o si\u0119 kiedy\u015b). Lewica jako ruch spo\u0142eczno-polityczny w Polsce dzi\u015b nie istnieje. S\u0105 jeszcze ludzie o pogl\u0105dach lewicowych (mniejsza o dok\u0142adn\u0105 definicj\u0119 tych pogl\u0105d\u00f3w), podobno jest ich nawet du\u017co (20 proc. ?), ale s\u0105 niezorganizowani, bierni, anonimowi, wyp\u0142ukani z aparatu w\u0142adzy, ze s\u0142u\u017cb i z dyplomacji, wypychani z medi\u00f3w, marginalizowani w debacie publicznej, boj\u0105 si\u0119 pisn\u0105\u0107, co my\u015bl\u0105. Korzysta z tego Tusk i Platforma, kt\u00f3rzy stosuj\u0105 wobec lewicy taktyk\u0119 salami: najpierw Danuta Huebner, kt\u00f3ra jest komisarzem Unii z nadania rz\u0105du centro-lewicowego, teraz W\u0142odzimierz Cimoszewicz nie kr\u0119puje si\u0119 przyj\u0105\u0107\u00a0 propozycji Tuska i ewentualnie wyl\u0105dowa\u0107 w mi\u0119dzynarod\u00f3wce chadecji. Tego samego Tuska, kt\u00f3ry na pytanie \u201eJaka jest Polsce potrzebna lewica?\u201d, odpowiada: \u201eS\u0142aba\u201d. Trzeba sobie powiedzie\u0107 jasno: Huebner i Cimoszewicz wyskakuj\u0105 z okr\u0119tu lewicy, poniewa\u017c ten okr\u0119t tonie. Tusk idzie \u015bladami Sarkozy\u2019ego, kt\u00f3ry tak\u017ce skubie lewic\u0119, powierzaj\u0105c jej cz\u0142owiekowi nawet stanowisko Ministra Spraw Zagranicznych.<\/p>\n<p>By\u0107 mo\u017ce\u00a0 w\u00a0 wyborach do Parlamentu Europejskiego lewica nie wypadnie najgorzej, poniewa\u017c frekwencja b\u0119dzie niewysoka (a to sprzyja wyborcom zdecydowanym ideologicznie na lewic\u0119 lub prawic\u0119, podczas gdy centrum zostanie w domu), a niekt\u00f3rzy kandydaci s\u0105 mocni (m.in. J\u00f3zef Pinior, Dariusz Rosati, Magdalena \u015aroda). Ale wzgl\u0119dnie dobry wynik solist\u00f3w lewicy w wyborach do PE nie zostanie powt\u00f3rzony w wyborach do Sejmu i do Senatu, kiedy wyborca centrolewicowy b\u0119dzie sta\u0142 wobec dylematu: powstrzyma\u0107 PiS i g\u0142osowa\u0107 na Platform\u0119, czy zmarnowa\u0107 sw\u00f3j g\u0142os i odda\u0107 go na lewic\u0119?<\/p>\n<p>\u017beby lewica si\u0119 odrodzi\u0142a, musi przej\u015b\u0107 drog\u0119 podobn\u0105 do tej, jak\u0105 przesz\u0142a prawica. Nieobecna w Sejmie, musi by\u0107 obecna w\u015br\u00f3d ludzi \u2013 zaczyna\u0107 od Internetu, gazetek, spotka\u0144, dyskusji, uczni\u00f3w i student\u00f3w. Teraz na przyk\u0142ad podnosi si\u0119 na prawicy (\u201eRz\u201d) larum, \u017ce Platforma i SLD przejmuj\u0105 media. Prawica potrafi urz\u0105dza\u0107 demonstracje w obronie swoich ludzi (pp. Wildsteina, Skowro\u0144skiego) w mediach. Ale jak naprawd\u0119 przejmowa\u0107 media i si\u0119 nie krepowa\u0107, pokaza\u0142 Jaros\u0142aw Kaczy\u0144ski, a przedtem ojciec chrzestny pampers\u00f3w Wies\u0142aw Walendziak. W rozmowie z innym by\u0142ym pampersem, Cezarym Michalskim (wczorajszy \u201eDziennik\u201d), Walendziak wspomina swoje osi\u0105gni\u0119cia. Kiedy zosta\u0142 dyrektorem generalnym Polsatu, szybko przygarn\u0105\u0142 takich ludzi jak Bogus\u0142aw Chrabota, Adam Paw\u0142owicz, Jaros\u0142aw Sellin, Andrzej Papie\u017c (i inni dzia\u0142acze Ligi Republika\u0144skiej). \u201eW Polsacie zatrudni\u0142em nawet \u017con\u0119 Mariusza Kami\u0144skiego. Pracowa\u0142a razem z lud\u017ami, kt\u00f3rzy po pracy chodzili na demonstracje przeciwko komunistom i postkomunistycznym oligarchom\u201d. I dalej: \u201eDzi\u0119ki pracy w kierowanych\u00a0 przez nas instytucjach ludzie przygotowuj\u0105 si\u0119 do r\u00f3\u017cnych wa\u017cnych r\u00f3l spo\u0142ecznych i pa\u0144stwowych. (\u2026) Kiedy by\u0142em prezesem TVP SA, szefem biura kontroli zosta\u0142 W. Marczewski, kt\u00f3ry b\u0119dzie potem szefem ABW, a nast\u0119pnie szefem S\u0142u\u017cby Wywiadu Wojskowego. Jego z-c\u0105 by\u0142 M. Chodkiewicz, kt\u00f3ry potem zostanie m.in. z-c\u0105 szefa S\u0142u\u017cby Wywiadu Wojskowego. A jednym z funkcyjnych w tym biurze by\u0142 Mariusz Kami\u0144ski, dzisiaj szef CBA. (\u2026) popatrzmy na czo\u0142\u00f3wk\u0119 dziennikarsk\u0105 TVN, Polsatu, \u201eRz.\u201d, \u201ePolski\u201d, \u201eDziennika\u201d \u2013 to ca\u0142e armie kogo?\u201d<\/p>\n<p>Lewica ma wi\u0119c od kogo si\u0119 uczy\u0107. Nie s\u0105 to wzory eleganckie (przypomnijmy harce dziennika \u201e\u017bycie\u201d, o kt\u00f3rym W.W. nie wspomina), ale skuteczne.<\/p>\n","protected":false},"excerpt":{"rendered":"<p>Kiedy Donald Tusk z\u0142o\u017cy\u0142 W\u0142odzimierzowi Cimoszewiczowi \u201epropozycj\u0119 nie do odrzucenia\u201d (\u017ceby kandydowa\u0142 na stanowisko przewodnicz\u0105cego Rady Europy), napisa\u0142em, \u017ce Cimoszewicz powinien t\u0119 propozycj\u0119 przyj\u0105\u0107, poniewa\u017c lewicy nie zjednoczy, a w Bia\u0142owie\u017cy zginie. Ale co jest dobre dla Cimoszewicza, nie musi by\u0107 dobre dla lewicy.\u00a0 Teraz, kiedy propozycj\u0119 przyj\u0105\u0142, nasuwaj\u0105 si\u0119 dwa pytania \u2013 co ten [&hellip;]<\/p>\n","protected":false},"author":4,"featured_media":0,"comment_status":"open","ping_status":"open","sticky":false,"template":"","format":"standard","meta":{"footnotes":""},"categories":[1],"tags":[],"_links":{"self":[{"href":"https:\/\/blog.polityka.pl\/passent\/wp-json\/wp\/v2\/posts\/549"}],"collection":[{"href":"https:\/\/blog.polityka.pl\/passent\/wp-json\/wp\/v2\/posts"}],"about":[{"href":"https:\/\/blog.polityka.pl\/passent\/wp-json\/wp\/v2\/types\/post"}],"author":[{"embeddable":true,"href":"https:\/\/blog.polityka.pl\/passent\/wp-json\/wp\/v2\/users\/4"}],"replies":[{"embeddable":true,"href":"https:\/\/blog.polityka.pl\/passent\/wp-json\/wp\/v2\/comments?post=549"}],"version-history":[{"count":0,"href":"https:\/\/blog.polityka.pl\/passent\/wp-json\/wp\/v2\/posts\/549\/revisions"}],"wp:attachment":[{"href":"https:\/\/blog.polityka.pl\/passent\/wp-json\/wp\/v2\/media?parent=549"}],"wp:term":[{"taxonomy":"category","embeddable":true,"href":"https:\/\/blog.polityka.pl\/passent\/wp-json\/wp\/v2\/categories?post=549"},{"taxonomy":"post_tag","embeddable":true,"href":"https:\/\/blog.polityka.pl\/passent\/wp-json\/wp\/v2\/tags?post=549"}],"curies":[{"name":"wp","href":"https:\/\/api.w.org\/{rel}","templated":true}]}}