
{"id":5490,"date":"2019-07-09T23:03:00","date_gmt":"2019-07-09T21:03:00","guid":{"rendered":"https:\/\/passent.blog.polityka.pl\/?p=5490"},"modified":"2019-07-10T08:21:28","modified_gmt":"2019-07-10T06:21:28","slug":"dal-nam-przyklad-hubert-hurkacz","status":"publish","type":"post","link":"https:\/\/blog.polityka.pl\/passent\/2019\/07\/09\/dal-nam-przyklad-hubert-hurkacz\/","title":{"rendered":"Da\u0142 nam przyk\u0142ad Hubert Hurkacz"},"content":{"rendered":"<p>\u201eDaremne \u017cale \u2013 pr\u00f3\u017cny trud. Bezsilne z\u0142orzeczenia!\u201d \u2013 kt\u00f3\u017c z nas nie pami\u0119ta tych s\u0142\u00f3w ze szko\u0142y? (Mo\u017ce teraz ich nie ucz\u0105?). W ka\u017cdym razie dobrze oddaj\u0105 nastr\u00f3j panuj\u0105cy w opozycji.<br \/>\n<!--more--><br \/>\nWeteran dziennikarstwa (1939, rok m\u0142odszy ode mnie) Jerzy Surdykowski w felietonie na \u0142amach \u201eRzeczpospolitej\u201d za\u0142amuje r\u0119ce na widok tego, co dzieje si\u0119 z naszym krajem.<\/p>\n<p>\u201eWiemy, jak rz\u0105dz\u0105cy PiS niszczy pa\u0144stwo, jak podporz\u0105dkowa\u0142 sobie Trybuna\u0142 Konstytucyjny, jak krok po kroku zaw\u0142aszcza s\u0105downictwo, jak uczyni\u0142 tub\u0119 propagandow\u0105 z publicznych medi\u00f3w, a pust\u0105 atrap\u0119 ze s\u0142u\u017cby cywilnej. Za niewiele ponad trzy miesi\u0105ce czekaj\u0105 nas decyduj\u0105ce wybory, a tymczasem opozycja nie potrafi podnie\u015b\u0107 si\u0119 z poprzedniej przegranej&#8221; \u2013 pisze Surdykowski.<\/p>\n<p>Autor zapowiada, \u017ce PiS b\u0119dzie manipulowa\u0107 wyborami, zgnoi w kryminale przeciwnik\u00f3w, obsadzi wszystko swoimi przydupasami, ca\u0142\u0105 reszt\u0119 og\u0142upi w propagandowym m\u0142ynie. W konkluzji czytamy: \u201eJe\u015bli PiS wygra jesienne wybory, b\u0119d\u0105 to prawdopodobnie ostatnie wolne wybory w Polsce\u201d.<\/p>\n<p>Talentu i temperamentu autorowi nie brak, ale z jego tekstu przebijaj\u0105 \u201ebezsilne z\u0142orzeczenia\u201d. Jest to dzi\u015b nastr\u00f3j do\u015b\u0107 powszechny w\u015br\u00f3d liberalnej inteligencji. S\u0119dzia Igor Tuleya, znany z odwagi i niezale\u017cno\u015bci, m\u00f3wi dziennikarce, \u017ce wiele wskazuje na to, i\u017c za rok taka rozmowa odb\u0119dzie si\u0119 w zak\u0142adzie karnym. S\u0119dziowie \u2013 m\u00f3wi Tuleya \u2013 w ogromnej wi\u0119kszo\u015bci nie uznaj\u0105 obecnej KRS, nie poddaj\u0105 si\u0119, b\u0119d\u0105 walczy\u0107 do ko\u0144ca.<\/p>\n<p>Czy to jest jednak sprawiedliwe, \u017ceby tylko s\u0119dziowie (i mo\u017ce prokuratorzy) nadstawiali karku? W\u0142adza m\u015bci si\u0119 na prokuratorach, kto si\u0119 wychyli \u2013 dla tego nie ma miejsca w administracji publicznej, wszystko jest ju\u017c wyczyszczone, od Westerplatte po Podkarpacie.<\/p>\n<p>Uczciwym ludziom pozostaje z\u0142orzeczenie, ale tym sposobem wybor\u00f3w si\u0119 nie wygra. Wygl\u0105da na to, \u017ce zwyci\u0119stwo wymyka si\u0119 z r\u0105k, ale nawet je\u017celi tak jest, to wa\u017cne, jak\u0105 r\u00f3\u017cnic\u0105, w jakim stylu si\u0119 przegra.<\/p>\n<p>Bo uzyskany wynik b\u0119dzie rubie\u017c\u0105, z jakiej b\u0119dziemy (a raczej nasi nast\u0119pcy) rusza\u0107 do kolejnej batalii. Bierzmy przyk\u0142ad z m\u0142odego tenisisty Huberta Hurkacza, kt\u00f3ry graj\u0105c z jednym z najlepszych  tenisist\u00f3w na \u015bwiecie Novakiem Djokovicem, przegra\u0142 po pi\u0119knej walce i ma przed sob\u0105 przysz\u0142o\u015b\u0107.<\/p>\n<p><strong>Zaproszenie<\/strong><br \/>\nMarek Ostrowski (autor nowej ksi\u0105\u017cki \u201eFrancuski sen\u201d) i Jaros\u0142aw Guga\u0142a (Polsat) b\u0119d\u0105 naszymi go\u015b\u0107mi w TOK FM w niedziel\u0119 14 lipca (rocznica zburzenia Bastylii) o godz. 10:05.<\/p>\n","protected":false},"excerpt":{"rendered":"<p>Uzyskany wynik b\u0119dzie rubie\u017c\u0105, z jakiej b\u0119dziemy (a raczej nasi nast\u0119pcy) rusza\u0107 do kolejnej batalii.<\/p>\n","protected":false},"author":4,"featured_media":5006,"comment_status":"open","ping_status":"closed","sticky":false,"template":"","format":"standard","meta":{"footnotes":""},"categories":[1],"tags":[],"_links":{"self":[{"href":"https:\/\/blog.polityka.pl\/passent\/wp-json\/wp\/v2\/posts\/5490"}],"collection":[{"href":"https:\/\/blog.polityka.pl\/passent\/wp-json\/wp\/v2\/posts"}],"about":[{"href":"https:\/\/blog.polityka.pl\/passent\/wp-json\/wp\/v2\/types\/post"}],"author":[{"embeddable":true,"href":"https:\/\/blog.polityka.pl\/passent\/wp-json\/wp\/v2\/users\/4"}],"replies":[{"embeddable":true,"href":"https:\/\/blog.polityka.pl\/passent\/wp-json\/wp\/v2\/comments?post=5490"}],"version-history":[{"count":4,"href":"https:\/\/blog.polityka.pl\/passent\/wp-json\/wp\/v2\/posts\/5490\/revisions"}],"predecessor-version":[{"id":5494,"href":"https:\/\/blog.polityka.pl\/passent\/wp-json\/wp\/v2\/posts\/5490\/revisions\/5494"}],"wp:featuredmedia":[{"embeddable":true,"href":"https:\/\/blog.polityka.pl\/passent\/wp-json\/wp\/v2\/media\/5006"}],"wp:attachment":[{"href":"https:\/\/blog.polityka.pl\/passent\/wp-json\/wp\/v2\/media?parent=5490"}],"wp:term":[{"taxonomy":"category","embeddable":true,"href":"https:\/\/blog.polityka.pl\/passent\/wp-json\/wp\/v2\/categories?post=5490"},{"taxonomy":"post_tag","embeddable":true,"href":"https:\/\/blog.polityka.pl\/passent\/wp-json\/wp\/v2\/tags?post=5490"}],"curies":[{"name":"wp","href":"https:\/\/api.w.org\/{rel}","templated":true}]}}