
{"id":5495,"date":"2019-07-11T21:09:37","date_gmt":"2019-07-11T19:09:37","guid":{"rendered":"https:\/\/passent.blog.polityka.pl\/?p=5495"},"modified":"2019-07-12T08:25:29","modified_gmt":"2019-07-12T06:25:29","slug":"nie-bede-zalowal-szydlo","status":"publish","type":"post","link":"https:\/\/blog.polityka.pl\/passent\/2019\/07\/11\/nie-bede-zalowal-szydlo\/","title":{"rendered":"Nie b\u0119d\u0119 \u017ca\u0142owa\u0142 Szyd\u0142o"},"content":{"rendered":"<p>W tegorocznych wyborach do Parlamentu Europejskiego w Polsce Beata Szyd\u0142o uzyska\u0142a imponuj\u0105cy wynik. Ale Europa to nie Polska. Tam licz\u0105 si\u0119 i mocniejsze s\u0105 inne warto\u015bci ni\u017c te, kt\u00f3re bliskie s\u0105 elektoratowi by\u0142ej pani premier w kraju.<br \/>\n<!--more--><br \/>\nBeata Szyd\u0142o sama sobie zgotowa\u0142a ten los. Przegra\u0142a, poniewa\u017c Europa \u2013 od socjalist\u00f3w po chrze\u015bcija\u0144skich demokrat\u00f3w \u2013 ci\u0105gle jeszcze wierzy w niezale\u017cny wymiar sprawiedliwo\u015bci i tr\u00f3jpodzia\u0142 w\u0142adz. W ka\u017cdym razie jego obro\u0144cy ci\u0105gle jeszcze stanowi\u0105 w Parlamencie wi\u0119kszo\u015b\u0107 i maj\u0105 dobr\u0105 pami\u0119\u0107.<\/p>\n<p>Bez wzgl\u0119du na to, jakie by\u0142y rachuby dotycz\u0105ce podzia\u0142u stanowisk w komisjach PE przed wyborami, tajne g\u0142osowanie nie pozostawia w\u0105tpliwo\u015bci. Ob\u00f3z rz\u0105dz\u0105cy w Polsce utrzymuje, \u017ce kandydatura Szyd\u0142o pad\u0142a ofiar\u0105 \u201ezemsty\u201d. Ja bym raczej powiedzia\u0142, \u017ce by\u0142 to rewan\u017c.<\/p>\n<p>Skoro rz\u0105d polski zaanga\u017cowa\u0142 si\u0119 bez reszty (i z powodzeniem) w utr\u0105cenie kandydatury socjalisty, Holendra Fransa Timmermansa, to nie m\u00f3g\u0142 oczekiwa\u0107, \u017ce jego obro\u0144cy wybior\u0105 Beat\u0119 Szyd\u0142o  przewodnicz\u0105c\u0105 jednej z wa\u017cniejszych komisji PE. Albo-albo. Oficjalnie Platforma Obywatelska (Andrzej Halicki) jest \u201ezasmucona\u201d pora\u017ck\u0105 premier Szyd\u0142o, bo polska kandydatka przegra\u0142a. I to przegra\u0142a sama z sob\u0105, gdy\u017c by\u0142a jedyn\u0105 kandydatk\u0105! Wi\u0119kszo\u015b\u0107 nie g\u0142osowa\u0142a na inna osob\u0119, tylko przeciw \u201enaszej Beatce\u201d.<\/p>\n<p>Ale przecie\u017c Parlament Europejski to jest NASZ parlament, politycznie Beata Szyd\u0142o gra\u0142a na w\u0142asnym boisku, u siebie, a nie na wyje\u017adzie, bo jeden jest tylko parlament Unii, do kt\u00f3rej nale\u017cymy. Nie mo\u017cna jednym tchem utrzymywa\u0107, \u017ce \u201eEuropa to my\u201d, a zaraz potem utrzymywa\u0107, \u017ce Europa wygra\u0142a z Polsk\u0105. Albo jeste\u015bmy w Europie i uznajemy wynik g\u0142osowania jako zadowalaj\u0105cy przynajmniej cz\u0119\u015b\u0107 Polak\u00f3w, albo jeste\u015bmy republik\u0105 bananow\u0105 i w \u017cadne tajne g\u0142osowania nie wierzymy.<\/p>\n<p>Fakt, \u017ce PP. Waszczykowski i Czarnecki zostali wybrani na upatrzone (i uzgodnione) stanowiska, \u015bwiadczy o tym, \u017ce zemsty ani odpowiedzialno\u015bci zbiorowej nie by\u0142o. Po prostu Beata Szyd\u0142o i Zbigniew Krasnod\u0119bski na w\u0142asnej sk\u00f3rze odczuli, \u017ce Europa dobrze wie, co si\u0119 u nas wyprawia, a czarne jest czarne. I dobrze, \u017ce \u017cadne wcze\u015bniejsze ustalenia nie s\u0105 w stanie ukry\u0107 prawdy.<\/p>\n<p><strong>Zaproszenie<\/strong><br \/>\nMarek Ostrowski (\u201ePolityka\u201d, autor nowej ksi\u0105\u017cki \u201eFrancuski sen\u201d), dr hab. Agnieszka Cianciara (Instytut Nauk Politycznych PAN) i Jaros\u0142aw Guga\u0142a (Polsat) b\u0119d\u0105 naszymi go\u015b\u0107mi 14 lipca (rocznica obalenia Bastylii!) o godz. 10:05 w Radiu TOK FM.<\/p>\n","protected":false},"excerpt":{"rendered":"<p>I dobrze, \u017ce \u017cadne wcze\u015bniejsze ustalenia nie s\u0105 w stanie ukry\u0107 prawdy.<\/p>\n","protected":false},"author":4,"featured_media":5497,"comment_status":"open","ping_status":"closed","sticky":false,"template":"","format":"standard","meta":{"footnotes":""},"categories":[1],"tags":[],"_links":{"self":[{"href":"https:\/\/blog.polityka.pl\/passent\/wp-json\/wp\/v2\/posts\/5495"}],"collection":[{"href":"https:\/\/blog.polityka.pl\/passent\/wp-json\/wp\/v2\/posts"}],"about":[{"href":"https:\/\/blog.polityka.pl\/passent\/wp-json\/wp\/v2\/types\/post"}],"author":[{"embeddable":true,"href":"https:\/\/blog.polityka.pl\/passent\/wp-json\/wp\/v2\/users\/4"}],"replies":[{"embeddable":true,"href":"https:\/\/blog.polityka.pl\/passent\/wp-json\/wp\/v2\/comments?post=5495"}],"version-history":[{"count":4,"href":"https:\/\/blog.polityka.pl\/passent\/wp-json\/wp\/v2\/posts\/5495\/revisions"}],"predecessor-version":[{"id":5500,"href":"https:\/\/blog.polityka.pl\/passent\/wp-json\/wp\/v2\/posts\/5495\/revisions\/5500"}],"wp:featuredmedia":[{"embeddable":true,"href":"https:\/\/blog.polityka.pl\/passent\/wp-json\/wp\/v2\/media\/5497"}],"wp:attachment":[{"href":"https:\/\/blog.polityka.pl\/passent\/wp-json\/wp\/v2\/media?parent=5495"}],"wp:term":[{"taxonomy":"category","embeddable":true,"href":"https:\/\/blog.polityka.pl\/passent\/wp-json\/wp\/v2\/categories?post=5495"},{"taxonomy":"post_tag","embeddable":true,"href":"https:\/\/blog.polityka.pl\/passent\/wp-json\/wp\/v2\/tags?post=5495"}],"curies":[{"name":"wp","href":"https:\/\/api.w.org\/{rel}","templated":true}]}}