
{"id":55,"date":"2006-06-06T07:29:37","date_gmt":"2006-06-06T05:29:37","guid":{"rendered":"http:\/\/passent.blog.polityka.pl\/?p=55"},"modified":"2006-06-06T09:55:37","modified_gmt":"2006-06-06T07:55:37","slug":"zero-do-kwadratu","status":"publish","type":"post","link":"https:\/\/blog.polityka.pl\/passent\/2006\/06\/06\/zero-do-kwadratu\/","title":{"rendered":"Zero do kwadratu"},"content":{"rendered":"<p>\u201ePan jest zerem\u201d \u2013 powiedzia\u0142 swojego czasu Leszek Miller do Zbigniewa Ziobro (ZZ). Cho\u0107 za Znakiem Zorro nie przepadam, to przyznaj\u0119, \u017ce nie by\u0142o to zbyt eleganckie. A dzi\u015b co si\u0119 dzieje? Zwolennicy\u00a0 nowych porz\u0105dk\u00f3w\u00a0 rzucaj\u0105 Wam w twarz to samo: Jeste\u015bcie zerem! Zerem do kwadratu! Zerem do pot\u0119gi! Jaros\u0142aw Kaczy\u0144ski powiedzia\u0142 na kongresie PiS: \u201eMy si\u0119 odnosimy krytycznie, mo\u017ce nawet bardzo krytycznie do ledwie kilkusetosobowej grupy, kt\u00f3ra znajduje si\u0119 w r\u00f3\u017cnych punktach naszego \u017cycia spo\u0142ecznego, a niekiedy obdarzona jest r\u00f3\u017cnego rodzaju tytu\u0142ami, \u017cyje w zamkni\u0119tym \u015bwiecie, g\u0142\u00f3wnie we w\u0142asnym gronie, i we w\u0142asnym gronie przekonuje si\u0119 o swoich racjach i o dziko\u015bci ca\u0142ej reszty\u201d.<br \/>\nNazajutrz t\u0119 my\u015bl przewodnicz\u0105cego rozwin\u0105\u0142 tw\u00f3rczo jeden z jego entuzjast\u00f3w, historyk Andrzej Nowak (w \u201eDzienniku\u201d, podkre\u015blenia moje \u2013 Pass): \u201eCz\u0119\u015b\u0107 inteligencji, kt\u00f3r\u0105 cechuje BRAK ZDROWEGO ROZS\u0104DKU, UMIARU W KRYTYKOWANIU wsp\u00f3\u0142czesnej rzeczywisto\u015bci pod rz\u0105dami PiS, bardzo wyra\u017anie charakteryzuje tak\u017ce NIECH\u0118\u0106 DO WSP\u00d3LNOTY MY\u015aLENIA Z WI\u0118KSZO\u015aCI\u0104 NASZYCH RODAK\u00d3W. (&#8230;) Ta cz\u0119\u015b\u0107 wsp\u00f3\u0142czesnej inteligencji, krytykowana przez Kaczy\u0144skiego, w du\u017cej mierze ZOSTA\u0141A WYKSZTA\u0141CONA W SZKOLE KONFORMIZMU, jak\u0105 by\u0142 PRL, po prostu KUPIONO J\u0104 MIESZKANIAMI, TYTU\u0141AMI, WYJAZDAMI niedost\u0119pnymi dla milion\u00f3w Polak\u00f3w&#8230;\u201d<br \/>\nJedn\u0105 z ulubionych metod zwalczania krytyk\u00f3w jest mieszanie ich z b\u0142otem. Dobrze to uj\u0105\u0142 Marek Safjan, prezes Trybuna\u0142u Konstytucyjnego, gdy przypomnia\u0142 insynuacje pod adresem cz\u0142onk\u00f3w Trybuna\u0142u: \u201eWyroki wydali s\u0119dziowie wybrani przez SLD (co jest nieprawd\u0105), kt\u00f3rzy byli ministrami w rz\u0105dzie Leszka Millera (co jest nieprawd\u0105), s\u0119dziowie zabiegaj\u0105cy o w\u0142asne dochody w przesz\u0142o\u015bci (chodzi\u0142o wpis na list\u0119 adwokat\u00f3w \u2013 co jest absurdem), s\u0119dziowie oportunistyczni politycznie (co jest nieprawd\u0105) etc.\u201d<br \/>\nDrodzy Internauci, czy rozumiecie, \u017ce jeste\u015bcie zerem, obdarzonym r\u00f3\u017cnego rodzaju tytu\u0142ami, \u017cyjecie w zamkni\u0119tym \u015bwiecie, brak wam (przez ma\u0142e \u201ew\u201d) zdrowego rozs\u0105dku, jeste\u015bcie wykszta\u0142ceni w szkole konformizmu, kupieni mieszkaniami, tytu\u0142ami, wyjazdami ?! Jeste\u015bcie skorumpowanym, zniewolonym, zdeprawowanym zerem, poniewa\u017c macie czelno\u015b\u0107 my\u015ble\u0107 inaczej ni\u017c oni. A swoj\u0105 drog\u0105, jaka to jest zniewaga wobec tych krytyk\u00f3w PiS i IV RP, kt\u00f3rzy w PRL dzia\u0142ali w podziemiu, siedzieli w wi\u0119zieniach i walczyli o woln\u0105 Polsk\u0119.<\/p>\n","protected":false},"excerpt":{"rendered":"<p>\u201ePan jest zerem\u201d \u2013 powiedzia\u0142 swojego czasu Leszek Miller do Zbigniewa Ziobro (ZZ). Cho\u0107 za Znakiem Zorro nie przepadam, to przyznaj\u0119, \u017ce nie by\u0142o to zbyt eleganckie. A dzi\u015b co si\u0119 dzieje? Zwolennicy\u00a0 nowych porz\u0105dk\u00f3w\u00a0 rzucaj\u0105 Wam w twarz to samo: Jeste\u015bcie zerem! Zerem do kwadratu! Zerem do pot\u0119gi! Jaros\u0142aw Kaczy\u0144ski powiedzia\u0142 na kongresie PiS: [&hellip;]<\/p>\n","protected":false},"author":4,"featured_media":0,"comment_status":"open","ping_status":"open","sticky":false,"template":"","format":"standard","meta":{"footnotes":""},"categories":[1],"tags":[],"_links":{"self":[{"href":"https:\/\/blog.polityka.pl\/passent\/wp-json\/wp\/v2\/posts\/55"}],"collection":[{"href":"https:\/\/blog.polityka.pl\/passent\/wp-json\/wp\/v2\/posts"}],"about":[{"href":"https:\/\/blog.polityka.pl\/passent\/wp-json\/wp\/v2\/types\/post"}],"author":[{"embeddable":true,"href":"https:\/\/blog.polityka.pl\/passent\/wp-json\/wp\/v2\/users\/4"}],"replies":[{"embeddable":true,"href":"https:\/\/blog.polityka.pl\/passent\/wp-json\/wp\/v2\/comments?post=55"}],"version-history":[{"count":0,"href":"https:\/\/blog.polityka.pl\/passent\/wp-json\/wp\/v2\/posts\/55\/revisions"}],"wp:attachment":[{"href":"https:\/\/blog.polityka.pl\/passent\/wp-json\/wp\/v2\/media?parent=55"}],"wp:term":[{"taxonomy":"category","embeddable":true,"href":"https:\/\/blog.polityka.pl\/passent\/wp-json\/wp\/v2\/categories?post=55"},{"taxonomy":"post_tag","embeddable":true,"href":"https:\/\/blog.polityka.pl\/passent\/wp-json\/wp\/v2\/tags?post=55"}],"curies":[{"name":"wp","href":"https:\/\/api.w.org\/{rel}","templated":true}]}}